{"id":907,"date":"2014-12-14T15:04:26","date_gmt":"2014-12-14T14:04:26","guid":{"rendered":"http:\/\/lelaboratoireanarchiste.noblogs.org\/?p=907"},"modified":"2014-12-20T17:22:43","modified_gmt":"2014-12-20T16:22:43","slug":"la-revolte-des-smartphones","status":"publish","type":"post","link":"https:\/\/lelaboratoireanarchiste.noblogs.org\/?p=907","title":{"rendered":"La r\u00e9volte des smartphones"},"content":{"rendered":"<div class=\"chapo\">\n<p>Apr\u00e8s une conversation qui a eu lieu lors de la<a title=\"Durance \/ Sud-Est : Samedi 13 d\u00e9cembre 2014 \u00e0 Embrun, Manifestation contre la THT, le nucl\u00e9aire et son monde \" href=\"http:\/\/stoptht.free.fr\/spip.php?page=article&amp;id_article=459\"> manifestation d&rsquo;Embrun\u00a0 <\/a>du\u00a0 13\/12\/2014.\u00a0 La population d&rsquo;Embrun a vu 280 personnes d\u00e9filer dans les rues d&rsquo;Embrun. Quelques associations citoyennes ont voulu r\u00e9cuperer cette manifestation mais l&rsquo;ensemble des participants \u00e9taient plus proches du collectif d&rsquo;appel pour le 13 d\u00e9cembre.\u00a0 Le Dauphin\u00e9 lib\u00e9r\u00e9 des Haute Alpes comme \u00e0 son habitude n&rsquo;a retenuque\u00a0 les propos des adorateurs de l&rsquo;\u00e9tat.<\/p>\n<p><img loading=\"lazy\" decoding=\"async\" src=\"http:\/\/finimondo.org\/sites\/default\/files\/9ee27c16493ab77e0cfe24e15b2c76209bdf21a3_m.jpg\" alt=\"\" width=\"151\" height=\"200\" \/><\/p>\n<p>repris sur<a title=\"Padoue (Italie) : La r\u00e9volte des smartphones\" href=\"http:\/\/www.non-fides.fr\/?Padoue-Italie-La-revolte-des\"> non fides<\/a><\/p>\n<p><strong>La naissance de l\u2019\u00e9ni\u00e8me vague de contestation remonte \u00e0 il y a peu (fin octobre). Cette fois, celle qui a \u00e9t\u00e9 touch\u00e9e par la rage de la soci\u00e9t\u00e9 civile a \u00e9t\u00e9 la Hongrie, dirig\u00e9e par le conservateur Orban, dont le gouvernement a \u00e9t\u00e9 le protagoniste de politiques r\u00e9actionnaires et x\u00e9nophobe dans son propre pays. Ce qui a exasp\u00e9r\u00e9 des dizaines de milliers de personnes a \u00e9t\u00e9 le choix des autorit\u00e9s d\u2019augmenter les prix de la navigation sur internet.<\/strong><\/p>\n<\/div>\n<p><small>\u00a0<\/small>Ce sur quoi nous voulons r\u00e9fl\u00e9chir principalement, ce ne sont pas les raisons de cette contestation, mais une des pratiques utilis\u00e9es par les manifestants. Sur les photos repr\u00e9sentant la foule dans les rues de Budapest, on pouvait remarquer l\u2019\u00e9mergence d\u2019une nouvelle forme de contestation\u00a0: allumer simultan\u00e9ment de milliers de smartphones et t\u00e9l\u00e9phones portables comme acte symbolique contre la mesure du gouvernement. Voil\u00e0 donc l\u2019\u00e9ni\u00e8me \u00e9volution de la contestation 2.0\u00a0!<br class=\"autobr\" \/> Mais il y a un aspect vraiment int\u00e9ressant dans tout cela\u00a0: ces manifestations prennent la forme d\u2019une \u00ab\u00a0lutte\u00a0\u00bb pour demander plus d\u2019ali\u00e9nation plut\u00f4t que pour viser une lib\u00e9ration de la domination technologique, qui r\u00e9v\u00e8le ici une fois de plus son visage totalisant, annihilant tout d\u00e9sir humain qui n\u2019entend pas se soumettre \u00e0 la dictature du virtuel. Les opposants \u00e0 cette nouvelle mesure du gouvernement hongrois sont visiblement parmi ces sujets pr\u00eats \u00e0 livrer bataille seulement pour justifier et renforcer tout le m\u00e9canisme de domination techno-industrielle \u2013 producteur de mis\u00e8re, de d\u00e9vastation, de domestication du vivant \u2013 et non pas pour le critiquer et l\u2019attaquer.<\/p>\n<div class=\"texte\">\n<p>D\u00e9sormais, beaucoup de mobilisations de masse sont caract\u00e9ris\u00e9es par l\u2019intention de la part de leurs participants de les cr\u00e9er et\/ou de les diffuser par les moyens mis \u00e0 disposition par le progr\u00e8s technologique. Le r\u00f4le des m\u00e9dias traditionnels contribue \u00e0 tout cela, ceux-ci ayant par exemple vendu les \u00ab\u00a0printemps arabes\u00a0\u00bb comme des r\u00e9volutions \u00ab\u00a0des r\u00e9seaux sociaux\u00a0\u00bb, gonflant le r\u00f4le de ceux-ci dans la diffusion et la propagation des r\u00e9voltes, les pr\u00e9sentant comme cr\u00e9\u00e9es et favoris\u00e9es par l\u2019interaction de milliers de personnes sur des places virtuelles. \u00c0 la grande foule des activistes hi-tech se sont aujourd\u2019hui ajout\u00e9s les manifestants hongrois, qui protestent arm\u00e9s de leurs proth\u00e8ses technologiques. La navigation sur internet endosse donc les caract\u00e9ristiques d\u2019un besoin primaire, tout comme la pr\u00e9sence d\u2019une personne parmi les inscrits sur Facebook ou Twitter, facteur incontournable et indispensable pour sa propre existence. C\u2019est le triomphe d\u2019une nouvelle forme d\u2019activisme\u00a0: spectaculaire et superficiel, toujours pr\u00eat \u00e0 immortaliser avec son t\u00e9l\u00e9phone ou sa cam\u00e9ra des moments d\u2019affrontement dans la rue, \u00e0 saisir le moment o\u00f9 la pierre est lanc\u00e9e contre le flic et \u00e0 filmer l\u2019\u00e9ni\u00e8me abus des keufs\u00a0; par contre maintenant elle est en premi\u00e8re ligne pour contester une mesure qui limite l\u2019acc\u00e8s \u00e0 internet, montrant au puissant de service sa \u00ab\u00a0dangerosit\u00e9\u00a0\u00bb par l\u2019exhibition de son dernier bibelot hi-tech. Il n\u2019y a rien d\u2019attrayant dans cette mise en sc\u00e8ne. Au contraire, elle est l\u2019\u00e9ni\u00e8me preuve du fait que la contestation prend de plus en plus souvent des caract\u00e9ristiques clownesques et caricaturales, tronqu\u00e9e de sa charge spontan\u00e9e et potentiellement destructrice, canalis\u00e9e dans des formes tapageuses et \u00e9ph\u00e9m\u00e8res.<\/p>\n<p>Le lien entre la guerre contre l\u2019existant et les dispositifs technologiques ne produit des effets positifs que pour le pouvoir, s\u00fbrement pas pour ceux qui se r\u00e9voltent. Quelles sont les origines des cam\u00e9ras de vid\u00e9osurveillance, industries, bio et nanotechnologies, ordinateurs, portables, GPS et tant d\u2019autres diableries\u00a0? Quels int\u00e9r\u00eats servent-elles, quelles dynamiques sont-elles par leur nature destin\u00e9es \u00e0 reproduire et avec quels effets\u00a0? Nous sommes de ceux qui n\u2019\u00e9changeraient pas la moindre \u00e9motion et spontan\u00e9it\u00e9 contre plus de technologie, qui n\u2019implique en r\u00e9alit\u00e9 qu\u2019ali\u00e9nation et contr\u00f4le. Il n\u2019y a pas une bonne et une mauvaise technologie, mais des instruments n\u00e9s dans un cadre et des circonstances d\u00e9termin\u00e9s et qui r\u00e9pondent \u00e0 une mentalit\u00e9 militariste, exploiteuse, anthropocentrique.<br class=\"autobr\" \/> C\u2019est donc aux ennemis de la technologie (et de ses fid\u00e8les adeptes) de d\u00e9masquer sa vraie nature et d\u2019en finir avec cet ordre n\u00e9crophile.<\/p>\n<p><i> <strong>Quelques ennemis du techno-monde<\/strong> <\/i><\/p>\n<p><i>tract distribu\u00e9 \u00e0 Padoue, 1\/12\/2014<br class=\"autobr\" \/> malacoda@distruzione.org<\/i><\/p>\n<p><small><span style=\"font-family: times new roman;font-size: medium\"><i>[Traduit de l\u2019italien par nos soins de<a title=\"La rivolta degli smartphone\" href=\"http:\/\/finimondo.org\/node\/1518\"> Finimondo<\/a>.]<\/i><\/span><\/small><\/p>\n<\/div>\n<p>&nbsp;<\/p>\n","protected":false},"excerpt":{"rendered":"<p>Apr\u00e8s une conversation qui a eu lieu lors de la manifestation d&rsquo;Embrun\u00a0 du\u00a0 13\/12\/2014.\u00a0 La population d&rsquo;Embrun a vu 280 personnes d\u00e9filer dans les rues d&rsquo;Embrun. Quelques associations citoyennes ont voulu r\u00e9cuperer cette manifestation mais l&rsquo;ensemble des participants \u00e9taient plus proches du collectif d&rsquo;appel pour le 13 d\u00e9cembre.\u00a0 Le Dauphin\u00e9 lib\u00e9r\u00e9 des Haute Alpes comme [&hellip;]<\/p>\n","protected":false},"author":7964,"featured_media":0,"comment_status":"closed","ping_status":"closed","sticky":false,"template":"","format":"standard","meta":{"footnotes":""},"categories":[1],"tags":[],"class_list":["post-907","post","type-post","status-publish","format-standard","hentry","category-general"],"_links":{"self":[{"href":"https:\/\/lelaboratoireanarchiste.noblogs.org\/index.php?rest_route=\/wp\/v2\/posts\/907","targetHints":{"allow":["GET"]}}],"collection":[{"href":"https:\/\/lelaboratoireanarchiste.noblogs.org\/index.php?rest_route=\/wp\/v2\/posts"}],"about":[{"href":"https:\/\/lelaboratoireanarchiste.noblogs.org\/index.php?rest_route=\/wp\/v2\/types\/post"}],"author":[{"embeddable":true,"href":"https:\/\/lelaboratoireanarchiste.noblogs.org\/index.php?rest_route=\/wp\/v2\/users\/7964"}],"replies":[{"embeddable":true,"href":"https:\/\/lelaboratoireanarchiste.noblogs.org\/index.php?rest_route=%2Fwp%2Fv2%2Fcomments&post=907"}],"version-history":[{"count":8,"href":"https:\/\/lelaboratoireanarchiste.noblogs.org\/index.php?rest_route=\/wp\/v2\/posts\/907\/revisions"}],"predecessor-version":[{"id":974,"href":"https:\/\/lelaboratoireanarchiste.noblogs.org\/index.php?rest_route=\/wp\/v2\/posts\/907\/revisions\/974"}],"wp:attachment":[{"href":"https:\/\/lelaboratoireanarchiste.noblogs.org\/index.php?rest_route=%2Fwp%2Fv2%2Fmedia&parent=907"}],"wp:term":[{"taxonomy":"category","embeddable":true,"href":"https:\/\/lelaboratoireanarchiste.noblogs.org\/index.php?rest_route=%2Fwp%2Fv2%2Fcategories&post=907"},{"taxonomy":"post_tag","embeddable":true,"href":"https:\/\/lelaboratoireanarchiste.noblogs.org\/index.php?rest_route=%2Fwp%2Fv2%2Ftags&post=907"}],"curies":[{"name":"wp","href":"https:\/\/api.w.org\/{rel}","templated":true}]}}