{"id":900,"date":"2014-12-12T21:52:28","date_gmt":"2014-12-12T20:52:28","guid":{"rendered":"http:\/\/lelaboratoireanarchiste.noblogs.org\/?p=900"},"modified":"2014-12-12T21:59:20","modified_gmt":"2014-12-12T20:59:20","slug":"pendant-le-salon-international-du-nucleaire-a-paris-certain-e-s-sactivent-a-mouvementer-le-train-train-quotidien","status":"publish","type":"post","link":"https:\/\/lelaboratoireanarchiste.noblogs.org\/?p=900","title":{"rendered":"Pendant le salon international du nucl\u00e9aire \u00e0 Paris, certain.e.s s\u2019activent \u00e0 mouvementer le train-train quotidien"},"content":{"rendered":"<p>repris du <a title=\"Pendant le salon international du nucl\u00e9aire \u00e0 Paris, certain.e.s s\u2019activent \u00e0 mouvementer le train-train quotidien\" href=\"http:\/\/sous-la-cendre.info\/2839\/pendant-le-world-nuclear-exhibition-2014\">site sous la cendre<\/a><\/p>\n<div class=\"suf-mag-excerpt-image suf-tile-topmost\"><a class=\"fix\" href=\"http:\/\/sous-la-cendre.info\/2839\/pendant-le-world-nuclear-exhibition-2014\"><img decoding=\"async\" src=\"http:\/\/i0.wp.com\/sous-la-cendre.info\/wp-content\/uploads\/2014\/12\/10257943.png?resize=280%2C150\" alt=\"Pendant le World Nuclear Exhibition - 2014.\" \/><\/a><\/div>\n<h2 class=\"suf-mag-excerpt-title  center\"><strong><span style=\"color: #000000\"><a class=\"entry-title\" style=\"color: #000000\" href=\"http:\/\/sous-la-cendre.info\/2839\/pendant-le-world-nuclear-exhibition-2014\" rel=\"bookmark\">Pendant le World Nuclear Exhibition \u2013 2014.<\/a><\/span><\/strong><\/h2>\n<article id=\"post-18\" class=\"post-18 post type-post status-publish format-standard hentry category-general\">\n<header class=\"entry-header\">\n<h2 class=\"entry-title\"><a title=\"Permalink to Le nucl\u00e9aire, \u00e7a fume \u00e9norm\u00e9ment\" href=\"https:\/\/worldnuclearexplosion.noblogs.org\/post\/2014\/10\/19\/le-nucleaire-ca-fume-enormement\/\" rel=\"bookmark\">Le nucl\u00e9aire, \u00e7a fume \u00e9norm\u00e9ment<\/a><\/h2>\n<\/header>\n<div class=\"entry-content\">\n<p>Pour un \u00e9v\u00e9nement de l\u2019ampleur du Salon international du Nucl\u00e9aire, ou WNE, il est profond\u00e9ment \u00e9tonnant que les m\u00e9dias n\u2019aient pas davantage pris \u00e0 c\u0153ur d\u2019informer de cet \u00e9v\u00e9nement, dont se sont par ailleurs tant vant\u00e9s les pontes du nucl\u00e9aire fran\u00e7ais.<\/p>\n<p>Nous nous sommes donc donn\u00e9s pour t\u00e2che de palier \u00e0 ce manque en attirant l\u2019attention des voyageurs du train Paris-Cherbourg du vendredi 17 octobre. En effet, ils avaient pour voisins de cabine d\u2019ind\u00e9sirables futurs acheteurs potentiels de centrales nucl\u00e9aires venus du monde entier au WNE, qui \u00e9taient sur le trajet retour de leur visite touristique des sites de Flamanville et de La Hague. Vers 19h30, peu avant l\u2019escale \u00e0 Caen, boum-boum-boum, psch-psch-psch, des p\u00e9tards de voie, une \u00e9paisse fum\u00e9e dans une armoire \u00e9lectrique, un message sous un pont : NUKE OFF !<\/p>\n<p>C\u2019est quand des visiteurs de centrales se m\u00ealent aux vacanciers et que leur trajet est perturb\u00e9 que le travail de dissociation entrepris par les m\u00e9dia entre \u00e9lite d\u2019experts et information du public est en quelque sorte un peu battu en br\u00e8che.<\/p>\n<p>En compensation de la g\u00eane occasionn\u00e9e pour les voyageurs (bien que regrettable un soir de d\u00e9part en vacances) leur a \u00e9t\u00e9 donn\u00e9 un temps \u2013 si rarement aussi g\u00e9n\u00e9reusement offert \u2013 de r\u00e9flexion et de constat, pour se rendre compte que le nucl\u00e9aire ne passe pas comme une lettre \u00e0 la poste.<\/p>\n<p>La pr\u00e9sence polici\u00e8re en gare est loin de brider notre d\u00e9termination qui trouve sur les voies ferr\u00e9es des br\u00e8ches dans leur dispositif, l\u00e0 o\u00f9 on ne nous attend pas.<\/p>\n<p>Un message pour les pr\u00e9tendants aux produits d\u2019excellence fran\u00e7ais : si vous vous engagez dans le nucl\u00e9aire, attendez-vous \u00e0 de la r\u00e9sistance. Edf ne vous pr\u00e9viendra pas que le pack \u00ab EPR \u00bb n\u00e9cessite l\u2019extension \u00ab Maintien de l\u2019ordre \u00bb et le budget qui va avec. Autant s\u2019en passer.<\/p>\n<p align=\"RIGHT\">Les petites mains gant\u00e9es du Marais de Carentan<\/p>\n<\/div>\n<\/article>\n<article id=\"post-16\" class=\"post-16 post type-post status-publish format-standard hentry category-general\">\n<header class=\"entry-header\">\n<h2 class=\"entry-title\"><a title=\"Permalink to Odorante participation\" href=\"https:\/\/worldnuclearexplosion.noblogs.org\/post\/2014\/10\/19\/odorante-participation\/\" rel=\"bookmark\">Odorante participation<\/a><\/h2>\n<\/header>\n<div class=\"entry-content\">\n<p>Vendredi 17 octobre au matin, en gare de Caen<\/p>\n<p>Quelques personnes se sont invit\u00e9es dans le train des nucl\u00e9ophiles, le temps d\u2019une modeste mais odorante participation \u00e0 la taquinerie g\u00e9n\u00e9rale de cette journ\u00e9e visite promotionnelle des sites nucl\u00e9aires fran\u00e7ais. A l\u2019arr\u00eat en gare de Caen, une fois rep\u00e9r\u00e9 le wagon abritant les visiteurs des sites du Cotentin, plusieurs boules puantes ont \u00e9t\u00e9 l\u00e2ch\u00e9es afin d\u2019accompagner leur voyage dans les meilleurs conditions.<\/p>\n<p><a href=\"http:\/\/i1.wp.com\/worldnuclearexplosion.noblogs.org\/files\/2014\/10\/stinkbomb.jpg\"><img loading=\"lazy\" decoding=\"async\" class=\"alignnone size-medium wp-image-56\" src=\"http:\/\/i2.wp.com\/worldnuclearexplosion.noblogs.org\/files\/2014\/10\/stinkbomb-300x300.jpg?resize=300%2C300\" alt=\"stinkbomb\" width=\"300\" height=\"300\" \/><\/a><\/p>\n<\/div>\n<\/article>\n<article id=\"post-14\" class=\"post-14 post type-post status-publish format-standard hentry category-general\">\n<header class=\"entry-header\">\n<h2 class=\"entry-title\"><a title=\"Permalink to P\u00e9tards sur les voies, \u00e7a tremble dans les wagons !\" href=\"https:\/\/worldnuclearexplosion.noblogs.org\/post\/2014\/10\/19\/petards-sur-les-voies-ca-tremble-dans-les-wagons\/\" rel=\"bookmark\">P\u00e9tards sur les voies, \u00e7a tremble dans les wagons !<\/a><\/h2>\n<\/header>\n<div class=\"entry-content\">\n<p><b>Vendredi 17 octobre 2014, 9h<\/b><\/p>\n<p>A la sortie de Caen, des signaux d\u2019arr\u00eats d\u2019urgence pos\u00e9s sur les rails ont \u00e9t\u00e9 d\u00e9clench\u00e9s par le passage du train Paris-Cherbourg afin de perturber la visite des nucl\u00e9ocrates internationaux venus du salon du Bourget, \u00e0 Paris. Non, les sites nucl\u00e9aires ne sont pas des sites touristiques comme les autres o\u00f9 les businessmen de tous les pays peuvent se retrouver ! Qu\u2019ils s\u2019attendent \u00e0 nous trouver sur leur chemin que ce soit \u00e0 la signature des contrats, lors des enqu\u00eates publiques ou des chantiers en cours.<\/p>\n<p>Si Areva veut se donner les moyens de vendre \u00e0 l\u2019international ses machines de mort, qu\u2019elle explique aussi \u00e0 ses nouveaux clients que le nucl\u00e9aire s\u2019accompagne d\u2019une r\u00e9sistance importante de la part des populations.<\/p>\n<p>Ni d\u00e9chets nucl\u00e9aires, ni nucl\u00e9ocrates\u00a0sur les rails ! Stoppons le train-train quotidien du nucl\u00e9aire\u00a0!<\/p>\n<\/div>\n<\/article>\n<article id=\"post-11\" class=\"post-11 post type-post status-publish format-standard hentry category-general\">\n<header class=\"entry-header\">\n<h2 class=\"entry-title\"><a title=\"Permalink to Ouest-France collabore\" href=\"https:\/\/worldnuclearexplosion.noblogs.org\/post\/2014\/10\/19\/ouest-france-collabore\/\" rel=\"bookmark\">Ouest-France collabore<\/a><\/h2>\n<\/header>\n<div class=\"entry-content\">\n<p><b>Jeudi 16 octobre\u00a02014, au petit matin:<\/b> \u00e9changes de manchettes <i>Ouest<\/i>-France dans les tabac-presse de Rennes et Caen.<\/p>\n<p>&nbsp;<\/p>\n<p><a href=\"http:\/\/i1.wp.com\/worldnuclearexplosion.noblogs.org\/files\/2014\/10\/rennes-2.jpg\"><img loading=\"lazy\" decoding=\"async\" class=\"alignleft wp-image-12 size-medium\" src=\"http:\/\/i1.wp.com\/worldnuclearexplosion.noblogs.org\/files\/2014\/10\/rennes-2-225x300.jpg?resize=225%2C300\" alt=\"rennes-2\" width=\"225\" height=\"300\" \/><\/a><\/p>\n<p>&nbsp;<\/p>\n<p>&nbsp;<\/p>\n<p>&nbsp;<\/p>\n<p>&nbsp;<\/p>\n<p>&nbsp;<\/p>\n<p>&nbsp;<\/p>\n<p>&nbsp;<\/p>\n<p>&nbsp;<\/p>\n<p>&nbsp;<\/p>\n<p>&nbsp;<\/p>\n<p>Pour cibler Ouest-France et sa collaboration avec la police dans la r\u00e9pression des luttes\u00a0lorsqu\u2019ils refilent des photos qui envoient les accus\u00e9-e-s en zonz.<\/p>\n<p>Pour informer la population de la tenue \u00e0 Paris du WNE, le Salon international de promotion du nucl\u00e9aire.<\/p>\n<p>Pour mettre en parall\u00e8le cet \u00e9v\u00e9nement cens\u00e9 faire r\u00eaver tout industriel ou \u00e9lus \u00e0 la puissance de l\u2019atome, et le danger que repr\u00e9sentent les centrales nucl\u00e9aires normandes comme celles d\u2019ailleurs.<\/p>\n<p>Pour susciter l\u2019interrogation des passant-e-s sur de potentiels titres de presse.<\/p>\n<\/div>\n<\/article>\n<article id=\"post-8\" class=\"post-8 post type-post status-publish format-standard hentry category-general\">\n<header class=\"entry-header\">\n<h2 class=\"entry-title\"><\/h2>\n<h2 class=\"entry-title\"><\/h2>\n<h2 class=\"entry-title\"><a title=\"Permalink to Manchettes manchottes\" href=\"https:\/\/worldnuclearexplosion.noblogs.org\/post\/2014\/10\/19\/manchettes-manchottes\/\" rel=\"bookmark\">Manchettes manchottes<\/a><\/h2>\n<\/header>\n<div class=\"entry-content\">\n<p>Il semblerait bien que le Ouest-France de ce lundi 13 octobre avait pris une certaine libert\u00e9 de ton, c\u2019est en tout cas ce que laissent penser les manchettes visibles aujourd\u2019hui \u00e0 diverses Maisons de la Presse et autres lieux de vente du fleuron de la Presse quotidienne r\u00e9gionale.<\/p>\n<p>C\u2019est que vient de d\u00e9buter au Bourget, \u00e0 c\u00f4t\u00e9 de Paris, le Salon international du nucl\u00e9aire, o\u00f9 les nucl\u00e9ocrates fran\u00e7ais comptent bien vendre des EPR comme des petits pains.<\/p>\n<p>&nbsp;<\/p>\n<p>&nbsp;<\/p>\n<p>&nbsp;<\/p>\n<p>&nbsp;<\/p>\n<p>&nbsp;<\/p>\n<p><a href=\"http:\/\/i1.wp.com\/worldnuclearexplosion.noblogs.org\/files\/2014\/10\/13octobre2014-manchette-Ouest-France-1.jpg\"><img loading=\"lazy\" decoding=\"async\" class=\"wp-image-9 size-large alignnone\" src=\"http:\/\/i0.wp.com\/worldnuclearexplosion.noblogs.org\/files\/2014\/10\/13octobre2014-manchette-Ouest-France-1-768x1024.jpg?resize=625%2C833\" alt=\"13octobre2014 manchette Ouest-France 1\" width=\"533\" height=\"711\" \/><\/a><\/p>\n<p>&nbsp;<\/p>\n<\/div>\n<\/article>\n<header class=\"entry-header\">\n<h2 class=\"entry-title\"><a title=\"Permalink to Nuclear World Extinction !\" href=\"https:\/\/worldnuclearexplosion.noblogs.org\/post\/2014\/10\/19\/nuclear-world-extinction\/\" rel=\"bookmark\">Nuclear World Extinction !<\/a><\/h2>\n<\/header>\n<div class=\"entry-content\">\n<blockquote><p>\u00ab\u00a0Le d\u00e9veloppement forcen\u00e9 actuel de l\u2019\u00e9nergie nucl\u00e9aire est un choix irr\u00e9versible que le capitalisme nous impose. De par son fonctionnement, sa nature, l\u2019\u00e9nergie nucl\u00e9aire est la caricature d\u2019un univers hi\u00e9rarchis\u00e9, technocratis\u00e9, militaris\u00e9, o\u00f9 nous n\u2019intervenons en rien. L\u2019\u00c9tat ne respecte m\u00eame plus sa propre l\u00e9galit\u00e9 pour la construction des centrales nucl\u00e9aires, l\u2019ouverture des mines d\u2019uranium, l\u2019extension des usines de retraitement des d\u00e9chets, etc.<br \/>\nLe choix de l\u2019\u00e9nergie nucl\u00e9aire, de par la concentration des moyens \u00e9conomiques, technologiques, humains, est l\u2019occasion r\u00eav\u00e9e pour le capitalisme de p\u00e9renniser sa domination sur nos vies. Une centrale nucl\u00e9aire, une fois construite, ne peut \u00eatre d\u00e9truite avant 20 ans. C\u2019est ici qu\u2019un moratoire limit\u00e9 appara\u00eet clairement comme d\u00e9magogique. La valse h\u00e9sitation du PS est bien dans la lign\u00e9e r\u00e9cup\u00e9ratrice, d\u00e9magogique, de ce parti attrape-tout. Refuser l\u2019\u00e9nergie nucl\u00e9aire serait remettre en cause radicalement le capitalisme, ce qui fait sourire quand on voit la bousculade des cadres socialistes, dans la d\u00e9bandade forcen\u00e9e de leur app\u00e9tit de pouvoir. Ne nous trompons pas\u00a0: nous aurons une bombe \u00e0 gauche, une \u00e9nergie nucl\u00e9aire \u00e0 gauche, avec des flics de gauche et des enterrements d\u00e9mocratiques. Quant au PC, avec ses vues totalitaires et bureaucratiques, il ne peut que cautionner le d\u00e9veloppement d\u2019une \u00e9nergie nucl\u00e9aire, dont il aurait le contr\u00f4le.<\/p>\n<p>&nbsp;<\/p>\n<p>Par ailleurs, le d\u00e9veloppement actuel des recherches sur l\u2019\u00e9nergie solaire, s\u2019orientant vers de grosses unit\u00e9s de production, montrent que l\u2019int\u00e9r\u00eat du capital r\u00e9side dans la concentration de l\u2019\u00e9nergie,pour garder le contr\u00f4le de sa redistribution. La lutte contre le d\u00e9veloppement de l\u2019\u00e9nergie nucl\u00e9aire ne peut se cantonner dans l\u2019opposition l\u00e9galistes des partis et syndicats. De m\u00eame, il est \u00e9vident que les manifestations antinucl\u00e9aires et \u00e9cologiques ont r\u00e9v\u00e9l\u00e9 l\u2019existence d\u2019une contestation profonde de cette soci\u00e9t\u00e9, sur les bases d\u2019un refus de tout centralisme, toute hi\u00e9rarchie, contre le travail salari\u00e9 et la consommation \u00e0 outrance, ces rassemblements ne peuvent suffire \u00e0 stopper le pouvoir.<\/p>\n<p>&nbsp;<\/p>\n<p>Il est indispensable d\u2019intensifier les actions de sabotage qui touchent directement le pouvoir dans ses int\u00e9r\u00eats \u00e9conomiques et permettent de retarder, voire de stopper la construction des centrales, mines, usines li\u00e9es au nucl\u00e9aire. Quoiqu\u2019il en soit, le nucl\u00e9aire n\u2019est qu\u2019un des aspects les plus apparents de l\u2019exploitation g\u00e9n\u00e9ralis\u00e9e du capitalisme qui ne peut \u00eatre mis en \u00e9chec que par l\u2019auto-organisation des individus et par la prise en main de tous les aspects de notre vie quotidienne.\u00a0\u00bb<\/p>\n<p>&nbsp;<\/p>\n<p>Communiqu\u00e9 du <acronym title=\"1\"><span class=\"caps\">CARLOS (1)<\/span><\/acronym> revendiquant les interventions de la nuit bleue antinucl\u00e9aire du 19 au 20 novembre 1977<br \/>\n(1) Coordination Autonome des R\u00e9volt\u00e9s en Lutte Ouverte contre la Soci\u00e9t\u00e9<\/p><\/blockquote>\n<p>&nbsp;<\/p>\n<p>D\u2019apr\u00e8s vous, quel \u00e2ge a ce texte ?? Et bien il a 37 ans\u2026 Incroyable non ? Il a \u00e0 peine vieilli d\u2019un iota.<\/p>\n<p>Si nous reprenons ce communiqu\u00e9 aujourd\u2019hui, c\u2019est qu\u2019il r\u00e9sonne \u00e0 nos oreilles et s\u2019accorde \u00e0 nos \u00ab r\u00e9flexions \u00bb. 37 ans nous s\u00e9parent, et nous r\u00e9alisons qu\u2019il aurait pu sortir de nos plumes. En 2014, le nucl\u00e9aire, qu\u2019il soit militaire, civil ou m\u00e9dical, comme les autres choix technologiques de la soci\u00e9t\u00e9 industrielle capitaliste, d\u00e9termine toujours plus nos vies. Son d\u00e9veloppement a explos\u00e9 (boum), des milliers de fois avec les tirs en Alg\u00e9rie, dans le Pacifique et ailleurs, \u00e0 Tchernobyl en 1986 et \u00e0 Fukushima en 2011, sans compter les tr\u00e8s nombreux et r\u00e9guliers \u00ab incidents \u00bb, laissant ces d\u00e9ch\u00eats radioactifs s\u2019entasser, dette et prison \u00e9ternelles \u00e0 l\u2019\u00e9chelle de la vie humaine.<\/p>\n<p>&nbsp;<\/p>\n<p>En parall\u00e8le, les gouvernements successifs ont absorb\u00e9 la plus grande partie de la contestation dans les institutions : par le biais des processus de consultation, de cogestion et d\u2019expertise. Les nucl\u00e9ocrates ont repris les arguments \u00e9cologistes, int\u00e9gr\u00e9 la construction de nouvelles centrales dans la lutte contre le changement climatique. En lien avec eux, se d\u00e9veloppent les technologies du contr\u00f4le (compteurs communiquant d\u2019\u00e9lectricit\u00e9 \u00ab\u00a0Linky\u00a0\u00bb, d\u2019eau, de gaz, puces <span class=\"caps\">RFID<\/span>, vid\u00e9o-surveillance, bio-identification, drones, etc.) qui s\u2019appuient sur le sentiment d\u2019ins\u00e9curit\u00e9 que fabrique la soci\u00e9t\u00e9 actuelle et qui l\u2019entretient soigneusement.<\/p>\n<p>&nbsp;<\/p>\n<p>C\u2019est ainsi que l\u2019assise politique et \u00e9conomique actuelle de l\u2019industrie de l\u2019atome aboutit \u00e0 une premi\u00e8re mondiale : la tenue d\u2019un salon international du nucl\u00e9aire, le World Nuclear Exhibition, \u00e0 Paris du 14 au 16 octobre 2014, o\u00f9 se sont pavan\u00e9s toutes les entreprises et Etats li\u00e9s de pr\u00e8s ou de loin \u00e0 cette mortif\u00e8re industrie, et dont l\u2019enjeu est la prolif\u00e9ration du nucl\u00e9aire.<\/p>\n<p>&nbsp;<\/p>\n<p>Lutter contre le nucl\u00e9aire est aussi et surtout lutter contre le monde qui va avec : un syst\u00e8me \u00e9nergivore, destructeur de l\u2019humain et de l\u2019environnement, qui contr\u00f4le et pressurise nos vies, nous emp\u00eachant de d\u00e9cider par nous-m\u00eames la forme de nos existences. Nous pensons qu\u2019il est aujourd\u2019hui n\u00e9cessaire de conjuguer nos forces pour attaquer ce syst\u00e8me l\u00e0 o\u00f9 il est vuln\u00e9rable en bloquant les flux, d\u2019\u00e9nergie, de transport, etc. Ces attaques doivent \u00eatre prot\u00e9iformes : occupations, contre-information, sabotages, actions publiques collectives, etc. N\u00e9anmoins, sans un mouvement social suffisamment fort, ces actions resteront des tentatives marginales de r\u00e9sistance, stigmatis\u00e9es et d\u2019autant plus facilement r\u00e9prim\u00e9es par l\u2019Etat. C\u2019est pourquoi nous lan\u00e7ons un appel \u00e0 se rencontrer, coordonner nos actions, agir et s\u2019organiser l\u00e0 o\u00f9 nous sommes mais aussi \u00eatre capable de se donner des rendez-vous, pour que les nuits bleues d\u2019Edf se colorent de notre ind\u00e9boulonnable et saine col\u00e8re !!!<\/p>\n<p>&nbsp;<\/p>\n<p>Source : World nuclear explosion.<\/p>\n<p>http:\/\/worldnuclearexplosion.noblogs.org\/<\/p>\n<p>&nbsp;<\/p>\n<\/div>\n<div class=\"yarpp-related\">\n<h3>A lire :<\/h3>\n<div class=\"yarpp-thumbnails-horizontal\"><a class=\"yarpp-thumbnail\" title=\"Quelques notes \u00e9parses sur le campus Effiscience de Caen\" href=\"http:\/\/sous-la-cendre.info\/2456\/quelques-notes-eparses-sur-le-campus-effiscience-de-caen\"> <span class=\"yarpp-thumbnail-default\"><img loading=\"lazy\" decoding=\"async\" src=\"http:\/\/i1.wp.com\/sous-la-cendre.info\/wp-content\/plugins\/yet-another-related-posts-plugin\/default.png?w=695\" alt=\"\" width=\"120\" height=\"120\" \/><\/span><span class=\"yarpp-thumbnail-title\">Quelques notes \u00e9parses sur le campus Effiscience de Caen<\/span><\/a> <a class=\"yarpp-thumbnail\" title=\"Contre Nucl\u00e9opolis et son Monde.\" href=\"http:\/\/sous-la-cendre.info\/1227\/contre-nucleopolis-et-son-monde\"> <span class=\"yarpp-thumbnail-default\"><img loading=\"lazy\" decoding=\"async\" src=\"http:\/\/i1.wp.com\/sous-la-cendre.info\/wp-content\/plugins\/yet-another-related-posts-plugin\/default.png?w=695\" alt=\"\" width=\"120\" height=\"120\" \/><\/span><span class=\"yarpp-thumbnail-title\">Contre Nucl\u00e9opolis et son Monde.<\/span><\/a> <a class=\"yarpp-thumbnail\" title=\"03 et 04 mars contre le nucl\u00e9aire \u00e0 Caen.\" href=\"http:\/\/sous-la-cendre.info\/1089\/03-et-04-mars-contre-le-nucleaire-a-caen\"> <span class=\"yarpp-thumbnail-default\"><img loading=\"lazy\" decoding=\"async\" src=\"http:\/\/i1.wp.com\/sous-la-cendre.info\/wp-content\/plugins\/yet-another-related-posts-plugin\/default.png?w=695\" alt=\"\" width=\"120\" height=\"120\" \/><\/span><span class=\"yarpp-thumbnail-title\">03 et 04 mars contre le nucl\u00e9aire \u00e0 Caen.<\/span><\/a> <a class=\"yarpp-thumbnail\" title=\"31 mai : Rassemblement de soutien aux inculp\u00e9s de Valognes et Montabot.\" href=\"http:\/\/sous-la-cendre.info\/1406\/31-mai-rassemblement-de-soutien-aux-inculpes-de-valognes-et-montabot\"> <span class=\"yarpp-thumbnail-default\"><img loading=\"lazy\" decoding=\"async\" src=\"http:\/\/i1.wp.com\/sous-la-cendre.info\/wp-content\/plugins\/yet-another-related-posts-plugin\/default.png?w=695\" alt=\"\" width=\"120\" height=\"120\" \/><\/span><\/a><\/div>\n<\/div>\n<p>&nbsp;<\/p>\n","protected":false},"excerpt":{"rendered":"<p>repris du site sous la cendre Pendant le World Nuclear Exhibition \u2013 2014. Le nucl\u00e9aire, \u00e7a fume \u00e9norm\u00e9ment Pour un \u00e9v\u00e9nement de l\u2019ampleur du Salon international du Nucl\u00e9aire, ou WNE, il est profond\u00e9ment \u00e9tonnant que les m\u00e9dias n\u2019aient pas davantage pris \u00e0 c\u0153ur d\u2019informer de cet \u00e9v\u00e9nement, dont se sont par ailleurs tant vant\u00e9s les [&hellip;]<\/p>\n","protected":false},"author":7964,"featured_media":0,"comment_status":"closed","ping_status":"closed","sticky":false,"template":"","format":"standard","meta":{"footnotes":""},"categories":[1],"tags":[],"class_list":["post-900","post","type-post","status-publish","format-standard","hentry","category-general"],"_links":{"self":[{"href":"https:\/\/lelaboratoireanarchiste.noblogs.org\/index.php?rest_route=\/wp\/v2\/posts\/900","targetHints":{"allow":["GET"]}}],"collection":[{"href":"https:\/\/lelaboratoireanarchiste.noblogs.org\/index.php?rest_route=\/wp\/v2\/posts"}],"about":[{"href":"https:\/\/lelaboratoireanarchiste.noblogs.org\/index.php?rest_route=\/wp\/v2\/types\/post"}],"author":[{"embeddable":true,"href":"https:\/\/lelaboratoireanarchiste.noblogs.org\/index.php?rest_route=\/wp\/v2\/users\/7964"}],"replies":[{"embeddable":true,"href":"https:\/\/lelaboratoireanarchiste.noblogs.org\/index.php?rest_route=%2Fwp%2Fv2%2Fcomments&post=900"}],"version-history":[{"count":1,"href":"https:\/\/lelaboratoireanarchiste.noblogs.org\/index.php?rest_route=\/wp\/v2\/posts\/900\/revisions"}],"predecessor-version":[{"id":901,"href":"https:\/\/lelaboratoireanarchiste.noblogs.org\/index.php?rest_route=\/wp\/v2\/posts\/900\/revisions\/901"}],"wp:attachment":[{"href":"https:\/\/lelaboratoireanarchiste.noblogs.org\/index.php?rest_route=%2Fwp%2Fv2%2Fmedia&parent=900"}],"wp:term":[{"taxonomy":"category","embeddable":true,"href":"https:\/\/lelaboratoireanarchiste.noblogs.org\/index.php?rest_route=%2Fwp%2Fv2%2Fcategories&post=900"},{"taxonomy":"post_tag","embeddable":true,"href":"https:\/\/lelaboratoireanarchiste.noblogs.org\/index.php?rest_route=%2Fwp%2Fv2%2Ftags&post=900"}],"curies":[{"name":"wp","href":"https:\/\/api.w.org\/{rel}","templated":true}]}}