{"id":880,"date":"2014-12-11T21:05:05","date_gmt":"2014-12-11T20:05:05","guid":{"rendered":"http:\/\/lelaboratoireanarchiste.noblogs.org\/?p=880"},"modified":"2014-12-11T21:08:33","modified_gmt":"2014-12-11T20:08:33","slug":"italie-notav-graziano-francesco-et-lucio-eux-aussi-accuses-de-terrorisme","status":"publish","type":"post","link":"https:\/\/lelaboratoireanarchiste.noblogs.org\/?p=880","title":{"rendered":"Italie, NoTAV : Graziano, Francesco et Lucio eux aussi accus\u00e9s de terrorisme"},"content":{"rendered":"<p><img decoding=\"async\" class=\"decoded\" src=\"http:\/\/fr.contrainfo.espiv.net\/files\/2014\/12\/foto-2-1024x551.jpg\" alt=\"http:\/\/fr.contrainfo.espiv.net\/files\/2014\/12\/foto-2-1024x551.jpg\" \/><br \/>\nA exactement un an des arrestations de <span style=\"color: #0000ff\"><strong><a style=\"color: #0000ff\" title=\"[Milan, Italie] Distributeurs de billets et voitures de luxe attaqu\u00e9s \u2013 12 novembre 2014\" href=\"https:\/\/lechatnoiremeutier.noblogs.org\/post\/2014\/11\/18\/milan-italie-distributeurs-de-billets-et-voitures-de-luxe-attaques-12-no\">Chiara, Claudio, Mattia et Niccol\u00f2<\/a><\/strong><\/span>, et \u00e0 un peu plus d\u2019une semaine des r\u00e9quisitions \u00e9nonc\u00e9es contre eux, l\u2019accusation de terrorisme est d\u00e9sormais aussi port\u00e9e contre Lucio, Francesco et Graziano. En prison depuis juillet, les trois n\u2019\u00e9taient accus\u00e9s jusqu\u2019ici \u201cque\u201d de d\u00e9tention et de transport d\u2019armes de guerre, de d\u00e9gradations par incendie et d\u2019autres d\u00e9lits mineurs, auxquels s\u2019ajoutent ce matin les articles 280 et 280bis : l\u2019attentat \u00e0 finalit\u00e9 terroriste. Cette d\u00e9plaisante surprise a \u00e9t\u00e9 accompagn\u00e9e de la perquisition de leurs cellules, avec mise sous scell\u00e9s de diverses choses, le tout incluant aussi le blocage des parloirs. Un parent et une amie autoris\u00e9-e-s de fa\u00e7on r\u00e9guli\u00e8re ont en effet \u00e9t\u00e9 repouss\u00e9-e-s ce matin, et inform\u00e9-e-s qu\u2019ils devront requ\u00e9rir de nouvelles autorisations. Nous ne savons pas encore si, comme cela a \u00e9t\u00e9 le cas pour les 4, les parloirs seront bloqu\u00e9s pour un certain temps, ou s\u2019il s\u2019agira dans ce cas seulement d\u2019une br\u00e8ve suspension. Sur le moment, il n\u2019est pas non plus possible de pr\u00e9voir o\u00f9 et quand les trois seront transf\u00e9r\u00e9s, puisque l\u2019accusation de terrorisme pr\u00e9voit un r\u00e9gime de d\u00e9tention de Haute S\u00e9curit\u00e9.<br \/>\nPour sortir, enfin, de ce qui ce passe dans les salles des tribunaux et dans les instituts p\u00e9nitentiaires, plusieurs centaines de personnes ont parcouru et bloqu\u00e9 les routes de Val Susa ces derniers jours, pour les lib\u00e9ration des sept compagnon-ne-s en prison. Dans la nuit de dimanche, un long et bruyant cort\u00e8ge a travers\u00e9 la ville de Susa, en s\u2019arr\u00eatant en particulier devant l\u2019h\u00f4tel Napoleon o\u00f9, \u00e0 l\u2019aide de fumig\u00e8nes et de bruits de m\u00e9tal, a \u00e9t\u00e9 d\u00e9rang\u00e9 le repos des forces de l\u2019ordre qui y sont log\u00e9es. Le jour suivant, le 8 d\u00e9cembre, anniversaire de la bataille de Vena\u00fcs en 2005, deux groupes de manifestant-e-s ont tent\u00e9 d\u2019atteindre la zone du chantier depuis deux endroits distincts. Un groupe s\u2019est retrouv\u00e9 \u00e0 Giaglione et est parvenu, par les sentiers, \u00e0 contourner les barrages des forces de l\u2019ordre et \u00e0 rejoindre le chantier, o\u00f9 tout le monde a battu sur les grilles. Le groupe qui s\u2019\u00e9tait donn\u00e9 rendez-vous \u00e0 la Centrale de Chiomonte s\u2019est trouv\u00e9 face \u00e0 un blocage des forces de l\u2019ordre sur le pont en face du portail de la Centrale et a donc d\u00e9cid\u00e9 de remonter vers la nationale 24, qui a \u00e9t\u00e9 bloqu\u00e9e durant plusieurs heures. D\u2019autres gens se sont dirig\u00e9s vers la gare la plus proche, o\u00f9 le passage d\u2019un TGV a \u00e9t\u00e9 bloqu\u00e9 par l\u2019occupation des voies. A la fin de l\u2019apr\u00e8s-midi, un gros groupe de manifestant-e-s est retourn\u00e9 vers la Centrale, o\u00f9 a commenc\u00e9 un long battage de m\u00e9tal, qui n\u2019a cependant pas trouv\u00e9 de succ\u00e8s aupr\u00e8s des forces de l\u2019ordre, qui ont r\u00e9pondu avec des canons \u00e0 eau et des lacrymog\u00e8nes.<br \/>\nLa journ\u00e9e s\u2019est achev\u00e9e comme \u00e7a, et tout le monde s\u2019est donn\u00e9 rendez-vous le 17 d\u00e9cembre, jour du rendu du proc\u00e8s.<br \/>\nA 09 heures dans l\u2019Aula Bunker pour saluer Chiara, Claudio, Mattia et Niccol\u00f2 et, dans l\u2019apr\u00e8s-midi, \u00e0 17h30, sur la place du march\u00e9 de Bussoleno pour d\u00e9cider quoi faire apr\u00e8s le verdict de la Cour d\u2019Assise.<br \/>\n<span style=\"color: #0000ff\"><strong><a style=\"color: #0000ff\" title=\"Appuntamento per il 17\" href=\"http:\/\/www.autistici.org\/macerie\/?p=31037\">Macerie<\/a>,<\/strong><\/span> 9 d\u00e9cembre 2014<\/p>\n","protected":false},"excerpt":{"rendered":"<p>A exactement un an des arrestations de Chiara, Claudio, Mattia et Niccol\u00f2, et \u00e0 un peu plus d\u2019une semaine des r\u00e9quisitions \u00e9nonc\u00e9es contre eux, l\u2019accusation de terrorisme est d\u00e9sormais aussi port\u00e9e contre Lucio, Francesco et Graziano. En prison depuis juillet, les trois n\u2019\u00e9taient accus\u00e9s jusqu\u2019ici \u201cque\u201d de d\u00e9tention et de transport d\u2019armes de guerre, de [&hellip;]<\/p>\n","protected":false},"author":7964,"featured_media":0,"comment_status":"closed","ping_status":"closed","sticky":false,"template":"","format":"standard","meta":{"footnotes":""},"categories":[1],"tags":[],"class_list":["post-880","post","type-post","status-publish","format-standard","hentry","category-general"],"_links":{"self":[{"href":"https:\/\/lelaboratoireanarchiste.noblogs.org\/index.php?rest_route=\/wp\/v2\/posts\/880","targetHints":{"allow":["GET"]}}],"collection":[{"href":"https:\/\/lelaboratoireanarchiste.noblogs.org\/index.php?rest_route=\/wp\/v2\/posts"}],"about":[{"href":"https:\/\/lelaboratoireanarchiste.noblogs.org\/index.php?rest_route=\/wp\/v2\/types\/post"}],"author":[{"embeddable":true,"href":"https:\/\/lelaboratoireanarchiste.noblogs.org\/index.php?rest_route=\/wp\/v2\/users\/7964"}],"replies":[{"embeddable":true,"href":"https:\/\/lelaboratoireanarchiste.noblogs.org\/index.php?rest_route=%2Fwp%2Fv2%2Fcomments&post=880"}],"version-history":[{"count":3,"href":"https:\/\/lelaboratoireanarchiste.noblogs.org\/index.php?rest_route=\/wp\/v2\/posts\/880\/revisions"}],"predecessor-version":[{"id":883,"href":"https:\/\/lelaboratoireanarchiste.noblogs.org\/index.php?rest_route=\/wp\/v2\/posts\/880\/revisions\/883"}],"wp:attachment":[{"href":"https:\/\/lelaboratoireanarchiste.noblogs.org\/index.php?rest_route=%2Fwp%2Fv2%2Fmedia&parent=880"}],"wp:term":[{"taxonomy":"category","embeddable":true,"href":"https:\/\/lelaboratoireanarchiste.noblogs.org\/index.php?rest_route=%2Fwp%2Fv2%2Fcategories&post=880"},{"taxonomy":"post_tag","embeddable":true,"href":"https:\/\/lelaboratoireanarchiste.noblogs.org\/index.php?rest_route=%2Fwp%2Fv2%2Ftags&post=880"}],"curies":[{"name":"wp","href":"https:\/\/api.w.org\/{rel}","templated":true}]}}