{"id":871,"date":"2014-12-11T10:37:18","date_gmt":"2014-12-11T09:37:18","guid":{"rendered":"http:\/\/lelaboratoireanarchiste.noblogs.org\/?p=871"},"modified":"2014-12-11T14:26:12","modified_gmt":"2014-12-11T13:26:12","slug":"un-etat-qui-regne-au-dessus-du-volcan","status":"publish","type":"post","link":"https:\/\/lelaboratoireanarchiste.noblogs.org\/?p=871","title":{"rendered":"[Un Etat qui r\u00e9gne] au dessus du volcan"},"content":{"rendered":"<p>Sous le titre Un \u00c9tat qui r\u00e8gne au dessus du volcan le quotidien Le Monde a publi\u00e9 dans ses pages D\u00e9bats du 5 d\u00e9cembre (\u00ab Une insurrection qui revient ? \u00bb) un texte de Jacques Philipponneau et Ren\u00e9 Riesel. Le texte, qui datait du 5 novembre, s\u2019est trouv\u00e9 sensiblement modifi\u00e9 dans la version publi\u00e9e par ce quotidien. En voici la version originale.<\/p>\n<p>Entre crochets les ajouts ou substitution du Monde, surlign\u00e9s en orange les bouts disparus.<\/p>\n<p style=\"text-align: left\">\n<strong>[UN ETAT QUI REGNE] AU DESSUS DU VOLCAN<\/strong><\/p>\n<p style=\"text-align: left\">\nLe constat est d\u00e9sormais banal : la soci\u00e9t\u00e9\u2013monde s\u2019ab\u00eeme dans ses crises. Jamais dans l\u2019histoire une soci\u00e9t\u00e9 n\u2019avait imagin\u00e9 pr\u00e9voir si pr\u00e9cis\u00e9ment l\u2019agenda de son effondrement.<span style=\"color: #ff6600\"> Que ce soit<\/span> [De] l\u2019ampleur du r\u00e9chauffement climatique, [\u00e0] l\u2019\u00e9puisement des ressources naturelles, l\u2019empoisonnement g\u00e9n\u00e9ralis\u00e9 de la plan\u00e8te <span style=\"color: #ff6600\">ou la certitude de futurs Fukushima<\/span>, chaque mois am\u00e8ne son lot de d\u00e9tails sur les contours et le <span style=\"color: #ff6600\">timing<\/span> de l\u2019in\u00e9luctable. On y avait accoutum\u00e9 les populations. Les \u00c9tats et leurs suppl\u00e9tifs verts se faisaient rassurants. Ils en faisaient leur affaire : il y aurait encore de beaux jours, moyennant une d\u00e9sagr\u00e9able mais in\u00e9vitable p\u00e9riode d\u2019adaptation. Des \u00ab d\u00e9croissants \u00bb s\u2019en remettaient \u00e0 l\u2019Etat pour imposer les restrictions et la r\u00e9\u00e9ducation utiles au retour de la joie de vivre.<\/p>\n<p>Tout ceci[la] a vol\u00e9 en \u00e9clats en moins d\u2019une d\u00e9cennie.<\/p>\n<p>Ce qui n\u2019avait pas \u00e9t\u00e9 calcul\u00e9 c\u2019est la vitesse d\u2019expansion du chaos g\u00e9opolitique li\u00e9 \u00e0 la guerre mondiale pour le contr\u00f4le des ressources naturelles (p\u00e9trole, uranium, terres rares, terres agricoles[&#8230;] <span style=\"color: #ff6600\">, eau<\/span>), la somalisation qui court maintenant d\u2019Afrique en Afghanistan, et surtout l\u2019ampleur et la rapidit\u00e9, que la crise financi\u00e8re de 2008 a seulement fait entrevoir, de la d\u00e9sint\u00e9gration sociale pr\u00e9cipit\u00e9e par la mondialisation de l\u2019\u00e9conomie. Ce ne seraient toutefois l\u00e0 qu\u2019inconv\u00e9nients mineurs pour un syst\u00e8me qui entend g\u00e9rer ce chaos sans autre ambition que d\u2019y pr\u00e9server ses int\u00e9r\u00eats <span style=\"color: #ff6600\">les plus imm\u00e9diats<\/span>, si ne se d\u00e9veloppait en m\u00eame temps,<span style=\"color: #ff6600\"> \u00e0 l\u2019\u00e9chelle de la plan\u00e8te<\/span>, la conscience <span style=\"color: #ff6600\">qu\u2019il n\u2019y aura plus de lendemains qui chantent<\/span>, que l\u2019activit\u00e9 irr\u00e9sistible du complexe \u00e9conomico-industriel ne fera qu\u2019approfondir le d\u00e9sastre ; et qu\u2019il n\u2019y a rien \u00e0 attendre d\u2019Etats, excroissances canc\u00e9reuses o\u00f9 se m\u00ealent <span style=\"color: #ff6600\">\u00e0 diff\u00e9rentes doses<\/span> les castes technocratiques parasitaires, corrompues ou mafieuses, qui affichent froidement leur refus de faire mine d\u2019infl\u00e9chir cette course \u00e0 la destruction <span style=\"color: #ff6600\">de tout<\/span> et sont visiblement r\u00e9duit[e]s \u00e0 leur fonction premi\u00e8re : l\u2019exercice du monopole de la violence.<\/p>\n<p><span style=\"color: #ff6600\">Il n\u2019est plus temps de voir l\u00e0 les th\u00e9orisations extravagantes d\u2019apocalyptiques \u00e9co-catastrophistes, d\u2019irr\u00e9cup\u00e9rables extr\u00e9mistes anti-autoritaires ou d\u2019intellectuels r\u00e9actionnaires reclus dans leur tour d\u2019ivoire<\/span>. Toutes ces questions sont d\u00e9sormais sur la place publique ; le constat devient universel, s\u2019insinue irr\u00e9m\u00e9diablement dans toutes les couches de la soci\u00e9t\u00e9 totale d\u00e9liquescente. On ne l\u2019en \u00e9vacuera pas. C\u2019est bien ce qui nourrit l\u2019inqui\u00e9tude de tous les \u00c9tats, et non la catastrophe rampante.<\/p>\n<p>La domination, qui touche \u00e0 la puret\u00e9 de son concept dans la convergence fusionnelle de l\u2019Etat, de l\u2019\u00e9conomie et des m\u00e9dias, fait donner son artillerie lourde, mart\u00e8le qu\u2019il n\u2019y a plus d\u2019alternative, que les d\u00e9s sont jet\u00e9s, qu\u2019il faut s\u2019adapter ou p\u00e9rir, qu\u2019il ne s\u2019agit d\u00e9sormais que de g\u00e9rer la catastrophe, et que ceux dont l\u2019emploi est de la provoquer et de l\u2019entretenir sont les mieux qualifi\u00e9s pour cette t\u00e2che. Comme l\u2019assassin qui se flatterait d\u2019\u00eatre seul habilit\u00e9 \u00e0 conduire l\u2019autopsie de sa victime. Et c[e n]\u2019est rien moins qu\u2019une m\u00e9taphore dans le cas, ici, de R\u00e9mi Fraisse tu\u00e9 \u00e0 21 ans par un gendarme mobile, assur\u00e9 du maintien de son emploi par un gouvernement socialiste qui c\u00e9l\u00e8bre ainsi un si\u00e8cle de trahisons, ailleurs de 43 \u00e9tudiants mexicains livr\u00e9s par la police aux tortionnaires des cartels de la drogue ou encore des journalistes ind\u00e9pendants de la Russie de Poutine (c<span style=\"color: #ff6600\">hacun pourra poursuivre l\u2019\u00e9num\u00e9ration ad libitum<\/span>). L[D]es personnels politiques doutent de leur p\u00e9rennit\u00e9, ils savent qu\u2019ils r\u00e8gnent sur un volcan (dans cette Chine qui fait l\u2019admiration universelle des tenants du maintien de l\u2019ordre, le budget de la s\u00e9curit\u00e9 int\u00e9rieure est sup\u00e9rieur au budget militaire) et qu\u2019il faut absolument museler, rendre invisible ou silencieuse toute opposition un peu s\u00e9rieuse \u00e0 l\u2019ordre \u00e9tabli, c\u2019est[-]\u00e0[-]dire qui viendrait \u00e0 prendre au mot la fiction de sa n\u00e9cessit\u00e9.<\/p>\n<p>Que ces victimes soient essentiellement des jeunes n\u2019\u00e9tonne que ceux qui ne l\u2019ont jamais \u00e9t\u00e9. Cette jeunesse qu\u2019on disait si int\u00e9gr\u00e9e \u00e0 l\u2019ordre marchand et \u00e0 sa survie d\u00e9mat\u00e9rialis\u00e9e, dress\u00e9e \u00e0 se vendre au plus offrant, \u00e0 se d\u00e9tacher de toute solidarit\u00e9, \u00e0 se reconna\u00eetre dans la monade solitaire de l\u2019utopie capitaliste, commence \u00e0 comprendre dialectiquement qu\u2019elle n\u2019aura pas sa place au festin de l\u2019abondance factice, qu\u2019i<span style=\"color: #ff6600\">l n\u2019y aura plus vraiment de<\/span>[elle n&rsquo;aura plus sa place au] festin et qu\u2019il \u00e9tait de surcro\u00eet immangeable \u2014 ce qu\u2019une part demeur\u00e9e irr\u00e9ductible de la jeunesse a toujours su et proclam\u00e9. Elle acc\u00e8de \u00e0 la visibilit\u00e9 (<span style=\"color: #ff6600\">plus tard en France que dans les pays m\u00e9diterran\u00e9ens voisins<\/span>) avec une vigueur qui lui vaut d\u2019\u00eatre disqualifi\u00e9e pour sa \u00ab violence \u00bb, au demeurant l\u00e9gitimement d\u00e9fensive et tr\u00e8s largement symbolique. Dans quels rangs imaginerait-on la faire rentrer ?<\/p>\n<p>Celles des luttes dites \u00ab anti-industrielles \u00bb dirig\u00e9es contre les projets trop manifestement absurdes d\u2019\u00e9radication de ce que n\u2019avait pas encore ravag\u00e9 le rouleau compresseur de l\u2019artificialisation de la vie et des faux besoins (des zones naturelles rest\u00e9es en partie pr\u00e9-industrielles), parce qu\u2019elles expriment un sentiment partag\u00e9 de perte irr\u00e9m\u00e9diable[,] agr\u00e8gent d\u2019autant plus vite une myriade d\u2019opposants. Si les na\u00efvet\u00e9s non violentes et participatives des opposants de d\u00e9part pr\u00eatent \u00e0 sourire, on conviendra qu\u2019elles sont vite balay\u00e9es par le m\u00e9pris des d\u00e9cideurs et la violence des pouvoirs. On laissera aux v[V]ersaillais qui \u00e9ructent ces jours-ci leurs appels \u00e0 la r\u00e9pression la condescendance des assis devant les bigarrures, les cagoules et les h\u00e9sitations de cette jeunesse. Les faits sont l\u00e0 : certes encore tr\u00e8s minoritaire elle a d\u00e9j\u00e0 fait s\u00e9cession avec la soci\u00e9t\u00e9. Qu\u2019elle l[a]e subisse ou l[a]e choisisse, elle n\u2019y a aucun avenir, elle n\u2019en veut pas et elle n\u2019a rien \u00e0 perdre ; sauf \u00e9ventuellement la vie, on vient de le lui rappeler. Ce qui va de soi pour elle, le refus de l\u2019Etat, du primat de l\u2019\u00e9conomie sur la vie, de l\u2019artificialit\u00e9 technologique sur l\u2019intensit\u00e9 des rapports humains, la d\u00e9testation de toute hi\u00e9rarchie fut-elle militante, le refus du vedettariat, la solidarit\u00e9 concr\u00e8te entre tous les opposants quelles que soient leurs pratiques, rien de cela ne peut tromper : il s\u2019agit de la naissance d\u2019une conception de la vie <span style=\"color: #ff6600\">radicalement<\/span> hostile \u00e0 celle qu\u2019impose la domination.<\/p>\n<p>Quand s\u2019affrontent deux conceptions de la vie si antagoniques s\u2019affirme aussi l\u2019in\u00e9luctabilit\u00e9 du conflit central des temps \u00e0 venir : celui qui va opposer les fanatiques de l\u2019apocalypse programm\u00e9e \u00e0 ceux qui ne se r\u00e9signent pas \u00e0 l\u2019id\u00e9e que l\u2019histoire humaine puisse finir dans leur fosse \u00e0 lisier.<\/p>\n<p>Jacques Philipponneau<br \/>\nRen\u00e9 Riesel<br \/>\n[Jacques Philipponneau et Ren\u00e9 Riesel] se r\u00e9clament du courant anti-industriel issusde l&rsquo;encyclop\u00e9die des nuisances<\/p>\n","protected":false},"excerpt":{"rendered":"<p>Sous le titre Un \u00c9tat qui r\u00e8gne au dessus du volcan le quotidien Le Monde a publi\u00e9 dans ses pages D\u00e9bats du 5 d\u00e9cembre (\u00ab Une insurrection qui revient ? \u00bb) un texte de Jacques Philipponneau et Ren\u00e9 Riesel. Le texte, qui datait du 5 novembre, s\u2019est trouv\u00e9 sensiblement modifi\u00e9 dans la version publi\u00e9e par [&hellip;]<\/p>\n","protected":false},"author":7964,"featured_media":0,"comment_status":"closed","ping_status":"closed","sticky":false,"template":"","format":"standard","meta":{"footnotes":""},"categories":[1],"tags":[],"class_list":["post-871","post","type-post","status-publish","format-standard","hentry","category-general"],"_links":{"self":[{"href":"https:\/\/lelaboratoireanarchiste.noblogs.org\/index.php?rest_route=\/wp\/v2\/posts\/871","targetHints":{"allow":["GET"]}}],"collection":[{"href":"https:\/\/lelaboratoireanarchiste.noblogs.org\/index.php?rest_route=\/wp\/v2\/posts"}],"about":[{"href":"https:\/\/lelaboratoireanarchiste.noblogs.org\/index.php?rest_route=\/wp\/v2\/types\/post"}],"author":[{"embeddable":true,"href":"https:\/\/lelaboratoireanarchiste.noblogs.org\/index.php?rest_route=\/wp\/v2\/users\/7964"}],"replies":[{"embeddable":true,"href":"https:\/\/lelaboratoireanarchiste.noblogs.org\/index.php?rest_route=%2Fwp%2Fv2%2Fcomments&post=871"}],"version-history":[{"count":7,"href":"https:\/\/lelaboratoireanarchiste.noblogs.org\/index.php?rest_route=\/wp\/v2\/posts\/871\/revisions"}],"predecessor-version":[{"id":873,"href":"https:\/\/lelaboratoireanarchiste.noblogs.org\/index.php?rest_route=\/wp\/v2\/posts\/871\/revisions\/873"}],"wp:attachment":[{"href":"https:\/\/lelaboratoireanarchiste.noblogs.org\/index.php?rest_route=%2Fwp%2Fv2%2Fmedia&parent=871"}],"wp:term":[{"taxonomy":"category","embeddable":true,"href":"https:\/\/lelaboratoireanarchiste.noblogs.org\/index.php?rest_route=%2Fwp%2Fv2%2Fcategories&post=871"},{"taxonomy":"post_tag","embeddable":true,"href":"https:\/\/lelaboratoireanarchiste.noblogs.org\/index.php?rest_route=%2Fwp%2Fv2%2Ftags&post=871"}],"curies":[{"name":"wp","href":"https:\/\/api.w.org\/{rel}","templated":true}]}}