{"id":7767,"date":"2017-02-06T10:52:12","date_gmt":"2017-02-06T09:52:12","guid":{"rendered":"https:\/\/lelaboratoireanarchiste.noblogs.org\/?p=7767"},"modified":"2017-02-06T14:20:48","modified_gmt":"2017-02-06T13:20:48","slug":"gardannne13120-tres-forte-mobilisation-contre-la-centrale-biomasse-a-bois-e-on","status":"publish","type":"post","link":"https:\/\/lelaboratoireanarchiste.noblogs.org\/?p=7767","title":{"rendered":"Gardanne(13120)Le 5 \/02\/2017 tr\u00e8s forte mobilisation contre la centrale  Biomasse \u00e0 Bois( E.on)"},"content":{"rendered":"<div>\n<p><del>france bleu provence<\/del><\/p>\n<figure><img decoding=\"async\" class=\"dejavu dejavu-loaded\" src=\"https:\/\/www.francebleu.fr\/s3\/cruiser-production\/2017\/02\/f882bf68-7ea3-4b9c-b082-dda16ecbfdeb\/860_resized_20170205_103026.jpg\" alt=\"Des associations, des \u00e9lus et des habitants d\u00e9noncent un proc\u00e9d\u00e9 faussement \u00e9cologique - Radio France\" width=\"860\" \/><\/figure>\n<\/div>\n<div><\/div>\n<div class=\"textLayer\">Dimanche 5 f\u00e9vrier\u00a0des centaines\u00a0\u00a0 de manifestant.es sous la pluie<\/div>\n<div class=\"textLayer\"><\/div>\n<div class=\"textLayer\"><a href=\"http:\/\/france3-regions.francetvinfo.fr\/provence-alpes-cote-d-azur\/bouches-du-rhone\/gardanne-200-personnes-manifestent-contre-centrale-biomasse-1190929.html\">http:\/\/france3-regions.francetvinfo.fr\/provence-alpes-cote-d-azur\/bouches-du-rhone\/gardanne-200-personnes-manifestent-contre-centrale-biomasse-1190929.html<\/a><\/div>\n<div class=\"textLayer\"><\/div>\n<div class=\"textLayer\">\u00a0et aussi ce compte rendu<\/div>\n<div class=\"textLayer\"><\/div>\n<div class=\"textLayer\"><a href=\"https:\/\/www.francebleu.fr\/infos\/climat-environnement\/une-grande-manifestation-ce-dimanche-gardanne-contre-la-centrale-biomasse-1486240295\">https:\/\/www.francebleu.fr\/infos\/climat-environnement\/une-grande-manifestation-ce-dimanche-gardanne-contre-la-centrale-biomasse-1486240295<\/a><\/div>\n<div class=\"textLayer\"><\/div>\n<div class=\"textLayer\"><img decoding=\"async\" class=\"img-responsive full-width lazyloaded\" src=\"http:\/\/france3-regions.francetvinfo.fr\/provence-alpes-cote-d-azur\/sites\/regions_france3\/files\/styles\/top_big\/public\/assets\/images\/2016\/02\/17\/000_par6688062.jpg?itok=FAY7sqmY\" alt=\"\" \/><\/div>\n<div class=\"textLayer\"><\/div>\n<div class=\"textLayer\">\u00a0&#8211; Lors du forum de fin de manifestation devant les d\u00e9p\u00f4ts de bois\u00a0 pr\u00eats\u00a0 pour des essais \u00a0 de la centrale \u00e0 charbon transform\u00e9e en centrale biomasse \u00e0 bois.. il y a eu plusieurs prise de parole dont une\u00a0 venu de la coordination Center Parcs : ni ici , ni ailleurs<\/div>\n<div class=\"textLayer\"><\/div>\n<div class=\"textLayer\">\u00a0<strong>voici le texte de l&rsquo;intervention<\/strong>:<\/div>\n<div class=\"textLayer\"><\/div>\n<div class=\"textLayer\">La\u00a0\u00a0 coordination\u00a0 Center Parcs : ni ici , ni ailleurs, c&rsquo;est le regroupement\u00a0 de plusieurs associations, collectifs et individus s&rsquo;opposant\u00a0 aux projets\u00a0 de construction\u00a0 de Center Parcs , o\u00f9 qu&rsquo;ils soient .<\/div>\n<div class=\"textLayer\"><\/div>\n<div class=\"textLayer\">Nous rejetons Center Parcs\u00a0 et le monde capitaliste qui l&rsquo;a rendu possible, notamment avec la privatisation de la nature, la marchandisation de nos vies, etc.<\/div>\n<div class=\"textLayer\"><\/div>\n<div class=\"textLayer\">Dans cette optique\u00a0 n\u00e9cessaire\u00a0 et l\u00e9gitime\u00a0 de nous opposer\u00a0 \u00e0 toutes\u00a0 les manifestations mortif\u00e8res du monde industriel.<\/div>\n<div class=\"textLayer\"><\/div>\n<div class=\"textLayer\">La vie n&rsquo;est pas \u00e0 vendre,\u00a0 et c&rsquo;est pourquoi nous luttons!<\/div>\n<div class=\"textLayer\"><\/div>\n<div class=\"textLayer\">ce texte en PDF<a href=\"https:\/\/lelaboratoireanarchiste.noblogs.org\/files\/2017\/02\/Tract-Nina-4-X-A5.pdf\"> pr\u00eat \u00e0 diffuser<\/a><\/div>\n<div class=\"textLayer\"><\/div>\n<div class=\"textLayer\"><\/div>\n<div class=\"textLayer\">\u00a0Et aussi ce dossier: <strong>Halte<\/strong> \u00e0 la biomascarade<\/div>\n<div class=\"textLayer\">l&rsquo;engouement\u00a0 pour le bois &#8211; \u00e9nergie industriel\u00a0 est une menace\u00a0 pour l\u2019environnement\u00a0 et nos for\u00eats<\/div>\n<div class=\"textLayer\"><\/div>\n<div class=\"textLayer\"><strong>Non<\/strong>! aux m\u00e9gacentrales\u00a0 d&rsquo;EE.on et d&rsquo;Inova<\/div>\n<p><a href=\"https:\/\/sosforetdusud.files.wordpress.com\/2014\/11\/dossier-gardanne-fc3a9vrier-2015-leger-def.pdf\">https:\/\/sosforetdusud.files.wordpress.com\/2014\/11\/dossier-gardanne-fc3a9vrier-2015-leger-def.pdf<\/a><\/p>\n<p>et\u00a0 aussi\u00a0 pour discuter entre\u00a0\u00a0 amis voici\u00a0 le dossier Halte \u00e0 la biomascarade en <a href=\"https:\/\/lelaboratoireanarchiste.noblogs.org\/files\/2017\/02\/dossier-gardanne-fc3a9vrier-2015-leger-def.pdf\">pdf l\u00e0<\/a><\/p>\n<div class=\"textLayer\"><\/div>\n","protected":false},"excerpt":{"rendered":"<p>france bleu provence Dimanche 5 f\u00e9vrier\u00a0des centaines\u00a0\u00a0 de manifestant.es sous la pluie http:\/\/france3-regions.francetvinfo.fr\/provence-alpes-cote-d-azur\/bouches-du-rhone\/gardanne-200-personnes-manifestent-contre-centrale-biomasse-1190929.html \u00a0et aussi ce compte rendu https:\/\/www.francebleu.fr\/infos\/climat-environnement\/une-grande-manifestation-ce-dimanche-gardanne-contre-la-centrale-biomasse-1486240295 \u00a0&#8211; Lors du forum de fin de manifestation devant les d\u00e9p\u00f4ts de bois\u00a0 pr\u00eats\u00a0 pour des essais \u00a0 de la centrale \u00e0 charbon transform\u00e9e en centrale biomasse \u00e0 bois.. il y a eu plusieurs prise de [&hellip;]<\/p>\n","protected":false},"author":7964,"featured_media":0,"comment_status":"closed","ping_status":"closed","sticky":false,"template":"","format":"standard","meta":{"footnotes":""},"categories":[1],"tags":[],"class_list":["post-7767","post","type-post","status-publish","format-standard","hentry","category-general"],"_links":{"self":[{"href":"https:\/\/lelaboratoireanarchiste.noblogs.org\/index.php?rest_route=\/wp\/v2\/posts\/7767","targetHints":{"allow":["GET"]}}],"collection":[{"href":"https:\/\/lelaboratoireanarchiste.noblogs.org\/index.php?rest_route=\/wp\/v2\/posts"}],"about":[{"href":"https:\/\/lelaboratoireanarchiste.noblogs.org\/index.php?rest_route=\/wp\/v2\/types\/post"}],"author":[{"embeddable":true,"href":"https:\/\/lelaboratoireanarchiste.noblogs.org\/index.php?rest_route=\/wp\/v2\/users\/7964"}],"replies":[{"embeddable":true,"href":"https:\/\/lelaboratoireanarchiste.noblogs.org\/index.php?rest_route=%2Fwp%2Fv2%2Fcomments&post=7767"}],"version-history":[{"count":9,"href":"https:\/\/lelaboratoireanarchiste.noblogs.org\/index.php?rest_route=\/wp\/v2\/posts\/7767\/revisions"}],"predecessor-version":[{"id":7778,"href":"https:\/\/lelaboratoireanarchiste.noblogs.org\/index.php?rest_route=\/wp\/v2\/posts\/7767\/revisions\/7778"}],"wp:attachment":[{"href":"https:\/\/lelaboratoireanarchiste.noblogs.org\/index.php?rest_route=%2Fwp%2Fv2%2Fmedia&parent=7767"}],"wp:term":[{"taxonomy":"category","embeddable":true,"href":"https:\/\/lelaboratoireanarchiste.noblogs.org\/index.php?rest_route=%2Fwp%2Fv2%2Fcategories&post=7767"},{"taxonomy":"post_tag","embeddable":true,"href":"https:\/\/lelaboratoireanarchiste.noblogs.org\/index.php?rest_route=%2Fwp%2Fv2%2Ftags&post=7767"}],"curies":[{"name":"wp","href":"https:\/\/api.w.org\/{rel}","templated":true}]}}