{"id":7761,"date":"2017-02-05T21:06:39","date_gmt":"2017-02-05T20:06:39","guid":{"rendered":"https:\/\/lelaboratoireanarchiste.noblogs.org\/?p=7761"},"modified":"2017-02-06T06:27:32","modified_gmt":"2017-02-06T05:27:32","slug":"ni-ici-ni-a-bure-en-resistance-contre-la-gestion-des-dechets","status":"publish","type":"post","link":"https:\/\/lelaboratoireanarchiste.noblogs.org\/?p=7761","title":{"rendered":"Ni ici ni  \u00e0 Bure.. En r\u00e9sistance contre la \u00ab\u00a0gestion des d\u00e9chets\u00a0\u00bb."},"content":{"rendered":"<p><strong>Note: l&rsquo;ap\u00e9ro\u00a0 de soutien \u00e0 la lutte en cours c&rsquo;est\u00a0 le mercredi 8 f\u00e9vrier \u00e0 partir de\u00a0 19h , qu&rsquo;on se le dise<\/strong><\/p>\n<p>\u00ab\u00a0On se retrouve au cours\u00a0 d&rsquo;un ap\u00e9ro \u00e0 partir 19h autour d&rsquo;une pr\u00e9sentation de la lutte contre un\u00a0 projet d\u2019enfouissement de d\u00e9chets nucl\u00e9aires \u00e0 Bure. Depuis plusieurs mois, le bois Lejuc est <a href=\"http:\/\/lavoiedujaguar.net\/Bure-expulsion-imminente-des\">occup\u00e9<\/a> pour emp\u00eacher les travaux pr\u00e9paratoires que veut mener l\u2019ANDRA. Sur place, les gens s\u2019organisent ensemble pour habiter la for\u00eat. En r\u00e9ponse \u00e0 la menace d\u2019expulsion, un appel \u00e0 actions sur place comme ailleurs a \u00e9t\u00e9 lanc\u00e9 entre le 14 et le 18 f\u00e9vrier. Il y a aussi\u00a0 le samedi 18,\u00a0 un appel \u00e0 manif \u00e0 Bure . Plus d\u2019infos sur<a href=\"http:\/\/vmc.camp\"> vmc.camp<\/a><\/p>\n<h4 class=\"western\"><span style=\"color: #666699\">Ci-dessous leur appel :<\/span><\/h4>\n<p>\u00e0 retrouver aussi sur <a href=\"http:\/\/zad.nadir.org\/spip.php?article4337\" target=\"_blank\">zad.nadir<\/a><\/p>\n<p>on retrouve l&rsquo;appel sur i<a href=\"https:\/\/grenoble.indymedia.org\">ndymedia grenoble<\/a><\/p>\n<p>c&rsquo;est au\u00a0 laboratoire c\u2019est <strong>au 8<\/strong> place St jean ( celle du march\u00e9 couvert) ,<\/p>\n","protected":false},"excerpt":{"rendered":"<p>Note: l&rsquo;ap\u00e9ro\u00a0 de soutien \u00e0 la lutte en cours c&rsquo;est\u00a0 le mercredi 8 f\u00e9vrier \u00e0 partir de\u00a0 19h , qu&rsquo;on se le dise \u00ab\u00a0On se retrouve au cours\u00a0 d&rsquo;un ap\u00e9ro \u00e0 partir 19h autour d&rsquo;une pr\u00e9sentation de la lutte contre un\u00a0 projet d\u2019enfouissement de d\u00e9chets nucl\u00e9aires \u00e0 Bure. Depuis plusieurs mois, le bois Lejuc est [&hellip;]<\/p>\n","protected":false},"author":7964,"featured_media":0,"comment_status":"closed","ping_status":"closed","sticky":false,"template":"","format":"standard","meta":{"footnotes":""},"categories":[1],"tags":[],"class_list":["post-7761","post","type-post","status-publish","format-standard","hentry","category-general"],"_links":{"self":[{"href":"https:\/\/lelaboratoireanarchiste.noblogs.org\/index.php?rest_route=\/wp\/v2\/posts\/7761","targetHints":{"allow":["GET"]}}],"collection":[{"href":"https:\/\/lelaboratoireanarchiste.noblogs.org\/index.php?rest_route=\/wp\/v2\/posts"}],"about":[{"href":"https:\/\/lelaboratoireanarchiste.noblogs.org\/index.php?rest_route=\/wp\/v2\/types\/post"}],"author":[{"embeddable":true,"href":"https:\/\/lelaboratoireanarchiste.noblogs.org\/index.php?rest_route=\/wp\/v2\/users\/7964"}],"replies":[{"embeddable":true,"href":"https:\/\/lelaboratoireanarchiste.noblogs.org\/index.php?rest_route=%2Fwp%2Fv2%2Fcomments&post=7761"}],"version-history":[{"count":5,"href":"https:\/\/lelaboratoireanarchiste.noblogs.org\/index.php?rest_route=\/wp\/v2\/posts\/7761\/revisions"}],"predecessor-version":[{"id":7766,"href":"https:\/\/lelaboratoireanarchiste.noblogs.org\/index.php?rest_route=\/wp\/v2\/posts\/7761\/revisions\/7766"}],"wp:attachment":[{"href":"https:\/\/lelaboratoireanarchiste.noblogs.org\/index.php?rest_route=%2Fwp%2Fv2%2Fmedia&parent=7761"}],"wp:term":[{"taxonomy":"category","embeddable":true,"href":"https:\/\/lelaboratoireanarchiste.noblogs.org\/index.php?rest_route=%2Fwp%2Fv2%2Fcategories&post=7761"},{"taxonomy":"post_tag","embeddable":true,"href":"https:\/\/lelaboratoireanarchiste.noblogs.org\/index.php?rest_route=%2Fwp%2Fv2%2Ftags&post=7761"}],"curies":[{"name":"wp","href":"https:\/\/api.w.org\/{rel}","templated":true}]}}