{"id":7752,"date":"2017-02-04T09:43:48","date_gmt":"2017-02-04T08:43:48","guid":{"rendered":"https:\/\/lelaboratoireanarchiste.noblogs.org\/?p=7752"},"modified":"2017-02-04T13:30:14","modified_gmt":"2017-02-04T12:30:14","slug":"benjamin-peret-surrealiste-et-revolutionnaire","status":"publish","type":"post","link":"https:\/\/lelaboratoireanarchiste.noblogs.org\/?p=7752","title":{"rendered":"Benjamin P\u00e9ret, surr\u00e9aliste et r\u00e9volutionnaire"},"content":{"rendered":"<p>note: Benjamin P\u00e9ret a\u00a0 fait parti largement \u00a0 des fragments de cette\u00a0 soir\u00e9e, des<a href=\"http:\/\/www.larevuedesressources.org\/theorie-de-la-derive,038.html\"> d\u00e9rives psycho g\u00e9ographique<\/a> , \u00a0 du\u00a0 <a href=\"https:\/\/lelaboratoireanarchiste.noblogs.org\/post\/2017\/02\/01\/rappel-marche-a-gardanne-dimanche-5-fevrier\">3 f\u00e9vrier,<\/a><\/p>\n<hr \/>\n<p class=\"titre\">voici<\/p>\n<p class=\"titre\">\u00a0la Lettre \u00e0 Andr\u00e9 Breton<\/p>\n<p class=\"date-pub\">11 ao\u00fbt 1936<\/p>\n<p>Mon tr\u00e8s cher Andr\u00e9 ,<\/p>\n<p>Si tu voyais Barcelone telle qu&rsquo;elle est aujourd&rsquo;hui, \u00e9maill\u00e9e de barricades, d\u00e9cor\u00e9e d&rsquo;\u00e9glises incendi\u00e9es dont il ne reste plus que les quatre murs, tu serais comme moi, tu exulterais. D&rsquo;ailleurs d\u00e8s qu&rsquo;on a pass\u00e9 la fronti\u00e8re \u00e7a commence. La premi\u00e8re maison qu&rsquo;on voit en territoire espagnol, une grande villa entour\u00e9e d&rsquo;un parc a \u00e9t\u00e9 saisie par le Comit\u00e9 ouvrier de Puigcerda. Dans ce village en arrivant on entend un bruit de tonnerre. C&rsquo;est une \u00e9glise que les ouvriers, non contents de l&rsquo;avoir incendi\u00e9e, jettent \u00e0 bas avec une rage et une joie qui fait plaisir \u00e0 voir. Des \u00e9glises incendi\u00e9es ou priv\u00e9es de leurs cloches, on ne voit que \u00e7a en Catalogne, tout le long de l&rsquo;affreux petit tortillard que j&rsquo;avais emprunt\u00e9 pour aller de Puigcerda \u00e0 Barcelone et qui m&rsquo;a paru une promenade f\u00e9erique. A Barcelone, plus de police. La garde rouge circule dans les autos r\u00e9quisitionn\u00e9es par la F.A.I., le P.O.U.M. et [le] P.S.U.C. Et il ne fait pas bon ne pas \u00eatre en r\u00e8gle car c&rsquo;est la cave o\u00f9 le d\u00e9linquant est aussit\u00f4t fusill\u00e9 sans autre forme de proc\u00e8s. Les anarchistes sont pratiquement les ma\u00eetres de la Catalogne et la seule force qu&rsquo;ils aient en face d&rsquo;eux est le P.O.U.M. Le rapport entre eux et nous est de 3 \u00e0 1 ce qui n&rsquo;est pas excessif et dans les circonstances actuelles peut facilement changer. Nous avons 15.000 hommes arm\u00e9s et ils en ont 40 \u00e0 50.000. Les communistes qui ont fusionn\u00e9 avec trois ou quatre petits partis sont une force n\u00e9gligeable. Dans leur journal, ils ont d\u00e9clar\u00e9 vendredi qu&rsquo;il ne s&rsquo;agissait pas de la r\u00e9volution prol\u00e9tarienne mais de soutenir la r\u00e9publique et que quiconque tenterait de faire la r\u00e9volution les trouverait avec leurs milices en face de lui. Ils annoncent donc leur intention de saboter la r\u00e9volution, mais je ne crois pas qu&rsquo;ils en aient le pouvoir.<\/p>\n<p>Les nouvelles du front sont excellentes. En outre 30 avions sont arriv\u00e9s hier et l&rsquo;on attend des tanks. Alors ce sera l&rsquo;attaque d\u00e9finitive de Saragosse qui d&rsquo;apr\u00e8s les sp\u00e9cialistes doit tomber en 48 heures.<\/p>\n<p>Je t\u00e2cherai de t&rsquo;\u00e9crire plus longuement ces jours-ci. Le courrier a\u00e9rien part tout \u00e0 l&rsquo;heure.<br \/>\nAmiti\u00e9s \u00e0 tous et excuse-moi aupr\u00e8s des amis de ne pas \u00e9crire mais je n&rsquo;en ai gu\u00e8re le temps. Je dois partir au front ces jours-ci en mission politique.<\/p>\n<p>Benjamin.<\/p>\n<h1 class=\"post-title\">Benjamin P\u00e9ret, surr\u00e9aliste et r\u00e9volutionnaire<\/h1>\n<p>pour continuer \u00e0 lire autour de Benjamin P\u00e9ret on propose de \u00a0 lire\u00a0\u00a0<a href=\"http:\/\/www.zones-subversives.com\/2016\/12\/benjamin-peret-surrealiste-et-revolutionnaire.html\"> ce site<\/a><\/p>\n","protected":false},"excerpt":{"rendered":"<p>note: Benjamin P\u00e9ret a\u00a0 fait parti largement \u00a0 des fragments de cette\u00a0 soir\u00e9e, des d\u00e9rives psycho g\u00e9ographique , \u00a0 du\u00a0 3 f\u00e9vrier, voici \u00a0la Lettre \u00e0 Andr\u00e9 Breton 11 ao\u00fbt 1936 Mon tr\u00e8s cher Andr\u00e9 , Si tu voyais Barcelone telle qu&rsquo;elle est aujourd&rsquo;hui, \u00e9maill\u00e9e de barricades, d\u00e9cor\u00e9e d&rsquo;\u00e9glises incendi\u00e9es dont il ne reste plus [&hellip;]<\/p>\n","protected":false},"author":7964,"featured_media":0,"comment_status":"closed","ping_status":"closed","sticky":false,"template":"","format":"standard","meta":{"footnotes":""},"categories":[1],"tags":[],"class_list":["post-7752","post","type-post","status-publish","format-standard","hentry","category-general"],"_links":{"self":[{"href":"https:\/\/lelaboratoireanarchiste.noblogs.org\/index.php?rest_route=\/wp\/v2\/posts\/7752","targetHints":{"allow":["GET"]}}],"collection":[{"href":"https:\/\/lelaboratoireanarchiste.noblogs.org\/index.php?rest_route=\/wp\/v2\/posts"}],"about":[{"href":"https:\/\/lelaboratoireanarchiste.noblogs.org\/index.php?rest_route=\/wp\/v2\/types\/post"}],"author":[{"embeddable":true,"href":"https:\/\/lelaboratoireanarchiste.noblogs.org\/index.php?rest_route=\/wp\/v2\/users\/7964"}],"replies":[{"embeddable":true,"href":"https:\/\/lelaboratoireanarchiste.noblogs.org\/index.php?rest_route=%2Fwp%2Fv2%2Fcomments&post=7752"}],"version-history":[{"count":8,"href":"https:\/\/lelaboratoireanarchiste.noblogs.org\/index.php?rest_route=\/wp\/v2\/posts\/7752\/revisions"}],"predecessor-version":[{"id":7760,"href":"https:\/\/lelaboratoireanarchiste.noblogs.org\/index.php?rest_route=\/wp\/v2\/posts\/7752\/revisions\/7760"}],"wp:attachment":[{"href":"https:\/\/lelaboratoireanarchiste.noblogs.org\/index.php?rest_route=%2Fwp%2Fv2%2Fmedia&parent=7752"}],"wp:term":[{"taxonomy":"category","embeddable":true,"href":"https:\/\/lelaboratoireanarchiste.noblogs.org\/index.php?rest_route=%2Fwp%2Fv2%2Fcategories&post=7752"},{"taxonomy":"post_tag","embeddable":true,"href":"https:\/\/lelaboratoireanarchiste.noblogs.org\/index.php?rest_route=%2Fwp%2Fv2%2Ftags&post=7752"}],"curies":[{"name":"wp","href":"https:\/\/api.w.org\/{rel}","templated":true}]}}