{"id":7729,"date":"2017-02-01T23:24:48","date_gmt":"2017-02-01T22:24:48","guid":{"rendered":"https:\/\/lelaboratoireanarchiste.noblogs.org\/?p=7729"},"modified":"2017-02-03T16:03:38","modified_gmt":"2017-02-03T15:03:38","slug":"rappel-marche-a-gardanne-dimanche-5-fevrier","status":"publish","type":"post","link":"https:\/\/lelaboratoireanarchiste.noblogs.org\/?p=7729","title":{"rendered":"Rappel : marche \u00e0 Gardanne dimanche 5 f\u00e9vrier (mise \u00e0 jour)"},"content":{"rendered":"<p>note: <strong>si jamais ,\u00a0 celles et ceux qui ne supportent plus\u00a0 du tout &#8230;\u00a0 Passez nous\u00a0 voir et boire\u00a0 au laboratoire\u00a0 vendredi 3 f\u00e9vrier, \u00e0 l&rsquo;ap\u00e9ro autour de 19h.. On pourra discuter peut \u00eatre de l&rsquo;initiative du 5 f\u00e9vrier <a href=\"http:\/\/bogues.fr\">contre E.on et son monde<\/a> ,\u00a0 pour le recours aux for\u00eats\u00a0 et le pr\u00e9sent des communes, organisons nous.. Et toujours pour nous\u00a0 \u00e0<a href=\"http:\/\/cvgg.eklablog.com\"> dimanche <\/a><br \/>\n<\/strong><\/p>\n<p><strong>voici le texte de l&rsquo;affiche apr\u00e8s une\u00a0 correction de l&rsquo;orthographe du texte\u00a0 recopi\u00e9 de l&rsquo;affiche originale<br \/>\n<\/strong><\/p>\n<p>&nbsp;<\/p>\n<p>&nbsp;<\/p>\n<p align=\"center\"><span style=\"font-size: large\"><b>L&rsquo;\u00e9co- d\u00e9forestation qui vient <\/b><\/span><\/p>\n<p align=\"left\"><span style=\"font-size: large\">\u00ab\u00a0 la d\u00e9forestation \u00bb du Testet ne s&rsquo;est pas tant faite \u00e0 coups de tron\u00e7onneuses qu&rsquo;avec d&rsquo;\u00e9normes machines ( abatteuses et broyeuses ) transforment instantan\u00e9ment la for\u00eat en lit de copeaux . C&rsquo;est plus rapide et plus rentables mais il importe de souligner que ces nouvelles m\u00e9thodes sont intimement li\u00e9es au d\u00e9veloppement de nouvelles technologies de \u00ab\u00a0chauffage \u00e9cologique\u00a0\u00bb <\/span><\/p>\n<p align=\"left\"><span style=\"font-size: large\">Depuis quelques ann\u00e9es , de nouveaux po\u00eales \u00e0 \u00ab\u00a0biomasse \u00a0\u00bb apparaissent aliment\u00e9s automatiquement \u00e0 l&rsquo;aide de granul\u00e9s ou de plaquettes de broyat de bois. Pratique pour celles et ceux qui n&rsquo;ont pas envie d&rsquo;alimenter leur po\u00eale toutes les deux heures, et, quand on conna\u00eet les nuisances li\u00e9es \u00e0 l&rsquo;\u00e9nergie nucl\u00e9aire et \u00e0 la p\u00e9trochimie, apparemment plus \u00e9cologique. Mais en r\u00e9alit\u00e9, le passage de la b\u00fbche au granul\u00e9, de l&rsquo;alimentation manuelle \u00e0 celle automatique, transforme le bois en combustible aussi fluide que le mazout. Et cette automatisation en aval de la fili\u00e8re \u00ab\u00a0 bois de chauffe\u00a0\u00bb implique son industrialisation en amont: plus besoin d&rsquo;abattre les arbres \u00e0 la main, il suffit de les broyer \u00e0 la machine . Seulement il faut pour cela des parcelles suffisamment vastes. De m\u00eame que l&rsquo;industrialisation de l&rsquo;agriculture a suppos\u00e9 le remembrement des champs, il faut aujourd&rsquo;hui \u00ab\u00a0remembrer\u00bb les for\u00eat fran\u00e7aises, pour en industrialiser l&rsquo;exploitation &#8211; et nos d\u00e9cideurs s&rsquo;en chargent. Encore une fois, le recours \u00e0 de nouvelles techniques ne fait que l&rsquo;aggraver . Et tout cela permet l&rsquo;essor de nouvelles fili\u00e8res industrielles pour que le capital prosp\u00e8re \u00e0 l&rsquo;infini . Amis des for\u00eats , gare aux po\u00eales \u00e0 granul\u00e9.\u00a0\u00bb<\/span><\/p>\n<p align=\"left\"><span style=\"font-size: large\">Tout es dit\u00a0: derri\u00e8re chaque sortil\u00e8ge de productivit\u00e9 accrue et de \u00a0\u00bbfacilit\u00e9 \u00a0\u00bb pour les consommateurs proc\u00e8dent conjointement la r\u00e9duction du vivant \u00e0 choses manipulables et celles des territoires \u00e0 n&rsquo;\u00eatre que support pour fonctionnalit\u00e9s: au final, nous m\u00eames devant nous abstraire de nos vies , de leur impulsions communautaires , pour en \u00eatre soulag\u00e9s et cantonn\u00e9s \u00e0 une personnalit\u00e9s juridique ( et ses codes \u00a0\u00bbperso\u00a0\u00a0\u00bb d\u2019acc\u00e8s \u00e0 tout) isol\u00e9e et inqui\u00e9te.<\/span><\/p>\n<p align=\"left\"><span style=\"font-size: large\">La revue Bogues ( trois num\u00e9ros \u00a0\u00bbpapier\u00a0\u00bb d\u00e9j\u00e0 parus, et par ailleurs bogues. fr) est \u00e9labor\u00e9e dans les C\u00e9vennes\u00a0; elle a pris parti contre la conversion du monde de la for\u00eat en une ressource de \u00a0\u00bbbiomasse\u00a0\u00bb et elle participe \u00e0 la remise en cause plus vaste des rapports entre les humains et entre les humains et la nature . Hors de cela, il lui semble que le pi\u00e8ge contenu dans la m\u00e9diation technologique ( nucl\u00e9aire, num\u00e9rique, biotechnologie\u2026.) risque de se refermer.<\/span><\/p>\n<p align=\"left\">texte en lien pr\u00eat \u00e0<a href=\"https:\/\/lelaboratoireanarchiste.noblogs.org\/files\/2017\/02\/Sans-nom-17.pdf\"> diffuser ici<\/a><\/p>\n<p align=\"left\"><strong>\u00a0<\/strong><\/p>\n<p>&nbsp;<\/p>\n<hr \/>\n<p>Bonjour,<\/p>\n<p>&nbsp;<\/p>\n<p>Vous trouverez en lien le texte d\u2019une affiche qui r\u00e9sume assez bien \u00e0 quoi nous pouvons nous attendre lorsqu\u2019on nous parle aujourd\u2019hui de transition \u00e9nerg\u00e9tique ou de reconversion \u00e9cologique sans sortir du capitalisme et de ses moyens de production\u00a0 industrielle :<\/p>\n<p>&nbsp;<\/p>\n<p><a href=\"https:\/\/lelaboratoireanarchiste.noblogs.org\/post\/2017\/01\/26\/leco-deforestation-qui-vient\/\">https:\/\/lelaboratoireanarchiste.noblogs.org\/post\/2017\/01\/26\/leco-deforestation-qui-vient\/<\/a><\/p>\n<p>&nbsp;<\/p>\n<p>&nbsp;<\/p>\n<p><strong>Rendez-vous dimanche 5 f\u00e9vrier 2017 \u00e0 10h 30 devant la mairie de Gardanne pour une marche contre le pillage des for\u00eats au nom de la transition \u00e9nerg\u00e9tique. <\/strong><\/p>\n<p>&nbsp;<\/p>\n<p>Merci de faire suivre,<\/p>\n<p>&nbsp;<\/p>\n<p>Henri<\/p>\n","protected":false},"excerpt":{"rendered":"<p>note: si jamais ,\u00a0 celles et ceux qui ne supportent plus\u00a0 du tout &#8230;\u00a0 Passez nous\u00a0 voir et boire\u00a0 au laboratoire\u00a0 vendredi 3 f\u00e9vrier, \u00e0 l&rsquo;ap\u00e9ro autour de 19h.. On pourra discuter peut \u00eatre de l&rsquo;initiative du 5 f\u00e9vrier contre E.on et son monde ,\u00a0 pour le recours aux for\u00eats\u00a0 et le pr\u00e9sent des communes, [&hellip;]<\/p>\n","protected":false},"author":7964,"featured_media":0,"comment_status":"closed","ping_status":"closed","sticky":false,"template":"","format":"standard","meta":{"footnotes":""},"categories":[2,1],"tags":[],"class_list":["post-7729","post","type-post","status-publish","format-standard","hentry","category-emission-radio-labo","category-general"],"_links":{"self":[{"href":"https:\/\/lelaboratoireanarchiste.noblogs.org\/index.php?rest_route=\/wp\/v2\/posts\/7729","targetHints":{"allow":["GET"]}}],"collection":[{"href":"https:\/\/lelaboratoireanarchiste.noblogs.org\/index.php?rest_route=\/wp\/v2\/posts"}],"about":[{"href":"https:\/\/lelaboratoireanarchiste.noblogs.org\/index.php?rest_route=\/wp\/v2\/types\/post"}],"author":[{"embeddable":true,"href":"https:\/\/lelaboratoireanarchiste.noblogs.org\/index.php?rest_route=\/wp\/v2\/users\/7964"}],"replies":[{"embeddable":true,"href":"https:\/\/lelaboratoireanarchiste.noblogs.org\/index.php?rest_route=%2Fwp%2Fv2%2Fcomments&post=7729"}],"version-history":[{"count":11,"href":"https:\/\/lelaboratoireanarchiste.noblogs.org\/index.php?rest_route=\/wp\/v2\/posts\/7729\/revisions"}],"predecessor-version":[{"id":7750,"href":"https:\/\/lelaboratoireanarchiste.noblogs.org\/index.php?rest_route=\/wp\/v2\/posts\/7729\/revisions\/7750"}],"wp:attachment":[{"href":"https:\/\/lelaboratoireanarchiste.noblogs.org\/index.php?rest_route=%2Fwp%2Fv2%2Fmedia&parent=7729"}],"wp:term":[{"taxonomy":"category","embeddable":true,"href":"https:\/\/lelaboratoireanarchiste.noblogs.org\/index.php?rest_route=%2Fwp%2Fv2%2Fcategories&post=7729"},{"taxonomy":"post_tag","embeddable":true,"href":"https:\/\/lelaboratoireanarchiste.noblogs.org\/index.php?rest_route=%2Fwp%2Fv2%2Ftags&post=7729"}],"curies":[{"name":"wp","href":"https:\/\/api.w.org\/{rel}","templated":true}]}}