{"id":7723,"date":"2017-01-30T23:26:08","date_gmt":"2017-01-30T22:26:08","guid":{"rendered":"https:\/\/lelaboratoireanarchiste.noblogs.org\/?p=7723"},"modified":"2017-01-30T23:26:18","modified_gmt":"2017-01-30T22:26:18","slug":"montlaur-en-diois-drome-une-ferme-bientot-expulsee","status":"publish","type":"post","link":"https:\/\/lelaboratoireanarchiste.noblogs.org\/?p=7723","title":{"rendered":"Montlaur-en-Diois ( Dr\u00f4me): Une ferme bient\u00f4t expuls\u00e9e"},"content":{"rendered":"<p>lu\u00a0 sur https:\/\/fr.squat.net<\/p>\n<p><img decoding=\"async\" src=\"https:\/\/fr.squat.net\/uploads\/2017\/01\/haute_viere_001-600x203.jpg\" alt=\"https:\/\/fr.squat.net\/uploads\/2017\/01\/haute_viere_001-600x203.jpg\" \/><\/p>\n<p>Haute-Vi\u00e8re est habit\u00e9e depuis f\u00e9vrier 2014 par une personne, avec la bienveillance et le soutien de son propri\u00e9taire, agriculteur \u00e0 la retraite. Une jolie relation se tisse.<\/p>\n<p>Cette premi\u00e8re personne est bient\u00f4t rejointe par sept autres qui cr\u00e9ent le collectif et l\u2019association T\u2019air Libre, afin d\u2019organiser sur les lieux (les b\u00e2timents et les soixante hectares adjacents) un centre agricole et culturel.<\/p>\n<p>L\u2019association met en \u0153uvre des pratiques antisp\u00e9cistes, f\u00e9ministes, anti-\u00e2gistes, et de tous types d\u2019autonomisation.<\/p>\n<hr \/>\n<p>Parmi les activit\u00e9s et possibilit\u00e9s offertes par le lieu :<\/p>\n<ul>\n<li>accueil de stages de clowns, d\u2019une troupe de th\u00e9\u00e2tre,<\/li>\n<li>mais aussi de gens en difficult\u00e9, ou simplement de passage,<\/li>\n<li>une zone de gratuit\u00e9,<\/li>\n<li>du mara\u00eechage,<\/li>\n<li>de la pension contre service pour des chevaux et des \u00e2nes,<\/li>\n<li>des projections,<\/li>\n<li>une conf\u00e9rence gesticul\u00e9e,<\/li>\n<\/ul>\n<p>\u00c0 l\u2019automne 2015, les enfants du propri\u00e9taire ont voulu r\u00e9cup\u00e9rer les lieux afin d\u2019en r\u00e9colter une tr\u00e8s jolie plus-value. Manque de chance pour eux : papa avait sign\u00e9 un bail rural avec l\u2019association pour l\u2019occupation de la maison et des soixante hectares de terrain.<\/p>\n<p>Pour ceci, il leur faudra mettre papa sous tutelle, afin de mieux lui imposer la maison de retraite puis l\u2019EHPAD (\u00c9tablissements d\u2019H\u00e9bergement pour Personnes \u00c2g\u00e9es D\u00e9pendantes), op\u00e9ration qui leur permettra de porter plainte contre la premi\u00e8re occupante pour abus de faiblesse, et contre l\u2019association pour faire casser le bail.<\/p>\n<p>Papa en mourra dans l\u2019ann\u00e9e suivante.<\/p>\n<p>Les habitants ayant perdu leur proc\u00e8s, voici l\u2019association, compos\u00e9e d\u2019anciens squatteurs acceptant un cadre l\u00e9gal redevenir une assembl\u00e9e de m\u00e9chants occupants sans droit ni titre.<\/p>\n<p>Un commandement de quitter les lieux a \u00e9t\u00e9 ordonn\u00e9 pour le 29 janvier, malgr\u00e9 la tr\u00eave hivernale et leur statut de locataire<\/p>\n<p>Ce matin, 30 janvier d\u00e8s huit heures, les propri\u00e9taires ont une fois de plus d\u00e9barqu\u00e9 sur les lieux, mena\u00e7ant les occupants, arm\u00e9s de couteaux et de b\u00e2tons, avant de repartir. L\u2019huissi\u00e8re est arriv\u00e9e deux heures plus tard pour constater que les lieux \u00e9taient toujours occup\u00e9s avant de faire appel \u00e0 la force publique.<\/p>\n<p>Les habitants de la maison et l\u2019association vous invitent donc \u00e0 venir passer du temps, une soir\u00e9e, une nuit, une semaine ou plus sur affinit\u00e9 afin de les soutenir, de profiter des lieux une derni\u00e8re fois avant la fin de l\u2019hiver, de les aider \u00e0 d\u00e9m\u00e9nager, ou m\u00eame profiter de la zone de gratuit\u00e9.<\/p>\n","protected":false},"excerpt":{"rendered":"<p>lu\u00a0 sur https:\/\/fr.squat.net Haute-Vi\u00e8re est habit\u00e9e depuis f\u00e9vrier 2014 par une personne, avec la bienveillance et le soutien de son propri\u00e9taire, agriculteur \u00e0 la retraite. Une jolie relation se tisse. Cette premi\u00e8re personne est bient\u00f4t rejointe par sept autres qui cr\u00e9ent le collectif et l\u2019association T\u2019air Libre, afin d\u2019organiser sur les lieux (les b\u00e2timents et [&hellip;]<\/p>\n","protected":false},"author":7964,"featured_media":0,"comment_status":"closed","ping_status":"closed","sticky":false,"template":"","format":"standard","meta":{"footnotes":""},"categories":[1],"tags":[],"class_list":["post-7723","post","type-post","status-publish","format-standard","hentry","category-general"],"_links":{"self":[{"href":"https:\/\/lelaboratoireanarchiste.noblogs.org\/index.php?rest_route=\/wp\/v2\/posts\/7723","targetHints":{"allow":["GET"]}}],"collection":[{"href":"https:\/\/lelaboratoireanarchiste.noblogs.org\/index.php?rest_route=\/wp\/v2\/posts"}],"about":[{"href":"https:\/\/lelaboratoireanarchiste.noblogs.org\/index.php?rest_route=\/wp\/v2\/types\/post"}],"author":[{"embeddable":true,"href":"https:\/\/lelaboratoireanarchiste.noblogs.org\/index.php?rest_route=\/wp\/v2\/users\/7964"}],"replies":[{"embeddable":true,"href":"https:\/\/lelaboratoireanarchiste.noblogs.org\/index.php?rest_route=%2Fwp%2Fv2%2Fcomments&post=7723"}],"version-history":[{"count":1,"href":"https:\/\/lelaboratoireanarchiste.noblogs.org\/index.php?rest_route=\/wp\/v2\/posts\/7723\/revisions"}],"predecessor-version":[{"id":7724,"href":"https:\/\/lelaboratoireanarchiste.noblogs.org\/index.php?rest_route=\/wp\/v2\/posts\/7723\/revisions\/7724"}],"wp:attachment":[{"href":"https:\/\/lelaboratoireanarchiste.noblogs.org\/index.php?rest_route=%2Fwp%2Fv2%2Fmedia&parent=7723"}],"wp:term":[{"taxonomy":"category","embeddable":true,"href":"https:\/\/lelaboratoireanarchiste.noblogs.org\/index.php?rest_route=%2Fwp%2Fv2%2Fcategories&post=7723"},{"taxonomy":"post_tag","embeddable":true,"href":"https:\/\/lelaboratoireanarchiste.noblogs.org\/index.php?rest_route=%2Fwp%2Fv2%2Ftags&post=7723"}],"curies":[{"name":"wp","href":"https:\/\/api.w.org\/{rel}","templated":true}]}}