{"id":7712,"date":"2017-01-29T12:07:21","date_gmt":"2017-01-29T11:07:21","guid":{"rendered":"https:\/\/lelaboratoireanarchiste.noblogs.org\/?p=7712"},"modified":"2017-01-30T06:40:49","modified_gmt":"2017-01-30T05:40:49","slug":"calais-le-retour-des-refugies","status":"publish","type":"post","link":"https:\/\/lelaboratoireanarchiste.noblogs.org\/?p=7712","title":{"rendered":"Calais: le  retour des r\u00e9fugi\u00e9s"},"content":{"rendered":"<div class=\"Maw(100%) Pos(r) H(0) Cur(p)\">\u00a0Note des individus associ\u00e9-e-s\u00a0 :Dans la Dr\u00f4me un constat <a href=\"http:\/\/www.aubanar.lautre.net\/valence-drome-cinq-exiles-de-calais-menaces-dexpulsion\">relat\u00e9\u00a0 ici<\/a>, pourtant<a href=\"http:\/\/www.aubanar.lautre.net\/valence-drome-cinq-exiles-de-calais-menaces-dexpulsion\">\u00a0 <\/a>des r\u00e9unions d&rsquo;information sont pr\u00e9vues, l&rsquo;une mardi 31 janvier \u00e0 partir de 18h30 La soir\u00e9e aura lieu au p\u00f4le universitaire Latour Maubourg,\u00a0 87avenue de Romans \u00e0 Valence<\/div>\n<div class=\"Maw(100%) Pos(r) H(0) Cur(p)\"><\/div>\n<p class=\"canvas-atom canvas-text Mb(1.0em) Mb(0)--sm Mt(0.8em)--sm\"><del>Paris (AFP)<\/del> -27 janvier 2017<\/p>\n<p class=\"canvas-atom canvas-text Mb(1.0em) Mb(0)--sm Mt(0.8em)--sm\">Trois mois apr\u00e8s le d\u00e9mant\u00e8lement de la \u00ab\u00a0Jungle\u00a0\u00bb, les migrants commencent \u00e0 revenir vers Calais, \u00e0 la grande inqui\u00e9tude des associations qui seront re\u00e7ues lundi par les ministres de l&rsquo;Int\u00e9rieur et du Logement, Bruno Le Roux et Emmanuelle Cosse.<\/p>\n<p class=\"canvas-atom canvas-text Mb(1.0em) Mb(0)--sm Mt(0.8em)--sm\">\u00ab\u00a0La population s&rsquo;est remise \u00e0 augmenter depuis le 1er janvier\u00a0\u00bb, assure Jean-Claude Lenoir de l&rsquo;association Salam, selon qui ce ne sont \u00ab\u00a0pas des chiffres faramineux, on rencontre entre 150 et 200 personnes par jour\u00a0\u00bb. Mais \u00ab\u00a0ils dorment sous les ponts, dans les buissons&#8230; Par -9 degr\u00e9s ressentis, c&rsquo;est un scandale et une catastrophe\u00a0\u00bb, estime cette figure de l&rsquo;aide aux migrants dans le Calaisis. \u00ab\u00a0Il est temps que le gouvernement fasse quelque chose!\u00a0\u00bb<\/p>\n<p class=\"canvas-atom canvas-text Mb(1.0em) Mb(0)--sm Mt(0.8em)--sm\">Une r\u00e9union &#8212; la premi\u00e8re depuis le d\u00e9mant\u00e8lement fin octobre du vaste bidonville avec la mise \u00e0 l&rsquo;abri de plus de 7.000 personnes &#8212; est organis\u00e9e lundi 30 \/01 au minist\u00e8re du Logement, sous la houlette d&rsquo;Emmanuelle Cosse et de Bruno Le Roux, \u00e0 laquelle ont \u00e9t\u00e9 invit\u00e9s les principales associations de terrain mais aussi des repr\u00e9sentants du logement social, du Haut Commissariat de l&rsquo;ONU aux r\u00e9fugi\u00e9s&#8230;<\/p>\n<p class=\"canvas-atom canvas-text Mb(1.0em) Mb(0)--sm Mt(0.8em)--sm\">Au programme selon l&rsquo;invitation: situation dans le Calaisis, Centres d&rsquo;accueil et d&rsquo;orientation (CAO), examen des dispositifs \u00ab\u00a0n\u00e9cessaires et sp\u00e9cifiques\u00a0\u00bb dans les Hauts-de-France.<\/p>\n<p class=\"canvas-atom canvas-text Mb(1.0em) Mb(0)--sm Mt(0.8em)--sm\">\u00ab\u00a0Cela fait des mois qu&rsquo;on n&rsquo;a pas eu de r\u00e9union, on va devoir aborder un grand nombre de points qu&rsquo;il aurait fallu traiter au fil de l&rsquo;eau\u00a0\u00bb, soupire Fr\u00e9d\u00e9ric Amiel d&rsquo;Emma\u00fcs.<\/p>\n<p class=\"canvas-atom canvas-text Mb(1.0em) Mb(0)--sm Mt(0.8em)--sm\">L&rsquo;accueil sur place figure en haut de l&rsquo;agenda des associations, qui comptent rappeler la promesse de cr\u00e9er \u00ab\u00a0des dispositifs de prise en charge des migrants qui reviendraient \u00e0 Calais\u00a0\u00bb, prononc\u00e9e d\u00e9but novembre par Bernard Cazeneuve, alors ministre de l&rsquo;Int\u00e9rieur.<\/p>\n<p class=\"canvas-atom canvas-text Mb(1.0em) Mb(0)--sm Mt(0.8em)--sm\">Sur ce dernier point, \u00ab\u00a0il est aberrant d&rsquo;avoir fait l&rsquo;impasse sur le dispositif d&rsquo;accueil d&rsquo;urgence\u00a0\u00bb, estime M. Lenoir.<\/p>\n<p class=\"canvas-atom canvas-text Mb(1.0em) Mb(0)--sm Mt(0.8em)--sm\">\u00ab\u00a0On attend toujours. Il n&rsquo;y a rien. Les r\u00e9unions qu&rsquo;on a pu avoir avec la pr\u00e9f\u00e8te et le sous-pr\u00e9fet nous laissent craindre qu&rsquo;il n&rsquo;est rien pr\u00e9vu de faire pour loger les migrants \u00e0 Calais\u00a0\u00bb, s&rsquo;inqui\u00e8te Christian Salom\u00e9 de l&rsquo;Auberge des migrants.<\/p>\n<p class=\"canvas-atom canvas-text Mb(1.0em) Mb(0)--sm Mt(0.8em)--sm\">&#8211; \u00ab\u00a0point de fixation\u00a0\u00bb &#8211;<\/p>\n<p class=\"canvas-atom canvas-text Mb(1.0em) Mb(0)--sm Mt(0.8em)--sm\">Du c\u00f4t\u00e9 de la pr\u00e9fecture, on souligne que les services de l&rsquo;Etat \u00ab\u00a0n&rsquo;ont pas constat\u00e9 la cr\u00e9ation de nouveaux camps ou de squats dans le Calaisis\u00a0\u00bb et \u00ab\u00a0restent vigilants\u00a0\u00bb pour lutter contre les passeurs.<\/p>\n<p class=\"canvas-atom canvas-text Mb(1.0em) Mb(0)--sm Mt(0.8em)--sm\">Les associations attendent \u00e9galement lundi pour en savoir plus sur le rapport command\u00e9 par les pouvoirs publics \u00e0 deux m\u00e9diateurs, Jean Aribaud et J\u00e9r\u00f4me Vignon, et dont les premi\u00e8res recommandations en juin 2015 avaient largement inspir\u00e9 l&rsquo;action publique sur la \u00ab\u00a0Lande\u00a0\u00bb.<\/p>\n<p class=\"canvas-atom canvas-text Mb(1.0em) Mb(0)--sm Mt(0.8em)--sm\">Le gros morceau, pour elles, est d&rsquo;avancer sur l&rsquo;accueil \u00e0 Calais. <strong>\u00ab\u00a0Il y a des conteneurs encore sur place, on peut red\u00e9marrer en tr\u00e8s peu de temps<\/strong>\u00ab\u00a0, souligne M. Salom\u00e9.<\/p>\n<p class=\"canvas-atom canvas-text Mb(1.0em) Mb(0)--sm Mt(0.8em)--sm\">A la Cimade, on fait valoir qu'\u00a0\u00bbil n&rsquo;est d\u00e9j\u00e0 plus possible de demander l&rsquo;asile dans le Pas-de-Calais, depuis la fermeture du guichet unique\u00a0\u00bb \u00e0 Calais.<\/p>\n<p class=\"canvas-atom canvas-text Mb(1.0em) Mb(0)--sm Mt(0.8em)--sm\">M. Lenoir \u00e9voque pour sa part un dispositif par sas successifs, avec un centre d&rsquo;urgence de 150 \u00e0 200 places \u00e0 Calais, des structures temporaires plus \u00e9loign\u00e9es, et enfin les CAO. Et \u00ab\u00a0il faut recruter des travailleurs sociaux\u00a0\u00bb pour organiser des maraudes, dit-il.<\/p>\n<p class=\"canvas-atom canvas-text Mb(1.0em) Mb(0)--sm Mt(0.8em)--sm\">Une demande sans doute difficile \u00e0 faire passer. \u00ab\u00a0Si on rouvre, on cr\u00e9e un point de fixation\u00a0\u00bb, tranche un bon connaisseur du dossier.<\/p>\n<p class=\"canvas-atom canvas-text Mb(1.0em) Mb(0)--sm Mt(0.8em)--sm\">Bernard Cazeneuve, aujourd&rsquo;hui Premier ministre, l&rsquo;avait martel\u00e9 en novembre: le d\u00e9mant\u00e8lement est \u00ab\u00a0d\u00e9finitif\u00a0\u00bb, l&rsquo;intention \u00e9tait d'\u00a0\u00bb\u00e9viter toute r\u00e9installation de campement ou de squat\u00a0\u00bb.<\/p>\n<p class=\"canvas-atom canvas-text Mb(1.0em) Mb(0)--sm Mt(0.8em)--sm\">\u00ab\u00a0On comprend les raisons politiques mais la n\u00e9cessit\u00e9 humanitaire est de mettre les gens \u00e0 l&rsquo;abri\u00a0\u00bb, souligne M. Amiel d&rsquo;Emma\u00fcs, pour qui \u00ab\u00a0la r\u00e9alit\u00e9, c&rsquo;est que les gens continuent \u00e0 vouloir passer en Grande-Bretagne\u00a0\u00bb.<\/p>\n<p class=\"canvas-atom canvas-text Mb(1.0em) Mb(0)--sm Mt(0.8em)--sm\">Au-del\u00e0 de Calais, les associations s&rsquo;inqui\u00e8tent de l&rsquo;avenir des CAO dont \u00ab\u00a0on ne sait pas ce qu&rsquo;ils vont devenir\u00a0\u00bb, note M. Amiel. \u00ab\u00a0On esp\u00e8re des propositions lundi.\u00a0\u00bb<\/p>\n<p class=\"canvas-atom canvas-text Mb(1.0em) Mb(0)--sm Mt(0.8em)--sm\">Autre sujets d&rsquo;inqui\u00e9tude, la situation \u00e0 Vintimille, les mineurs, tent\u00e9s de revenir vers Calais, ou encore le sort des migrants dans les CAO, au regard de la promesse faite par Bernard Cazeneuve de ne pas expulser de force ceux qui ont laiss\u00e9 leurs empreintes ailleurs en Europe.<\/p>\n","protected":false},"excerpt":{"rendered":"<p>\u00a0Note des individus associ\u00e9-e-s\u00a0 :Dans la Dr\u00f4me un constat relat\u00e9\u00a0 ici, pourtant\u00a0 des r\u00e9unions d&rsquo;information sont pr\u00e9vues, l&rsquo;une mardi 31 janvier \u00e0 partir de 18h30 La soir\u00e9e aura lieu au p\u00f4le universitaire Latour Maubourg,\u00a0 87avenue de Romans \u00e0 Valence Paris (AFP) -27 janvier 2017 Trois mois apr\u00e8s le d\u00e9mant\u00e8lement de la \u00ab\u00a0Jungle\u00a0\u00bb, les migrants commencent [&hellip;]<\/p>\n","protected":false},"author":7964,"featured_media":0,"comment_status":"closed","ping_status":"closed","sticky":false,"template":"","format":"standard","meta":{"footnotes":""},"categories":[1],"tags":[],"class_list":["post-7712","post","type-post","status-publish","format-standard","hentry","category-general"],"_links":{"self":[{"href":"https:\/\/lelaboratoireanarchiste.noblogs.org\/index.php?rest_route=\/wp\/v2\/posts\/7712","targetHints":{"allow":["GET"]}}],"collection":[{"href":"https:\/\/lelaboratoireanarchiste.noblogs.org\/index.php?rest_route=\/wp\/v2\/posts"}],"about":[{"href":"https:\/\/lelaboratoireanarchiste.noblogs.org\/index.php?rest_route=\/wp\/v2\/types\/post"}],"author":[{"embeddable":true,"href":"https:\/\/lelaboratoireanarchiste.noblogs.org\/index.php?rest_route=\/wp\/v2\/users\/7964"}],"replies":[{"embeddable":true,"href":"https:\/\/lelaboratoireanarchiste.noblogs.org\/index.php?rest_route=%2Fwp%2Fv2%2Fcomments&post=7712"}],"version-history":[{"count":5,"href":"https:\/\/lelaboratoireanarchiste.noblogs.org\/index.php?rest_route=\/wp\/v2\/posts\/7712\/revisions"}],"predecessor-version":[{"id":7718,"href":"https:\/\/lelaboratoireanarchiste.noblogs.org\/index.php?rest_route=\/wp\/v2\/posts\/7712\/revisions\/7718"}],"wp:attachment":[{"href":"https:\/\/lelaboratoireanarchiste.noblogs.org\/index.php?rest_route=%2Fwp%2Fv2%2Fmedia&parent=7712"}],"wp:term":[{"taxonomy":"category","embeddable":true,"href":"https:\/\/lelaboratoireanarchiste.noblogs.org\/index.php?rest_route=%2Fwp%2Fv2%2Fcategories&post=7712"},{"taxonomy":"post_tag","embeddable":true,"href":"https:\/\/lelaboratoireanarchiste.noblogs.org\/index.php?rest_route=%2Fwp%2Fv2%2Ftags&post=7712"}],"curies":[{"name":"wp","href":"https:\/\/api.w.org\/{rel}","templated":true}]}}