{"id":7687,"date":"2017-01-26T10:52:29","date_gmt":"2017-01-26T09:52:29","guid":{"rendered":"https:\/\/lelaboratoireanarchiste.noblogs.org\/?p=7687"},"modified":"2017-01-26T13:53:03","modified_gmt":"2017-01-26T12:53:03","slug":"bagnolet-montreuil-petite-balade-contre-la-justice","status":"publish","type":"post","link":"https:\/\/lelaboratoireanarchiste.noblogs.org\/?p=7687","title":{"rendered":"[Bagnolet-Montreuil] Petite balade contre la justice"},"content":{"rendered":"<div class=\"entry-content\">\n<p><a href=\"https:\/\/attaque.noblogs.org\/post\/2017\/01\/26\/bagnolet-montreuil-seine-saint-denis-petite-balade-contre-la-justice\">attaque.noblogs.org<\/a><\/p>\n<p><em><del>Indymedia Nantes<\/del> \/ mardi 24 janvier 2016<\/em><\/p>\n<p><em><img loading=\"lazy\" decoding=\"async\" class=\"alignleft size-medium wp-image-11541\" src=\"https:\/\/attaque.noblogs.org\/files\/2017\/01\/Montreuil-21-1-2017-3-300x225.jpg\" alt=\"\" width=\"300\" height=\"225\" \/>En milieu d\u2019aprem, samedi 21 janvier, quelques-un-e s\u2019\u00e9taient donn\u00e9 rendez-vous pour exprimer en acte et hors du tribunal notre solidarit\u00e9 avec Damien, enferm\u00e9 depuis le 8 d\u00e8cembre, et notre volont\u00e9 d\u2019en finir avec ce monde de juges, de flics et de fric<\/em><\/p>\n<p>Une vingtaine de personnes r\u00e9pondent pr\u00e9sentes et nous partons en balade dans les rues de bagnolet et de montreuil. A notre passage, les murs se couvrent de tags, pochoirs, affiches, autocollants. Une bander\u00f4le \u00ab\u00a0nik la justice\u00a0\u00bb sert de paravent aux tagueureuses. Dans ce quartier, peu passant mais tr\u00e8s habit\u00e9, un tract est distribu\u00e9 et les r\u00e9actions sont plut\u00f4t encourageantes.<br \/>\nA Montreuil, au 48-50 rue Voltaire, on passe devant archi5, cabinet architecte, constructeur de taule (notemment Alen\u00e7on et Vendin-le-veil) et autres joyeuset\u00e9s (le P\u00f4le de Police Judiciaire scientifique \u00e0 Cergy-Pontoise ou le Palais de Justice de Chartres\u2026), qui s\u2019est d\u00e9j\u00e0 vu refaire la facade <a>en juin 2014, avec de la peinture et des fenetres cass\u00e9es<\/a> et <a href=\"https:\/\/nantes.indymedia.org\/articles\/33643\">en mars 2016 o\u00f9 des poubelles avaient \u00e9t\u00e9 allum\u00e9es devant la porte<\/a>.<br \/>\nQu\u2019importe, jamais deux sans trois, et sur les planches de bois et les traces de peintures des autres fois, pleuvent des oeufs de peintures rouges et deux tags \u00ab\u00a0collabos\u00a0\u00bb et \u00ab\u00a0feu au prisons\u00a0\u00bb, sont laiss\u00e9s sur la facade.<span id=\"more-11532\"><\/span><\/p>\n<p><img loading=\"lazy\" decoding=\"async\" class=\"size-medium wp-image-11537 alignright\" src=\"https:\/\/attaque.noblogs.org\/files\/2017\/01\/CGT-Montreuil-21-1-2017-300x225.jpg\" alt=\"\" width=\"300\" height=\"225\" \/>Puis tandis que tags et affiches continuent de fleurir, c\u2019est l\u2019immeuble de bureaux de la BNP qui voit sa porte d\u2019entr\u00e9e red\u00e9cor\u00e9e avec un gros tag \u00a0\u00bb br\u00fblons les banques\u00a0\u00bb, rue de la R\u00e9publique. Arriv\u00e9s \u00e0 la porte de montreuil, o\u00f9 le si\u00e8ge national de la CGT, lui aussi attaqu\u00e9 maintes fois ces derni\u00e8res ann\u00e9es, surplomble l\u2019espace de son architecture toute stalinienne, et juste avant de se disperser dans le d\u00e9dale du march\u00e9 aux puces, nous arrosons la fa\u00e7ade de ce collaborateur du capital d\u2019oeufs de peintures bleus.<\/p>\n<p>Decidons de nos modes d\u2019actions et nos moments en dehors des dates impos\u00e9es par le pouvoir et ses laquais. Sans m\u00e9diation, prenons la rue, de jour et de nuit pour nous attaquer \u00e0 la r\u00e9signation et \u00e0 la grisaille de ce monde.<\/p>\n<p><img loading=\"lazy\" decoding=\"async\" class=\"aligncenter wp-image-11540 size-full\" src=\"https:\/\/attaque.noblogs.org\/files\/2017\/01\/Montreuil-21-1-2017-2.jpg\" width=\"4608\" height=\"3456\" \/><\/p>\n<p>*****<\/p>\n<h3 class=\"title\"><strong>C\u2019est pas fini<\/strong><\/h3>\n<p><em><del>Indymedya Nantes<\/del> \/ mardi 24 janvier 2017<\/em><\/p>\n<p><em>Tract distribu\u00e9 \u00e0 bagnolet-montreuil, le 21 janvier 2017<\/em><\/p>\n<p><img loading=\"lazy\" decoding=\"async\" class=\"alignleft size-medium wp-image-11538\" src=\"https:\/\/attaque.noblogs.org\/files\/2017\/01\/cpasfini-225x300.jpg\" alt=\"\" width=\"225\" height=\"300\" \/>Au printemps dernier, le projet de \u00ab\u00a0loi travail\u00a0\u00bb a \u00e9t\u00e9 une goutte d\u2019eau qui a fait d\u00e9border le ras-le-bol accumul\u00e9. Beaucoup ont saisi cette occasion pour exprimer leur rage durant des mois, en attaquant les flics, leurs bagnoles et des commissariats, en pillant des supermarch\u00e9s, en d\u00e9truisant panneaux de pubs et autolibs, en s\u2019en prenant aux banques, aux p\u00f4le-emploi, aux agences d\u2019int\u00e9rim, d\u2019assurance, immobili\u00e8res etc.. Autant d\u2019actes offensifs contre une partie de ce qui nous pourrit la vie au quotidien : des rouages du travail aux repr\u00e9sentants de la loi, des institutions \u00e0 la marchandise \u2026<\/p>\n<p>Cette r\u00e9volte venue heureusement perturber la grisaille routini\u00e8re et la lourdeur d\u2019un interminable \u00e9tat d\u2019urgence ne peut que parler au coeur de celles et ceux qui veulent en finir avec un monde reposant sur l\u2019exploitation et la domination de tout et tout-e-s.<\/p>\n<p>En face, l\u2019\u00c9tat et ses souteneurs (partis, syndicats, m\u00e9dias etc.) cherchent \u00e0 tout prix \u00e0 faire rentrer tout le monde dans le rang, avec la carotte de quelques miettes et le b\u00e2ton de la r\u00e9pression. Les militaires continuent de quadriller les fronti\u00e8res et l\u2019ensemble du territoire, les chiens de garde ont de plus en plus d\u2019armes et de carte blanche pour se l\u00e2cher, blesser, tuer. Et la Justice continue \u00e0 faire tomber les condamnations sur les ind\u00e9sirables et autres ennemi-e-s de l\u2019ordre en place. On retrouve bien l\u00e0 le deal de la d\u00e9mocratie : le durcissement de la survie pour le plus grand nombre en \u00e9change de quelques droits, la suppos\u00e9e protection de \u00ab\u00a0papa Etat\u00a0\u00bb \u00e0 condition de remettre notre libert\u00e9 entre les sales pattes de ses agents. Accepter sans broncher de nous laisser administrer et diriger, plus ou moins volontairement mais toujours sous la menace de la punition.<\/p>\n<p>Pourtant, ni l\u2019insoumission ni les d\u00e9sordres n\u2019ont attendu la \u00ab\u00a0Loi travaille !\u00a0\u00bb pour s\u2019exprimer et ils ne s\u2019arr\u00eatent pas avec son passage en force. Les hostilit\u00e9s se poursuivent contre la pacification sociale que tentent de nous imposer tous les d\u00e9fenseurs de ce syst\u00e8me, c\u2019est-\u00e0-dire contre la guerre permanente qu\u2019ils livrent \u00e0 coups de fric et d\u2019autorit\u00e9. Des r\u00e9voltes ont lieu contre les fronti\u00e8res, des mutineries secouent diff\u00e9rentes taules, les flics se prennent dans la gueule un peu de la violence qu\u2019ils exercent au quotidien, des luttes font obstacle au rouleau d\u00e9vastateur capitaliste et divers sabotages attaquent r\u00e9guli\u00e8rement la m\u00e9canique de l\u2019oppression.<\/p>\n<p>Cette guerre sociale prend de multiples formes, individuelles et collectives, mais se m\u00e8ne en tout cas <i>directement<\/i>, et certainement pas dans les urnes ou par les instruments du Pouvoir qui n\u2019existent que pour le servir. Ce n\u2019est qu\u2019en agissant par nous-m\u00eames, en nous auto-organisant, en \u00e9tant incontr\u00f4lables et en rejetant les promesses des puissants que s\u2019ouvrent des possibilt\u00e9s de creuser de r\u00e9elles br\u00e8ches dans leur sale paix de caserne et de reprendre notre vie en main.<\/p>\n<p>La solidarit\u00e9 est aussi une de nos armes dans ce combat. Elle permet de faire des liens entre des gestes et des id\u00e9es subversifs, entre des individus qui luttent o\u00f9 qu\u2019ils soient, en continuant de d\u00e9fendre en mot et en acte l\u2019attaque n\u00e9cessaire de ce monde mortif\u00e8re.<\/p>\n<p>Parmi les dizaines de milliers de personnes emprisonn\u00e9es dans les ge\u00f4les de l\u2019\u00c9tat fran\u00e7ais, et celles aux prises avec la justice, 5 sont en attente de proc\u00e8s, accus\u00e9es d\u2019avoir particip\u00e9 \u00e0 l\u2019incendie d\u2019une bagnole de flics au moment du rassemblement \u00ab\u00a0contre la haine de la police\u00a0\u00bb le 18 mai \u00e0 Paris. Et le 19 janvier un compagnon anarchiste vient de prendre 10 mois ferme de taule pour des bris de vitres de la Chambre du Commerce et de l\u2019Industrie, le saccage d\u2019un P\u00f4le Emploi, d\u2019un Franprix et d\u2019un concessionnaire Jaguar lors d\u2019une manif sauvage \u00e0 Paris le soir du 14 avril 2016. Des exemples parmi d\u2019autres d\u2019actes de r\u00e9volte dans lesquels nous nous reconnaissons, sans avoir besoin d\u2019en identifier les auteurs<\/p>\n<p><strong>Contre l\u2019\u00e9crasement et pour un monde d\u00e9barrass\u00e9<br \/>\nde l\u2019autorit\u00e9,<br \/>\nd\u00e9truisons ce qui nous d\u00e9truit !<br \/>\nLibert\u00e9 pour tous et toutes !<\/strong><\/p>\n<p>&nbsp;<\/p>\n<p>Le <a href=\"https:\/\/attaque.noblogs.org\/files\/2017\/01\/cepafinit.pdf\">tract<\/a> en format .pdf<\/p>\n<p><img loading=\"lazy\" decoding=\"async\" class=\"aligncenter wp-image-11539 size-full\" src=\"https:\/\/attaque.noblogs.org\/files\/2017\/01\/Montreil-21-1-2017.jpg\" width=\"4608\" height=\"3456\" \/><\/p>\n<p><img loading=\"lazy\" decoding=\"async\" class=\"aligncenter wp-image-11542 size-full\" src=\"https:\/\/attaque.noblogs.org\/files\/2017\/01\/Montreuil-21-1-2017.jpg\" width=\"4608\" height=\"3456\" \/><\/p>\n<\/div>\n<div class=\"entry-utility\"><\/div>\n","protected":false},"excerpt":{"rendered":"<p>attaque.noblogs.org Indymedia Nantes \/ mardi 24 janvier 2016 En milieu d\u2019aprem, samedi 21 janvier, quelques-un-e s\u2019\u00e9taient donn\u00e9 rendez-vous pour exprimer en acte et hors du tribunal notre solidarit\u00e9 avec Damien, enferm\u00e9 depuis le 8 d\u00e8cembre, et notre volont\u00e9 d\u2019en finir avec ce monde de juges, de flics et de fric Une vingtaine de personnes r\u00e9pondent [&hellip;]<\/p>\n","protected":false},"author":7964,"featured_media":0,"comment_status":"closed","ping_status":"closed","sticky":false,"template":"","format":"standard","meta":{"footnotes":""},"categories":[1],"tags":[],"class_list":["post-7687","post","type-post","status-publish","format-standard","hentry","category-general"],"_links":{"self":[{"href":"https:\/\/lelaboratoireanarchiste.noblogs.org\/index.php?rest_route=\/wp\/v2\/posts\/7687","targetHints":{"allow":["GET"]}}],"collection":[{"href":"https:\/\/lelaboratoireanarchiste.noblogs.org\/index.php?rest_route=\/wp\/v2\/posts"}],"about":[{"href":"https:\/\/lelaboratoireanarchiste.noblogs.org\/index.php?rest_route=\/wp\/v2\/types\/post"}],"author":[{"embeddable":true,"href":"https:\/\/lelaboratoireanarchiste.noblogs.org\/index.php?rest_route=\/wp\/v2\/users\/7964"}],"replies":[{"embeddable":true,"href":"https:\/\/lelaboratoireanarchiste.noblogs.org\/index.php?rest_route=%2Fwp%2Fv2%2Fcomments&post=7687"}],"version-history":[{"count":5,"href":"https:\/\/lelaboratoireanarchiste.noblogs.org\/index.php?rest_route=\/wp\/v2\/posts\/7687\/revisions"}],"predecessor-version":[{"id":7692,"href":"https:\/\/lelaboratoireanarchiste.noblogs.org\/index.php?rest_route=\/wp\/v2\/posts\/7687\/revisions\/7692"}],"wp:attachment":[{"href":"https:\/\/lelaboratoireanarchiste.noblogs.org\/index.php?rest_route=%2Fwp%2Fv2%2Fmedia&parent=7687"}],"wp:term":[{"taxonomy":"category","embeddable":true,"href":"https:\/\/lelaboratoireanarchiste.noblogs.org\/index.php?rest_route=%2Fwp%2Fv2%2Fcategories&post=7687"},{"taxonomy":"post_tag","embeddable":true,"href":"https:\/\/lelaboratoireanarchiste.noblogs.org\/index.php?rest_route=%2Fwp%2Fv2%2Ftags&post=7687"}],"curies":[{"name":"wp","href":"https:\/\/api.w.org\/{rel}","templated":true}]}}