{"id":7286,"date":"2016-12-15T06:00:52","date_gmt":"2016-12-15T05:00:52","guid":{"rendered":"https:\/\/lelaboratoireanarchiste.noblogs.org\/?p=7286"},"modified":"2016-12-15T06:02:33","modified_gmt":"2016-12-15T05:02:33","slug":"soudaine-lavinadierecorreze-revolte-de-trois-enfermes-d-un-centre-educatif-ferme","status":"publish","type":"post","link":"https:\/\/lelaboratoireanarchiste.noblogs.org\/?p=7286","title":{"rendered":"Soudaine Lavinadi\u00e8re[Corr\u00e8ze]  R\u00e9volte de trois enferm\u00e9s d&rsquo; un centre \u00e9ducatif ferm\u00e9"},"content":{"rendered":"<p><strong>\u00a0Note:Un maton ramasse une punition dans un centre \u00e9ducatif ferm\u00e9<\/strong><\/p>\n<p><del>France Bleu Limousin<\/del>\u00a0<span class=\"date\"> 14 d\u00e9cembre 2016 <\/span><\/p>\n<h1><strong>\u00a0<\/strong><\/h1>\n<p>Le Centre \u00e9ducatif ferm\u00e9 \u00ab\u00a0un espoir dans la vie\u00a0\u00bbde Soudaine Lavinadi\u00e8re, dans les Mon\u00e9di\u00e8res, a \u00e9t\u00e9 inaugur\u00e9 le 16 novembre 2007<\/p>\n<p>Mardi soir, trois jeunes dans ce centre qui accueille des mineurs d\u00e9linquants s&rsquo;en sont pris \u00e0 un de leurs \u00e9ducateurs.<\/p>\n<p>l&rsquo;\u00e9ducateur est <strong>agress\u00e9 parce qu&rsquo;il vient de faire un mauvais rapport <\/strong><strong>sur<\/strong><strong> l&rsquo;un d&rsquo;eux<\/strong>. Ce rapport , <strong>prive ce jeune d&rsquo;un week-end \u00e0 son domicile.<\/strong> Alors il ligue deux autres jeunes avec lui et tous<del> s&rsquo;en prennent<\/del> \u00e0 l&rsquo;\u00e9ducateur qui subit un d\u00e9cha\u00eenement de menaces et de violences. L&rsquo;homme est carr\u00e9ment<strong> asperg\u00e9 de d\u00e9tergent<\/strong> par ces trois jeunes mineurs\u00a0 de 16 ans pour l&rsquo;un et 17 ans pour les deux autres. L&rsquo;\u00e9duc&#8230; sera bri\u00e8vement hospitalis\u00e9 \u00e0 Tulle.<\/p>\n<p>Les trois mineurs sont transf\u00e9r\u00e9s, dans la foul\u00e9e, \u00e0 la <strong>gendarmerie d&rsquo;Uzerche<\/strong> o\u00f9 ils se sont vus notifi\u00e9s la prolongation de leur <strong>garde \u00e0 vue,<\/strong> ce mercredi soir, au cours de laquelle ils ont reconnu les faits. Ils seront <strong>jug\u00e9s en comparution imm\u00e9diate d\u00e8s ce jeudi<\/strong> pour trois motifs : d\u00e9gradations au Centre \u00c9ducatif Ferm\u00e9 ; menaces ; et violences aggrav\u00e9es en r\u00e9union avec arme par destination sur personne charg\u00e9e d&rsquo;une mission de service public. Chacun d&rsquo;entre eux compara\u00eetra dans le tribunal dont il d\u00e9pend : <strong>le premier \u00e0 Chartres, le second \u00e0 Clermont-Ferrand et le troisi\u00e8me \u00e0 Lyon.<\/strong><\/p>\n","protected":false},"excerpt":{"rendered":"<p>\u00a0Note:Un maton ramasse une punition dans un centre \u00e9ducatif ferm\u00e9 France Bleu Limousin\u00a0 14 d\u00e9cembre 2016 \u00a0 Le Centre \u00e9ducatif ferm\u00e9 \u00ab\u00a0un espoir dans la vie\u00a0\u00bbde Soudaine Lavinadi\u00e8re, dans les Mon\u00e9di\u00e8res, a \u00e9t\u00e9 inaugur\u00e9 le 16 novembre 2007 Mardi soir, trois jeunes dans ce centre qui accueille des mineurs d\u00e9linquants s&rsquo;en sont pris \u00e0 un [&hellip;]<\/p>\n","protected":false},"author":7964,"featured_media":0,"comment_status":"closed","ping_status":"closed","sticky":false,"template":"","format":"standard","meta":{"footnotes":""},"categories":[1],"tags":[],"class_list":["post-7286","post","type-post","status-publish","format-standard","hentry","category-general"],"_links":{"self":[{"href":"https:\/\/lelaboratoireanarchiste.noblogs.org\/index.php?rest_route=\/wp\/v2\/posts\/7286","targetHints":{"allow":["GET"]}}],"collection":[{"href":"https:\/\/lelaboratoireanarchiste.noblogs.org\/index.php?rest_route=\/wp\/v2\/posts"}],"about":[{"href":"https:\/\/lelaboratoireanarchiste.noblogs.org\/index.php?rest_route=\/wp\/v2\/types\/post"}],"author":[{"embeddable":true,"href":"https:\/\/lelaboratoireanarchiste.noblogs.org\/index.php?rest_route=\/wp\/v2\/users\/7964"}],"replies":[{"embeddable":true,"href":"https:\/\/lelaboratoireanarchiste.noblogs.org\/index.php?rest_route=%2Fwp%2Fv2%2Fcomments&post=7286"}],"version-history":[{"count":3,"href":"https:\/\/lelaboratoireanarchiste.noblogs.org\/index.php?rest_route=\/wp\/v2\/posts\/7286\/revisions"}],"predecessor-version":[{"id":7289,"href":"https:\/\/lelaboratoireanarchiste.noblogs.org\/index.php?rest_route=\/wp\/v2\/posts\/7286\/revisions\/7289"}],"wp:attachment":[{"href":"https:\/\/lelaboratoireanarchiste.noblogs.org\/index.php?rest_route=%2Fwp%2Fv2%2Fmedia&parent=7286"}],"wp:term":[{"taxonomy":"category","embeddable":true,"href":"https:\/\/lelaboratoireanarchiste.noblogs.org\/index.php?rest_route=%2Fwp%2Fv2%2Fcategories&post=7286"},{"taxonomy":"post_tag","embeddable":true,"href":"https:\/\/lelaboratoireanarchiste.noblogs.org\/index.php?rest_route=%2Fwp%2Fv2%2Ftags&post=7286"}],"curies":[{"name":"wp","href":"https:\/\/api.w.org\/{rel}","templated":true}]}}