{"id":7284,"date":"2016-12-14T17:33:15","date_gmt":"2016-12-14T16:33:15","guid":{"rendered":"https:\/\/lelaboratoireanarchiste.noblogs.org\/?p=7284"},"modified":"2016-12-14T17:33:31","modified_gmt":"2016-12-14T16:33:31","slug":"parution-de-la-race-comme-si-vous-y-etiez-une-soiree-de-printemps-chez-les-racialistes","status":"publish","type":"post","link":"https:\/\/lelaboratoireanarchiste.noblogs.org\/?p=7284","title":{"rendered":"Parution de La race comme si vous y \u00e9tiez ! &#8211; Une soir\u00e9e de printemps chez les racialistes"},"content":{"rendered":"<p><strong>\u00a0re\u00e7u par mail<\/strong><img loading=\"lazy\" decoding=\"async\" class=\"alignright wp-image-6009 size-medium\" src=\"https:\/\/lechatnoiremeutier.noblogs.org\/files\/2016\/12\/couv-203x300.jpg\" alt=\"couv\" width=\"203\" height=\"300\" \/><\/p>\n<p>Pour recevoir des exemplaires ou participer \u00e0 la diffusion, organiser des<br \/>\npr\u00e9sentations, \u00e9crire \u00e0 colorblindisbeautiful [at] riseup.net<br \/>\nPlus de d\u00e9tails sur <a href=\"http:\/\/colorblindisbeautiful.now.im\/\" target=\"_blank\" rel=\"noreferrer\">http:\/\/colorblindisbeautiful.now.im\/<\/a> o\u00f9 on pourra<br \/>\n\u00e9galement lire l&rsquo;introduction \u00ab\u00a0Fusiller Hazan ?\u00a0\u00bb et d&rsquo;autres extraits.<\/p>\n<p>_______________________________________<\/p>\n<p>Dans une p\u00e9riode de recul des luttes\u2026<\/p>\n<p>\u2026d\u2019atomisation et de confusionnisme diffus, alors que les th\u00e8ses<br \/>\ncomplotistes et antis\u00e9mites de Soral et Dieudonn\u00e9 colonisent les<br \/>\nimaginaires, le Parti des Indig\u00e8nes de la R\u00e9publique (PIR) s\u2019invite sur<br \/>\nles plateaux t\u00e9l\u00e9 pour imposer un \u00ab nouvel antiracisme \u00bb qui ressuscite le<br \/>\nconcept de \u00ab race \u00bb.<br \/>\nPar le biais d\u2019un chantage moral \u00e0 la culpabilit\u00e9 \u00ab blanche \u00bb et<br \/>\ncollective, la non-mixit\u00e9 \u00ab racis\u00e9e \u00bb est impos\u00e9e comme une \u00e9vidence dans<br \/>\nle d\u00e9bat public tandis que prosp\u00e8rent leurs grilles de lecture et leurs<br \/>\npratiques s\u00e9gr\u00e9gationnistes jusque dans les conflits sociaux. Alors que<br \/>\nces positions essentialistes issues de c\u00e9nacles universitaires ne se<br \/>\ndonnent m\u00eame pas la peine d\u2019avancer masqu\u00e9es, une t\u00e9tanie semble s\u2019\u00eatre<br \/>\nempar\u00e9e des milieux contestataires, et c\u2019est un tapis rouge qui finit par<br \/>\n\u00eatre d\u00e9roul\u00e9 devant les tenants de la guerre de tous contre tous. Face \u00e0<br \/>\nla publication d\u2019un pamphlet ouvertement raciste comme Les Blancs, les<br \/>\nJuifs et nous (Houria Bouteldja, \u00e9dition La Fabrique) qui voudrait tracer<br \/>\nles grandes lignes du projet de la gauche gouvernementale comme radicale<br \/>\ntout en lan\u00e7ant des appels du pied aux dieudonnistes, les r\u00e9actions sont<br \/>\nd\u2019une raret\u00e9 et d\u2019une timidit\u00e9 \u00e9tonnante. De fait, ce br\u00e9viaire de la \u00ab<br \/>\nlutte des races \u00bb qui pr\u00f4ne la soumission des femmes et l\u2019ostracisation<br \/>\ndes homosexuels dans les communaut\u00e9s, la haine visc\u00e9rale du juif, \u00ab<br \/>\nchouchou de la R\u00e9publique \u00bb et l\u2019hypoth\u00e8se n\u00e9gationniste comme finalit\u00e9<br \/>\nstrat\u00e9gique ne choque d\u00e9j\u00e0 plus grand monde.<\/p>\n<p>La race, comme si vous y \u00e9tiez ! s\u2019inscrit dans une perspective simple :<br \/>\ncontrer la tentative de r\u00e9implantation et de promotion des logiques<br \/>\nraciales, philoreligieuses, communautaristes et identitaires avan\u00e7ant sous<br \/>\npavillon antiraciste et d\u00e9blayer le terrain pour ouvrir des possibilit\u00e9s<br \/>\nde perspectives subversives et r\u00e9volutionnaires qui permettront de s\u2019y<br \/>\nopposer.<\/p>\n<p><a href=\"http:\/\/colorblindisbeautiful.now.im\/\" target=\"_blank\" rel=\"noreferrer\">http:\/\/colorblindisbeautiful.now.im\/<\/a><\/p>\n<p>&nbsp;<\/p>\n","protected":false},"excerpt":{"rendered":"<p>\u00a0re\u00e7u par mail Pour recevoir des exemplaires ou participer \u00e0 la diffusion, organiser des pr\u00e9sentations, \u00e9crire \u00e0 colorblindisbeautiful [at] riseup.net Plus de d\u00e9tails sur http:\/\/colorblindisbeautiful.now.im\/ o\u00f9 on pourra \u00e9galement lire l&rsquo;introduction \u00ab\u00a0Fusiller Hazan ?\u00a0\u00bb et d&rsquo;autres extraits. _______________________________________ Dans une p\u00e9riode de recul des luttes\u2026 \u2026d\u2019atomisation et de confusionnisme diffus, alors que les th\u00e8ses complotistes [&hellip;]<\/p>\n","protected":false},"author":7964,"featured_media":0,"comment_status":"closed","ping_status":"closed","sticky":false,"template":"","format":"standard","meta":{"footnotes":""},"categories":[1],"tags":[],"class_list":["post-7284","post","type-post","status-publish","format-standard","hentry","category-general"],"_links":{"self":[{"href":"https:\/\/lelaboratoireanarchiste.noblogs.org\/index.php?rest_route=\/wp\/v2\/posts\/7284","targetHints":{"allow":["GET"]}}],"collection":[{"href":"https:\/\/lelaboratoireanarchiste.noblogs.org\/index.php?rest_route=\/wp\/v2\/posts"}],"about":[{"href":"https:\/\/lelaboratoireanarchiste.noblogs.org\/index.php?rest_route=\/wp\/v2\/types\/post"}],"author":[{"embeddable":true,"href":"https:\/\/lelaboratoireanarchiste.noblogs.org\/index.php?rest_route=\/wp\/v2\/users\/7964"}],"replies":[{"embeddable":true,"href":"https:\/\/lelaboratoireanarchiste.noblogs.org\/index.php?rest_route=%2Fwp%2Fv2%2Fcomments&post=7284"}],"version-history":[{"count":1,"href":"https:\/\/lelaboratoireanarchiste.noblogs.org\/index.php?rest_route=\/wp\/v2\/posts\/7284\/revisions"}],"predecessor-version":[{"id":7285,"href":"https:\/\/lelaboratoireanarchiste.noblogs.org\/index.php?rest_route=\/wp\/v2\/posts\/7284\/revisions\/7285"}],"wp:attachment":[{"href":"https:\/\/lelaboratoireanarchiste.noblogs.org\/index.php?rest_route=%2Fwp%2Fv2%2Fmedia&parent=7284"}],"wp:term":[{"taxonomy":"category","embeddable":true,"href":"https:\/\/lelaboratoireanarchiste.noblogs.org\/index.php?rest_route=%2Fwp%2Fv2%2Fcategories&post=7284"},{"taxonomy":"post_tag","embeddable":true,"href":"https:\/\/lelaboratoireanarchiste.noblogs.org\/index.php?rest_route=%2Fwp%2Fv2%2Ftags&post=7284"}],"curies":[{"name":"wp","href":"https:\/\/api.w.org\/{rel}","templated":true}]}}