{"id":7274,"date":"2016-12-12T06:46:08","date_gmt":"2016-12-12T05:46:08","guid":{"rendered":"https:\/\/lelaboratoireanarchiste.noblogs.org\/?p=7274"},"modified":"2016-12-12T07:47:43","modified_gmt":"2016-12-12T06:47:43","slug":"st-nazaire-loire-atlantique-on-fete-la-nouvelle-annee-avec-les-prisonniers","status":"publish","type":"post","link":"https:\/\/lelaboratoireanarchiste.noblogs.org\/?p=7274","title":{"rendered":"St Nazaire (loire atlantique ) On F\u00eate La Nouvelle Ann\u00e9e Avec Les Prisonniers"},"content":{"rendered":"<p>Nantes indymedia<\/p>\n<h3>le samedi 31 d\u00e9cembre 2016 \u00e0 21:00<\/h3>\n<p><span style=\"font-family: Century Schoolbook L,serif\"><span style=\"font-size: medium\">La prison on peut tous y aller et c&rsquo;est plus facile de se pr\u00e9occuper des conditions de d\u00e9tention quand on est libre au moment o\u00f9 tu es enferm\u00e9 tu peux plus rien faire alors faisons \u00e7a ensemble Soir\u00e9e festive devant la prison de Nantes pour f\u00eater le r\u00e9veillon du 1er de l&rsquo;an avec nos fr\u00e8res et soeurs qui sont emprisonn\u00e9.e.s injustement et de fa\u00e7on inhumaine car oui, la prison et une privation de libert\u00e9 pas une privation de tout lien social ou de toute consid\u00e9ration. l&rsquo;\u00c9tat veut fabriquer des citoyen.ne.s de seconde zone. Montrons lui que nous les consid\u00e9rons comme des citoyen.ne.s \u00e0 part enti\u00e8re. Les d\u00e9tenu.e.s ne sont pas les seuls \u00e0 p\u00e2tir de cette situation, les gardien.ne.s de prison ont des instructions de pression et de violence sur les d\u00e9tenu.e.s qui ne servent qu&rsquo;\u00e0 soumettre et d\u00e9truire les prisonniers et prisonni\u00e8res. Alors en ce jour symbolique de la nouvelle ann\u00e9e, soyons tous et toutes l\u00e0 pour leur montrer qu&rsquo;ils ne sont pas seul.e.s. Venez avec ce que vous avez : musique, jeu de lumi\u00e8re, nourriture, d\u00e9guisements et tout pour faire la f\u00eate!<\/span><\/span><\/p>\n<p>Soir\u00e9e festive devant la prison de Saint-Nazaire pour f\u00eat\u00e9 le r\u00e9veillon du 1er de l&rsquo;an avec nos fr\u00e8res qui sont emprisonn\u00e9s injustement. Soyons tous l\u00e0, nombreux et nombreuses, pour leur montrer qu&rsquo;il ne sont pas seul. Venez avec ce que vous avez, musique ,alcool, nourriture, tout pour faire la f\u00eate!<\/p>\n","protected":false},"excerpt":{"rendered":"<p>Nantes indymedia le samedi 31 d\u00e9cembre 2016 \u00e0 21:00 La prison on peut tous y aller et c&rsquo;est plus facile de se pr\u00e9occuper des conditions de d\u00e9tention quand on est libre au moment o\u00f9 tu es enferm\u00e9 tu peux plus rien faire alors faisons \u00e7a ensemble Soir\u00e9e festive devant la prison de Nantes pour f\u00eater [&hellip;]<\/p>\n","protected":false},"author":7964,"featured_media":0,"comment_status":"closed","ping_status":"closed","sticky":false,"template":"","format":"standard","meta":{"footnotes":""},"categories":[1],"tags":[],"class_list":["post-7274","post","type-post","status-publish","format-standard","hentry","category-general"],"_links":{"self":[{"href":"https:\/\/lelaboratoireanarchiste.noblogs.org\/index.php?rest_route=\/wp\/v2\/posts\/7274","targetHints":{"allow":["GET"]}}],"collection":[{"href":"https:\/\/lelaboratoireanarchiste.noblogs.org\/index.php?rest_route=\/wp\/v2\/posts"}],"about":[{"href":"https:\/\/lelaboratoireanarchiste.noblogs.org\/index.php?rest_route=\/wp\/v2\/types\/post"}],"author":[{"embeddable":true,"href":"https:\/\/lelaboratoireanarchiste.noblogs.org\/index.php?rest_route=\/wp\/v2\/users\/7964"}],"replies":[{"embeddable":true,"href":"https:\/\/lelaboratoireanarchiste.noblogs.org\/index.php?rest_route=%2Fwp%2Fv2%2Fcomments&post=7274"}],"version-history":[{"count":1,"href":"https:\/\/lelaboratoireanarchiste.noblogs.org\/index.php?rest_route=\/wp\/v2\/posts\/7274\/revisions"}],"predecessor-version":[{"id":7275,"href":"https:\/\/lelaboratoireanarchiste.noblogs.org\/index.php?rest_route=\/wp\/v2\/posts\/7274\/revisions\/7275"}],"wp:attachment":[{"href":"https:\/\/lelaboratoireanarchiste.noblogs.org\/index.php?rest_route=%2Fwp%2Fv2%2Fmedia&parent=7274"}],"wp:term":[{"taxonomy":"category","embeddable":true,"href":"https:\/\/lelaboratoireanarchiste.noblogs.org\/index.php?rest_route=%2Fwp%2Fv2%2Fcategories&post=7274"},{"taxonomy":"post_tag","embeddable":true,"href":"https:\/\/lelaboratoireanarchiste.noblogs.org\/index.php?rest_route=%2Fwp%2Fv2%2Ftags&post=7274"}],"curies":[{"name":"wp","href":"https:\/\/api.w.org\/{rel}","templated":true}]}}