{"id":7267,"date":"2016-12-11T10:54:18","date_gmt":"2016-12-11T09:54:18","guid":{"rendered":"https:\/\/lelaboratoireanarchiste.noblogs.org\/?p=7267"},"modified":"2016-12-11T11:00:18","modified_gmt":"2016-12-11T10:00:18","slug":"feuille-dinfo-de-decembre-2016-du-centre-information-anarchiste-de-marseille","status":"publish","type":"post","link":"https:\/\/lelaboratoireanarchiste.noblogs.org\/?p=7267","title":{"rendered":"Feuille d&rsquo;infos de d\u00e9cembre 2016 du Centre information anarchiste de Marseille"},"content":{"rendered":"<p><img loading=\"lazy\" decoding=\"async\" class=\"irc_mi ijf_VFwkl93k-pQOPx8XEepE aligncenter\" src=\"http:\/\/raforum.info\/IMG\/jpg\/cira_marseille.jpg\" alt=\"R\u00e9sultats de recherche d'images pour \u00ab\u00a0centre information anarchiste marseille\u00a0\u00bb\" width=\"426\" height=\"304\" \/><\/p>\n<p>Le CIRA a \u00e9t\u00e9 fond\u00e9 \u00e0 Marseille en 1965 par une poign\u00e9e de militants anarchistes parmi lesquels se trouvait <strong><u>Ren\u00e9 Bianco (1941-2005)<\/u>.<\/strong> \u00c0 l\u2019origine, il s\u2019agissait d\u2019un d\u00e9p\u00f4t-annexe du CIRA de Lausanne, fond\u00e9 lui en 1957. Puis le CIRA de Marseille est devenu plus autonome.<\/p>\n<p>Depuis sa cr\u00e9ation, le CIRA a connu plusieurs adresses. Il a \u00e9t\u00e9 h\u00e9berg\u00e9 longtemps dans un sous-sol humide o\u00f9 les documents risquaient de s\u2019ab\u00eemer. Gr\u00e2ce \u00e0 \u00c9mile Temime (1926-2008), il a pu occuper un tr\u00e8s vaste local rue des Convalescents mais en a \u00e9t\u00e9 expuls\u00e9 en 1989. En 1991, il a pu se r\u00e9installer dans un nouveau local rue Saint-Dominique. Il s\u2019agissait de l\u2019ancien si\u00e8ge d\u2019une \u00c9glise arm\u00e9nienne qu\u2019il a fallu remettre en \u00e9tat. Il est rest\u00e9 l\u00e0 jusqu\u2019en d\u00e9cembre 2011 date \u00e0 laquelle la ville de Marseille a mis fin \u00e0 son bail.<\/p>\n<p>Gr\u00e2ce \u00e0 la constitution d\u2019une cagnotte depuis une dizaine d\u2019ann\u00e9es, \u00e0 la vente de cuv\u00e9es de vin et \u00e0 un appel \u00e0 la solidarit\u00e9, un local a enfin pu \u00eatre achet\u00e9 et am\u00e9nag\u00e9 rue Consolat. Depuis janvier 2012, c\u2019est l\u00e0 que se trouve le CIRA.<\/p>\n<p>Le CIRA fait partie de la F\u00e9d\u00e9ration internationale des centres d\u2019\u00e9tude et de documentation libertaires (<strong><u>FICEDL<\/u><\/strong>) qui s\u2019est r\u00e9unie pour la derni\u00e8re fois \u00e0 Bologne (Italie) en 2016. Il est ind\u00e9pendant de toute organisation politique ou syndicale. Cela ne l\u2019emp\u00eache pas de participer \u00e0 certaines <strong><u>actions de solidarit\u00e9<\/u><\/strong>.<\/p>\n<p style=\"text-align: center\"><strong>CIRA infos<\/strong><\/p>\n<p>La feuille d&rsquo;infos du CIRA para\u00eet depuis novembre 1999. Elle est gratuite, bien s\u00fbr.<br \/>\nLa reproduction et la diffusion de cette feuille sont vivement souhait\u00e9s.<\/p>\n<p><a href=\"http:\/\/cira.marseille.free.fr\/lettres\/lettre189.pdf\">http:\/\/cira.marseille.free.fr\/lettres\/lettre189.pdf<\/a><\/p>\n","protected":false},"excerpt":{"rendered":"<p>Le CIRA a \u00e9t\u00e9 fond\u00e9 \u00e0 Marseille en 1965 par une poign\u00e9e de militants anarchistes parmi lesquels se trouvait Ren\u00e9 Bianco (1941-2005). \u00c0 l\u2019origine, il s\u2019agissait d\u2019un d\u00e9p\u00f4t-annexe du CIRA de Lausanne, fond\u00e9 lui en 1957. Puis le CIRA de Marseille est devenu plus autonome. Depuis sa cr\u00e9ation, le CIRA a connu plusieurs adresses. Il [&hellip;]<\/p>\n","protected":false},"author":7964,"featured_media":0,"comment_status":"closed","ping_status":"closed","sticky":false,"template":"","format":"standard","meta":{"footnotes":""},"categories":[1],"tags":[],"class_list":["post-7267","post","type-post","status-publish","format-standard","hentry","category-general"],"_links":{"self":[{"href":"https:\/\/lelaboratoireanarchiste.noblogs.org\/index.php?rest_route=\/wp\/v2\/posts\/7267","targetHints":{"allow":["GET"]}}],"collection":[{"href":"https:\/\/lelaboratoireanarchiste.noblogs.org\/index.php?rest_route=\/wp\/v2\/posts"}],"about":[{"href":"https:\/\/lelaboratoireanarchiste.noblogs.org\/index.php?rest_route=\/wp\/v2\/types\/post"}],"author":[{"embeddable":true,"href":"https:\/\/lelaboratoireanarchiste.noblogs.org\/index.php?rest_route=\/wp\/v2\/users\/7964"}],"replies":[{"embeddable":true,"href":"https:\/\/lelaboratoireanarchiste.noblogs.org\/index.php?rest_route=%2Fwp%2Fv2%2Fcomments&post=7267"}],"version-history":[{"count":3,"href":"https:\/\/lelaboratoireanarchiste.noblogs.org\/index.php?rest_route=\/wp\/v2\/posts\/7267\/revisions"}],"predecessor-version":[{"id":7270,"href":"https:\/\/lelaboratoireanarchiste.noblogs.org\/index.php?rest_route=\/wp\/v2\/posts\/7267\/revisions\/7270"}],"wp:attachment":[{"href":"https:\/\/lelaboratoireanarchiste.noblogs.org\/index.php?rest_route=%2Fwp%2Fv2%2Fmedia&parent=7267"}],"wp:term":[{"taxonomy":"category","embeddable":true,"href":"https:\/\/lelaboratoireanarchiste.noblogs.org\/index.php?rest_route=%2Fwp%2Fv2%2Fcategories&post=7267"},{"taxonomy":"post_tag","embeddable":true,"href":"https:\/\/lelaboratoireanarchiste.noblogs.org\/index.php?rest_route=%2Fwp%2Fv2%2Ftags&post=7267"}],"curies":[{"name":"wp","href":"https:\/\/api.w.org\/{rel}","templated":true}]}}