{"id":7260,"date":"2016-12-10T12:37:17","date_gmt":"2016-12-10T11:37:17","guid":{"rendered":"https:\/\/lelaboratoireanarchiste.noblogs.org\/?p=7260"},"modified":"2016-12-10T13:52:43","modified_gmt":"2016-12-10T12:52:43","slug":"valence-drome-le-812-la-poste-etait-en-greve-solidarite-avec-un-camarade-de-la-cnt-thales","status":"publish","type":"post","link":"https:\/\/lelaboratoireanarchiste.noblogs.org\/?p=7260","title":{"rendered":"Valence ( Dr\u00f4me) le 8\/12 la poste \u00e9tait en gr\u00e8ve ( +solidarit\u00e9 avec un camarade de la CNT Thal\u00e9s)"},"content":{"rendered":"<div class=\"content-fr3-content\">France info r\u00e9gion<\/div>\n<div class=\"content-fr3-content\"><\/div>\n<div class=\"content-fr3-content\">\n<p><strong>Les postiers de la Dr\u00f4me, de la Loire et de l&rsquo;Ard\u00e8che se sont rassembl\u00e9s \u00e0 14 heures devant la Poste Herriot de Valence. \u00a0<\/strong><\/p>\n<div class=\"asset-wrapper asset aid-2051543 asset-image\">\n<div class=\"entity entity-asset asset-image image-big-wrapper\">\n<p class=\"image-asset-description\">\u00a9 Sud-PTT Les postiers rassembl\u00e9s \u00e0 Valence<\/p>\n<\/div>\n<\/div>\n<div class=\"asset-wrapper asset aid-2051547 asset-image\">\n<div class=\"entity entity-asset asset-image image-big-wrapper\">\n<p><a class=\"tobox\" href=\"http:\/\/france3-regions.francetvinfo.fr\/rhone-alpes\/sites\/regions_france3\/files\/assets\/images\/2016\/12\/08\/greve_poste_2_1.jpg\"> <img loading=\"lazy\" decoding=\"async\" src=\"http:\/\/france3-regions.francetvinfo.fr\/rhone-alpes\/sites\/regions_france3\/files\/styles\/asset_full\/public\/assets\/images\/2016\/12\/08\/greve_poste_2_1.jpg?itok=hT4a-9l0\" alt=\"\u00a9 Sud-PTT\" width=\"566\" height=\"318\" \/><\/a><\/p>\n<p class=\"image-asset-description\">\u00a9 Sud-PTT<\/p>\n<\/div>\n<\/div>\n<p>Ce mouvement de gr\u00e8ve a engendr\u00e9 quelques perturbations, dans la distribution du courrier et des colis notamment, \u00e0 deux semaines de No\u00ebl.<br \/>\nDans ces 3 d\u00e9partements, il y avait 10% de gr\u00e9vistes dans les centres de tri et de distribution, et \u00a020% dans les bureaux de poste.<\/p>\n<\/div>\n<div class=\"content-fr3-content\">\n<div class=\"block-fr3-box-content\">\n<p>La Poste a perdu <strong>7.300 postes \u00e9quivalents temps plein en 2015 et 48.032 depuis\u00a02008.<\/strong><br \/>\nLe r\u00e9seau, qui comprenait <strong>17.000 bureaux de poste en gestion propre, n&rsquo;en\u00a0compte plus qu&rsquo;environ 9.000.<\/strong><br \/>\nQuelque 8.000 autres ont \u00e9t\u00e9 transform\u00e9s en partenariats,\u00a0sous forme d&rsquo;agences postales communales ou intercommunales pour les deux tiers\u00a0et de relais tenus par des commer\u00e7ants pour un tiers.<\/p>\n<p>_ _\u00a0 _ _ _\u00a0 _ _ _<\/p>\n<p>un tract du syndicat\u00a0 CNT a \u00e9t\u00e9 distribu\u00e9 au cours de ce rassemblement\u00a0 et\u00a0aussi ailleurs<\/p>\n<ul>\n<li><strong>Solidarit\u00e9 avec notre camarade de la CN Thales victime de la r\u00e9pression anti-syndicale<\/strong><br \/>\nAcharnement et r\u00e9pression syndicale chez Thales Microelectronics (TMI) \u00e0 Etrelles (Ille-et-<br \/>\nVilaine). Anthony, d\u00e9l\u00e9gu\u00e9 du personnel et RSS de la section CNT apr\u00e8s avoir \u00e9t\u00e9 d\u00e9l\u00e9gu\u00e9 syndical<br \/>\net secr\u00e9taire du CHSCT, passe en correctionnelle le 13 d\u00e9cembre prochain \u00e0 Rennes.<br \/>\nParall\u00e8lement, la direction de l\u2019entreprise a lanc\u00e9 une proc\u00e9dure de licenciement.<br \/>\nIL LUI EST REPROCH\u00c9 D\u2019AVOIR COMMIS 3 INFRACTIONS :<br \/>\n<strong>Pour la premi\u00e8re<\/strong>, il est accus\u00e9 d\u2019\u00eatre l\u2019auteur de courriers et re\u00e7us par une partie des salari\u00e9-e-s en octobre et novembre 2014. Ces courriers anonymes r\u00e9capitulent l\u2019ensemble des salaires en vigueur dans l\u2019entreprise,<br \/>\n<strong>Pour la seconde<\/strong>, il est accus\u00e9 d\u2019avoir enregistr\u00e9 les paroles et photographi\u00e9 le directeur du site sans son consentement,<br \/>\n<strong>Pour la troisi\u00e8me<\/strong>, il est accus\u00e9 d\u2019avoir enregistr\u00e9 les paroles de 2 gendarmes de Vitr\u00e9 sans leur consentement.<br \/>\n<strong>Pour ces faits, il encourt 5 ann\u00e9es de prison ferme et 300 000\u20ac d\u2019amende ainsi que le versement <\/strong><strong>de dommages et int\u00e9r\u00eats aux victimes qui se sont port\u00e9es parties civiles.<\/strong><br \/>\nPour la premi\u00e8re infraction, la convocation n\u2019indique aucune plainte de la part de l\u2019entreprise ou de ses dirigeants mais donne les noms des salari\u00e9-e-s de TMI qui se sont d\u00e9clar\u00e9-e-s victimes et qui ont port\u00e9 plainte. Pour la seconde infraction, il n\u2019y a que le nom du directeur de TMI et pour la troisi\u00e8me, il n\u2019y a que les noms des 2 gendarmes.<br \/>\n<strong>Les peines encourues sont lourdes de cons\u00e9quences<\/strong> car la plupart sont accompagn\u00e9es d\u2019amendes, de licenciement, d\u2019interdiction d\u2019exercer et du paiement de dommages et int\u00e9r\u00eats. Cette r\u00e9pression anti-syndicale, s\u2019inscrit malheureusement dans un contexte social difficile pour l\u2019ensemble des militants et des militantes syndicalistes.<br \/>\n<strong>LES EXEMPLES DE CES DERNI\u00c8RES ANN\u00c9ES, MONTRENT BIEN LA VOLONT\u00c9 POUR<\/strong><br \/>\n<strong>LE PATRONAT ET LES POUVOIRS PUBLICS DE BALAYER D\u2019UN REVERS DE MAIN<\/strong><br \/>\n<strong>L\u2019ACTION SYNDICALE DE TERRAIN ET DE COMBAT.<\/strong><br \/>\n9 mois de prison ferme et 15 mois de sursis pour 8 syndicalistes de GOODYEAR ;<br \/>\n8 mois de prison pour Martin \u00e0 St \u00c9TIENNE le 26 septembre 2016 ;<br \/>\n6 et 10 mois de prison pour Fran\u00e7ois (CNT) et Antoine (CGT) en juin 2016 \u00e0 LILLE ;<br \/>\nCondamnation d\u00e9finitive de Fouad (CNT) au versement de 40 000\u20ac de dommages et int\u00e9r\u00eats \u00e0 la SNCF apr\u00e8s une action \u00e0 METZ pendant le mouvement CPE de 2006 ;<br \/>\n8 mois de prison requis contre Nicolas (CGT) le 6 octobre \u00e0 BOBIGNY ; 2 \u00e0 4 mois de prison requis contre 5 salari\u00e9s d\u2019AIR-FRANCE ayant particip\u00e9 \u00e0 l\u2019\u00e9pisode de lachemise, etc&#8230;<br \/>\n<strong>Dans la plupart des cas, les dossiers sont vides<\/strong> mais les engagements politiques ou syndicaux des pr\u00e9venu-es sont utilis\u00e9s pour justifier une aggravation des peines. <strong>C\u2019est pour tout cela que nous ne pouvons pas prendre l\u2019audience du 13 d\u00e9cembre 2016 \u00e0 la l\u00e9g\u00e8re. Vu les peines encourues, le recours \u00e0 un avocat est indispensable et entra\u00eene une premi\u00e8re d\u00e9pense de 1440\u20ac.<\/strong><br \/>\nAPPEL \u00c0 SOUSCRIPTION<br \/>\nLES SALARI\u00c9-E-S DE TMI ONT \u00c9T\u00c9 APPEL\u00c9-E-S \u00c0 LA SOLIDARIT\u00c9 FINANCI\u00c8RE<br \/>\nPOUR QU\u2019ANTHONY PUISSE B\u00c9N\u00c9FICIER D\u2019UNE D\u00c9FENSE. ILS Y ONT R\u00c9PONDU<br \/>\nMAIS CELA NE COUVRE PAS LA TOTALIT\u00c9 DES FRAIS.<\/li>\n<li>Les ch\u00e8ques peuvent \u00eatre envoy\u00e9s au syndicat CNT-ETPRECI 35, BP 30423 35004 Rennes CEDEX<br \/>\nou sur le compte CNT ETPRECI IBAN FR8620041010130608184S03495 Code BIC :<br \/>\nPSSTFRPPREN LA BANQUE POSTALE RENNES avec la mention \u00ab Solidarit\u00e9 Anthony \u00bbPROC\u00c9DURE DE LICENCIEMENT<br \/>\nCETTE PROC\u00c9DURE DE LICENCIEMENT NE VISE QU\u2019\u00c0 \u00c9LOIGNER ANTHONY DE<br \/>\nL\u2019ENTREPRISE AFIN DE L\u2019EMP\u00caCHER D\u2019EXERCER SES MANDATS ET<br \/>\nD\u2019INFORMER SES COLL\u00c8GUES.<br \/>\nLe 3 novembre 2016, un huissier est venu remettre \u00e0 Anthony une lettre de convocation \u00e0 un<br \/>\nentretien pr\u00e9alable \u00e0 sanction pouvant aller jusqu\u2019au licenciement. L\u2019entretien a eu lieu le lundi<br \/>\n14 novembre \u00e0 11h00. La Direction a expos\u00e9 ses griefs et convoqu\u00e9 un Comit\u00e9 d\u2019entreprise<br \/>\nexceptionnel le lendemain 15 novembre pour se prononcer sur le licenciement. Soixante salari\u00e9-e-s ont d\u00e9bray\u00e9 pendant la premi\u00e8re demi-heure de la r\u00e9union.<br \/>\nAnthony estime ne pas avoir eu le temps de pr\u00e9parer sa d\u00e9fense dans un d\u00e9lai aussi court. Cinq repr\u00e9sentant-e-s CE ont pr\u00e9f\u00e9r\u00e9 s\u2019abstenir et une (CGT) a vot\u00e9 contre. Le secr\u00e9taire du CE (CFTC) a r\u00e9dig\u00e9 un compte rendu partial ne reprenant que les arguments de la direction.<br \/>\nC\u2019est aussi une mani\u00e8re de d\u00e9cr\u00e9dibiliser son t\u00e9moignage dans un proc\u00e8s toujours en cours devant le tribunal des affaires de s\u00e9curit\u00e9 sociales (TASS). En 2009, alors qu\u2019il \u00e9tait secr\u00e9taire du CHSCT, une cadre de l\u2019entreprise \u00e9cras\u00e9e par un management autoritaire s\u2019\u00e9tait suicid\u00e9e \u00e0 son domicile.<br \/>\nLes alertes qu\u2019il avait lanc\u00e9 plusieurs semaines avant sa mort ont permis au TASS de Rennes de requalifier le suicide en accident du travail.<br \/>\nC\u2019est maintenant la reconnaissance d\u2019une faute inexcusable de l\u2019employeur qui est demand\u00e9e<br \/>\ndevant le tribunal. Le t\u00e9moignage d\u2019Anthony d\u00e9montre les fautes de la direction. L\u2019audience aura lieu le 9 f\u00e9vrier 2017. Sanctionner notre camarade Anthony aujourd\u2019hui \u00e0 des fins de<br \/>\ndiscr\u00e9diter son t\u00e9moignage ne fait aucun doute ! L\u2019inspection du travail n\u2019a quant \u00e0 elle pas<br \/>\nencore statu\u00e9 sur l\u2019autorisation de son licenciement.<br \/>\nSuivez les infos sur le blog de la section CNT de Thales Microelectronics :<a href=\"http:\/\/section-cnt-thales-etrelles.blogspot.fr\"> http:\/\/section-cnt-<\/a><br \/>\nthales-etrelles.blogspot.fr\/<\/li>\n<\/ul>\n<p><strong> \u00ab\u00a0Militants, informez vos orgas<\/strong> :<\/p>\n<p><strong>Rassemblement devant le tribunal de Rennes le Mardi 13 d\u00e9cembre a 16 h\u00a0!<\/strong><\/p>\n<div id=\"article_footer\">\n<p>&nbsp;<\/p>\n<\/div>\n<p>&nbsp;<\/p>\n<\/div>\n<\/div>\n","protected":false},"excerpt":{"rendered":"<p>France info r\u00e9gion Les postiers de la Dr\u00f4me, de la Loire et de l&rsquo;Ard\u00e8che se sont rassembl\u00e9s \u00e0 14 heures devant la Poste Herriot de Valence. \u00a0 \u00a9 Sud-PTT Les postiers rassembl\u00e9s \u00e0 Valence \u00a9 Sud-PTT Ce mouvement de gr\u00e8ve a engendr\u00e9 quelques perturbations, dans la distribution du courrier et des colis notamment, \u00e0 deux [&hellip;]<\/p>\n","protected":false},"author":7964,"featured_media":0,"comment_status":"closed","ping_status":"closed","sticky":false,"template":"","format":"standard","meta":{"footnotes":""},"categories":[1],"tags":[],"class_list":["post-7260","post","type-post","status-publish","format-standard","hentry","category-general"],"_links":{"self":[{"href":"https:\/\/lelaboratoireanarchiste.noblogs.org\/index.php?rest_route=\/wp\/v2\/posts\/7260","targetHints":{"allow":["GET"]}}],"collection":[{"href":"https:\/\/lelaboratoireanarchiste.noblogs.org\/index.php?rest_route=\/wp\/v2\/posts"}],"about":[{"href":"https:\/\/lelaboratoireanarchiste.noblogs.org\/index.php?rest_route=\/wp\/v2\/types\/post"}],"author":[{"embeddable":true,"href":"https:\/\/lelaboratoireanarchiste.noblogs.org\/index.php?rest_route=\/wp\/v2\/users\/7964"}],"replies":[{"embeddable":true,"href":"https:\/\/lelaboratoireanarchiste.noblogs.org\/index.php?rest_route=%2Fwp%2Fv2%2Fcomments&post=7260"}],"version-history":[{"count":6,"href":"https:\/\/lelaboratoireanarchiste.noblogs.org\/index.php?rest_route=\/wp\/v2\/posts\/7260\/revisions"}],"predecessor-version":[{"id":7266,"href":"https:\/\/lelaboratoireanarchiste.noblogs.org\/index.php?rest_route=\/wp\/v2\/posts\/7260\/revisions\/7266"}],"wp:attachment":[{"href":"https:\/\/lelaboratoireanarchiste.noblogs.org\/index.php?rest_route=%2Fwp%2Fv2%2Fmedia&parent=7260"}],"wp:term":[{"taxonomy":"category","embeddable":true,"href":"https:\/\/lelaboratoireanarchiste.noblogs.org\/index.php?rest_route=%2Fwp%2Fv2%2Fcategories&post=7260"},{"taxonomy":"post_tag","embeddable":true,"href":"https:\/\/lelaboratoireanarchiste.noblogs.org\/index.php?rest_route=%2Fwp%2Fv2%2Ftags&post=7260"}],"curies":[{"name":"wp","href":"https:\/\/api.w.org\/{rel}","templated":true}]}}