{"id":7254,"date":"2016-12-10T04:16:22","date_gmt":"2016-12-10T03:16:22","guid":{"rendered":"https:\/\/lelaboratoireanarchiste.noblogs.org\/?p=7254"},"modified":"2016-12-10T11:59:34","modified_gmt":"2016-12-10T10:59:34","slug":"ni-loi-ni-travail-paris-un-compagnon-en-detention-preventive","status":"publish","type":"post","link":"https:\/\/lelaboratoireanarchiste.noblogs.org\/?p=7254","title":{"rendered":"Ni loi, ni travail \u2013 Paris : Un compagnon en d\u00e9tention pr\u00e9ventive"},"content":{"rendered":"<p><a href=\"https:\/\/attaque.noblogs.org\/post\/2016\/12\/09\/ni-loi-ni-travail-paris-un-compagnon-en-detention-preventive\/#more-11012\">attaque.noblogs.org<\/a><\/p>\n<p><strong>Le compagnon anarchiste <a href=\"https:\/\/attaque.noblogs.org\/post\/2016\/12\/07\/ni-loi-ni-travail-arrestation-en-bretagne\/\">arr\u00eat\u00e9 mercredi 7<\/a> en Bretagne est pass\u00e9 le lendemain devant la 23\u00e8me chambre, au Palais de Justice de Paris.<\/strong><br \/>\nIl est accus\u00e9 de d\u00e9gradations sur un P\u00f4le Emploi, sur une structure de la Chambre de Commerce et d\u2019Industrie, sur un Franprix et sur un concessionnaire Jaguar, lors de la <a href=\"https:\/\/attaque.noblogs.org\/post\/2016\/04\/15\/ni-loi-ni-travail-14-avril-sauvage-et-saccageuse-fut-la-manif-nocturne-a-paris\/\">manif sauvage<\/a> qui s\u2019est d\u00e9roul\u00e9e le soir du 14 avril entre le 10\u00e8me et le 19\u00e9me arrondissements parisiens.<span id=\"more-11012\"><\/span><br \/>\nLes flics ont identifi\u00e9 le compagnon seulement au cours de l\u2019\u00e9t\u00e9 et ils ont eu du mal \u00e0 le trouver, bien qu\u2019il ne se cachait pas du tout. Un mandat d\u2019arr\u00eat d\u00e9livr\u00e9 au mois d\u2019ao\u00fbt a n\u00e9cessit\u00e9 une recherche sur le Fichier des comptes bancaires (Ficoba), qui liste tous les comptes bancaires ouverts en France (afin par exemple de localiser les derniers retraits), ainsi que des recherches sur le bornage de son t\u00e9l\u00e9phone.<\/p>\n<p>Le compagnon a refus\u00e9 d\u2019\u00eatre jug\u00e9 en comparution imm\u00e9diate et la Procureur a donc demand\u00e9, sous le pr\u00e9texte de son casier judiciaire et d\u2019une possible r\u00e9cidive, sa mise en d\u00e9tention pr\u00e9ventive. Le juge a accept\u00e9 cette demande et <strong>le compagnon est maintenant \u00e0 Fleury.<\/strong><\/p>\n<p>Par ailleurs, ce tribunal a bien montr\u00e9, si jamais c\u2019\u00e9tait n\u00e9cessaire, le visage de la Justice. Tous les pr\u00e9venus \u00e9taient des pauvres, dont les d\u00e9brouilles pour sortir de la mis\u00e8re et\/ou les d\u00e9pendances aux diff\u00e9rentes substances \u00e9taient syst\u00e9matiquement consid\u00e9r\u00e9es par la Proc\u2019 et les juges comme des preuves \u00e0 charge. M\u00eame les quelque tentatives de se mettre \u00e0 plat ventre n\u2019ont pas port\u00e9 de la cl\u00e9mence.<\/p>\n<p>Le compagnon avait la forme, a eu une attitude digne face \u00e0 ces larbins du pouvoir et a fait savoir qu\u2019il s\u2019exprimera bient\u00f4t. Une petite perle du discours de la Proc\u2019\u00a0\u00e0 propos du compagnon : \u00ab<em>\u00a0Mr. se dit anarchiste, chacun a le droit d\u2019avoir une opinion, les id\u00e9es anarchistes sont ce qu\u2019elles sont mais elles ne justifient en rien les faits qui lui sont reproch\u00e9s\u00a0<\/em>\u00bb.<\/p>\n<p><strong>Le proc\u00e8s aura lieu le 19 janvier \u00e0 13h30, dans la chambre 23 du Palais de Justice de Paris.<\/strong><\/p>\n<p>On \u00e9tait nombreux dans les rues lors des manifs de ce printemps. Les bris de ces vitres (notamment ceux de Jaguar!) nous ont r\u00e9joui pendant plusieurs jours, comme un petit rayon de soleil dans cette grisaille.<br \/>\nQue chaque jour de d\u00e9tention de notre compagnon et de tout autre prisonnier apporte avec soi des actes de r\u00e9volte contre ce monde.<br \/>\nLa\u00a0solidarit\u00e9\u00a0c\u2019est\u00a0l\u2019attaque\u00a0!<\/p>\n<p><i>Quelques\u00a0anarchistes <\/i><\/p>\n","protected":false},"excerpt":{"rendered":"<p>attaque.noblogs.org Le compagnon anarchiste arr\u00eat\u00e9 mercredi 7 en Bretagne est pass\u00e9 le lendemain devant la 23\u00e8me chambre, au Palais de Justice de Paris. Il est accus\u00e9 de d\u00e9gradations sur un P\u00f4le Emploi, sur une structure de la Chambre de Commerce et d\u2019Industrie, sur un Franprix et sur un concessionnaire Jaguar, lors de la manif sauvage [&hellip;]<\/p>\n","protected":false},"author":7964,"featured_media":0,"comment_status":"closed","ping_status":"closed","sticky":false,"template":"","format":"standard","meta":{"footnotes":""},"categories":[1],"tags":[],"class_list":["post-7254","post","type-post","status-publish","format-standard","hentry","category-general"],"_links":{"self":[{"href":"https:\/\/lelaboratoireanarchiste.noblogs.org\/index.php?rest_route=\/wp\/v2\/posts\/7254","targetHints":{"allow":["GET"]}}],"collection":[{"href":"https:\/\/lelaboratoireanarchiste.noblogs.org\/index.php?rest_route=\/wp\/v2\/posts"}],"about":[{"href":"https:\/\/lelaboratoireanarchiste.noblogs.org\/index.php?rest_route=\/wp\/v2\/types\/post"}],"author":[{"embeddable":true,"href":"https:\/\/lelaboratoireanarchiste.noblogs.org\/index.php?rest_route=\/wp\/v2\/users\/7964"}],"replies":[{"embeddable":true,"href":"https:\/\/lelaboratoireanarchiste.noblogs.org\/index.php?rest_route=%2Fwp%2Fv2%2Fcomments&post=7254"}],"version-history":[{"count":3,"href":"https:\/\/lelaboratoireanarchiste.noblogs.org\/index.php?rest_route=\/wp\/v2\/posts\/7254\/revisions"}],"predecessor-version":[{"id":7259,"href":"https:\/\/lelaboratoireanarchiste.noblogs.org\/index.php?rest_route=\/wp\/v2\/posts\/7254\/revisions\/7259"}],"wp:attachment":[{"href":"https:\/\/lelaboratoireanarchiste.noblogs.org\/index.php?rest_route=%2Fwp%2Fv2%2Fmedia&parent=7254"}],"wp:term":[{"taxonomy":"category","embeddable":true,"href":"https:\/\/lelaboratoireanarchiste.noblogs.org\/index.php?rest_route=%2Fwp%2Fv2%2Fcategories&post=7254"},{"taxonomy":"post_tag","embeddable":true,"href":"https:\/\/lelaboratoireanarchiste.noblogs.org\/index.php?rest_route=%2Fwp%2Fv2%2Ftags&post=7254"}],"curies":[{"name":"wp","href":"https:\/\/api.w.org\/{rel}","templated":true}]}}