{"id":7251,"date":"2016-12-09T13:58:07","date_gmt":"2016-12-09T12:58:07","guid":{"rendered":"https:\/\/lelaboratoireanarchiste.noblogs.org\/?p=7251"},"modified":"2016-12-10T09:56:41","modified_gmt":"2016-12-10T08:56:41","slug":"ardeche-les-vans-mise-a-disposition-de-lancien-hopital-pour-38-migrants","status":"publish","type":"post","link":"https:\/\/lelaboratoireanarchiste.noblogs.org\/?p=7251","title":{"rendered":"Ard\u00e8che Les VANS mise \u00e0 disposition de  l&rsquo;ancien h\u00f4pital pour 38 migrants (mise \u00e0 jour)"},"content":{"rendered":"<div id=\"text-sizes\" class=\"block-fr3-content-wrapper-content\">\n<div class=\"content-fr3-content\"><\/div>\n<div class=\"content-fr3-content\">Note:\u00a0 Des fr\u00e9missements et des rumeurs de rassemblement contre cette accueil\u00a0 venues\u00a0 de site des FN et leur\u00a0 complices se sont av\u00e9r\u00e9es un jeu de muscles pour marquer le territoire.<\/div>\n<div class=\"content-fr3-content\">\u00a0Les bleus aussi marque le territoire\u00a0\u00bbMercredi 7 d\u00e9cembre, juste avant les Vans, je me suis fait doubl\u00e9 par 4 voitures et deux fourgons de schmitts\u00a0\u00bb<\/div>\n<\/div>\n<div class=\"content-fr3-content\"><\/div>\n<div class=\"content-fr3-content\"><del>France Bleu Rhone Alpes<\/del><\/div>\n<div class=\"content-fr3-content\"><\/div>\n<div class=\"content-fr3-content\"><img decoding=\"async\" id=\"fancybox-img\" src=\"http:\/\/france3-regions.francetvinfo.fr\/rhone-alpes\/sites\/regions_france3\/files\/assets\/images\/2016\/12\/09\/jts_auteur_bd_de_vans-00_01_45_04.jpg\" alt=\"\" \/><\/div>\n<div class=\"content-fr3-content\"><\/div>\n<div class=\"content-fr3-content\"><\/div>\n<div id=\"text-sizes\" class=\"block-fr3-content-wrapper-content\">\n<div class=\"content-fr3-content\">\n<p>C&rsquo;\u00e9tait le dernier d\u00e9partement \u00e0 n&rsquo;accueillir personne. Trente-huit migrants sont arriv\u00e9s hier dans la commune des Vans, en Ard\u00e8che, depuis la r\u00e9gion parisienne. Ils sont actuellement h\u00e9berg\u00e9s dans l&rsquo;ancien h\u00f4pital par l&rsquo;association Entraide Pierre Valdo une association st\u00e9phanoise d&rsquo;ob\u00e9dience protestante\u00a0\u00a0 , sp\u00e9cialis\u00e9e dans l&rsquo;accueil des r\u00e9fugi\u00e9s et des demandeurs d&rsquo;asile.<\/p>\n<p>Neuf personnes originaires de la r\u00e9gion ont \u00e9t\u00e9 embauch\u00e9es pour g\u00e9rer le centre, qui devait \u00e0 l&rsquo;origine accueillir les migrants <a href=\"http:\/\/france3-regions.francetvinfo.fr\/rhone-alpes\/ardeche\/ardeche-migrants-arriveront-fin-novembre-centre-aux-vans-1122765.html\">\u00e0 la fin du mois de novembre<\/a>. L&rsquo;Etat prendra en charge toutes les d\u00e9penses li\u00e9es \u00e0 la gestion du center d&rsquo;accueil.<\/p>\n<p>Les demandeurs d&rsquo;asile qui sont arriv\u00e9s sont essentiellement des hommes c\u00e9libataires, puisque la venue de mineurs isol\u00e9s ou de familles n\u00e9cessiterait une scolarisation, avec la mise en place de programmes destin\u00e9s aux non-francophones.<\/p>\n<p>Les habitants, qui \u00e9taient pour certains sceptiques, les ont accueillis \u00e0 leur arriv\u00e9e. \u00ab\u00a0J&rsquo;ai m\u00eame \u00e9t\u00e9 applaudi\u00a0\u00bb expliquait le maire de la commune Jean-Paul Manifacier\u00a0<a href=\"https:\/\/www.francebleu.fr\/infos\/societe\/trente-huit-migrants-ont-ete-accueillis-jeudi-soir-aux-vans-1481236729\">\u00e0 France Bleu Dr\u00f4me-Ard\u00e8che<\/a>.<\/p>\n<p>&nbsp;<\/p>\n<p>&nbsp;<\/p>\n<\/div>\n<\/div>\n<div class=\"content-fr3-content\"><\/div>\n<div id=\"text-sizes\" class=\"block-fr3-content-wrapper-content\"><\/div>\n","protected":false},"excerpt":{"rendered":"<p>Note:\u00a0 Des fr\u00e9missements et des rumeurs de rassemblement contre cette accueil\u00a0 venues\u00a0 de site des FN et leur\u00a0 complices se sont av\u00e9r\u00e9es un jeu de muscles pour marquer le territoire. \u00a0Les bleus aussi marque le territoire\u00a0\u00bbMercredi 7 d\u00e9cembre, juste avant les Vans, je me suis fait doubl\u00e9 par 4 voitures et deux fourgons de schmitts\u00a0\u00bb [&hellip;]<\/p>\n","protected":false},"author":7964,"featured_media":0,"comment_status":"closed","ping_status":"closed","sticky":false,"template":"","format":"standard","meta":{"footnotes":""},"categories":[1],"tags":[],"class_list":["post-7251","post","type-post","status-publish","format-standard","hentry","category-general"],"_links":{"self":[{"href":"https:\/\/lelaboratoireanarchiste.noblogs.org\/index.php?rest_route=\/wp\/v2\/posts\/7251","targetHints":{"allow":["GET"]}}],"collection":[{"href":"https:\/\/lelaboratoireanarchiste.noblogs.org\/index.php?rest_route=\/wp\/v2\/posts"}],"about":[{"href":"https:\/\/lelaboratoireanarchiste.noblogs.org\/index.php?rest_route=\/wp\/v2\/types\/post"}],"author":[{"embeddable":true,"href":"https:\/\/lelaboratoireanarchiste.noblogs.org\/index.php?rest_route=\/wp\/v2\/users\/7964"}],"replies":[{"embeddable":true,"href":"https:\/\/lelaboratoireanarchiste.noblogs.org\/index.php?rest_route=%2Fwp%2Fv2%2Fcomments&post=7251"}],"version-history":[{"count":4,"href":"https:\/\/lelaboratoireanarchiste.noblogs.org\/index.php?rest_route=\/wp\/v2\/posts\/7251\/revisions"}],"predecessor-version":[{"id":7257,"href":"https:\/\/lelaboratoireanarchiste.noblogs.org\/index.php?rest_route=\/wp\/v2\/posts\/7251\/revisions\/7257"}],"wp:attachment":[{"href":"https:\/\/lelaboratoireanarchiste.noblogs.org\/index.php?rest_route=%2Fwp%2Fv2%2Fmedia&parent=7251"}],"wp:term":[{"taxonomy":"category","embeddable":true,"href":"https:\/\/lelaboratoireanarchiste.noblogs.org\/index.php?rest_route=%2Fwp%2Fv2%2Fcategories&post=7251"},{"taxonomy":"post_tag","embeddable":true,"href":"https:\/\/lelaboratoireanarchiste.noblogs.org\/index.php?rest_route=%2Fwp%2Fv2%2Ftags&post=7251"}],"curies":[{"name":"wp","href":"https:\/\/api.w.org\/{rel}","templated":true}]}}