{"id":7221,"date":"2016-12-06T13:10:11","date_gmt":"2016-12-06T12:10:11","guid":{"rendered":"https:\/\/lelaboratoireanarchiste.noblogs.org\/?p=7221"},"modified":"2016-12-06T13:58:06","modified_gmt":"2016-12-06T12:58:06","slug":"valence-drome-centre-penitentiaire-etat-des-lieux-apres-la-troisieme-mutinerie-au-qartiermaisoncentale","status":"publish","type":"post","link":"https:\/\/lelaboratoireanarchiste.noblogs.org\/?p=7221","title":{"rendered":"Valence [Dr\u00f4me] Centre p\u00e9nitentiaire \u00e9tat des lieux  apr\u00e8s la troisi\u00e8me mutinerie au Qartier Maison Centale"},"content":{"rendered":"<div class=\"corps\">\n<p class=\"chapo\"><img loading=\"lazy\" decoding=\"async\" class=\"img-responsive \" src=\"http:\/\/cdn3-europe1.new2.ladmedia.fr\/var\/europe1\/storage\/images\/europe1\/faits-divers\/mutinerie-en-cours-dans-une-prison-de-valence-2856151\/29058691-1-fre-FR\/Mutinerie-en-cours-dans-une-prison-de-Valence.jpg\" alt=\"Un surveillant hospitalis\u00e9 apr\u00e8s une mutinerie dans une prison de Valence\" width=\"622\" height=\"311\" \/><\/p>\n<p class=\"chapo\"><strong>voir<\/strong> Apr\u00e8s le mouvement collectif un compte rendu sur le blog <a href=\"https:\/\/lelaboratoireanarchiste.noblogs.org\/post\/2016\/12\/02\/valence-drome-mise-a-jour-du-1122016-apres-le-mouvement-collectif-au-centre-penitentiaire-au-qmc\">pour se rendre compte<\/a>\u00a0 de la force de la pouss\u00e9e collective\u00a0 des prisonniers pour \u00eatre enfin entendus \u00e0 l&rsquo;ext\u00e9rieur, . Les hauts parleurs m\u00e9diatique sont au main de la bourgeoisie , Bient\u00f4t ce sera\u00a0 nos haut parleur: la parole aux prisonniers longue peine qui ont risqu\u00e9 les coups et les passages \u00e0 tabac et les mitards pour qu&rsquo;enfin qu&rsquo;ils soient entendus \u00e0 l&rsquo;ext\u00e9rieur.<\/p>\n<p class=\"chapo\"><del>France bleu Dr\u00f4me Ard\u00e8che<\/del> <span class=\"date\"> 5 d\u00e9cembre 2016 \u00e0 18:36 <\/span><\/p>\n<p class=\"chapo\">Le s\u00e9nateur-maire de Tain-l&rsquo;Hermitage avait demand\u00e9 \u00e0 visiter le centre p\u00e9nitentiaire apr\u00e8s la premi\u00e8re mutinerie, il y a deux mois. Le rendez-vous \u00e9tait fix\u00e9 pour ce lundi matin. Ce qui n\u2019\u00e9tait pas pr\u00e9vu, c&rsquo;est la seconde mutinerie d&rsquo;il y a huit jours.<\/p>\n<p>Gilbert Bouchet le s\u00e9nateur-maire Les R\u00e9publicains de Tain-l&rsquo;Hermitage a pu visiter le centre p\u00e9nitentiaire de Valence ce lundi matin. <strong>Il en avait fait la demande apr\u00e8s la <\/strong>premi\u00e8re ( d&rsquo;apr\u00e8s le ministre de la justice c&rsquo;est la seconde)<strong> mutinerie<\/strong> de septembre. Coup du hasard, le rendez-vous \u00e9tait fix\u00e9 pour le 5 d\u00e9cembre. Sauf qu&rsquo;entre temps il y a eu une seconde mutinerie le 27 novembre. <strong>L\u2019administration p\u00e9nitentiaire a refus\u00e9 de faire entrer les journalistes dans le b\u00e2timent d\u00e9truit<\/strong>.<strong> Officiellement<\/strong>, c&rsquo;\u00e9tait pour raison de s\u00e9curit\u00e9, afin<strong> d&rsquo;\u00e9viter que des images soient montr\u00e9es \u00e0 la t\u00e9l\u00e9vision et que les d\u00e9tenus les voient<\/strong>. Sauf qu\u2019aucune cam\u00e9ra n&rsquo;\u00e9tait pr\u00e9sente lors de cette visite. Le s\u00e9nateur est donc entr\u00e9 avec seulement son attach\u00e9e parlementaire dans ce b\u00e2timent du quartier maison centrale.<\/p>\n<p>Un vrai spectacle de d\u00e9solation, des cafeti\u00e8res et des lave-linges jet\u00e9s depuis dans les filets qui s\u00e9parent les \u00e9tages, les<strong> cam\u00e9ras de vid\u00e9osurveillance d\u00e9truites tout comme le brouilleur de portable<\/strong>. Et une \u00e9paisseur de suie qui recouvre tout. (Gilbert Bouchet apr\u00e8s avoir visit\u00e9 le b\u00e2timent o\u00f9 s&rsquo;est d\u00e9roul\u00e9e la mutinerie)<\/p>\n<h2>R\u00e9organisation temporaire des effectifs<\/h2>\n<p>Depuis la seconde mutinerie, des mesures sont prises localement par le<strong> directeur<\/strong>. Il a doubl\u00e9 les effectifs dans les \u00e9tages du quartier maison centrale. Les gardiens du b\u00e2timent qui<strong> a br\u00fbl\u00e9<\/strong> n\u2019ont plus rien \u00e0 faire l\u00e0 puisque la zone a \u00e9t\u00e9 vid\u00e9e et les prisonniers transf\u00e9r\u00e9s dans le b\u00e2timent d\u2019\u00e0 c\u00f4t\u00e9. Ces surveillants sont donc affect\u00e9s temporairement dans le second b\u00e2timent. Ce qui permet enfin d\u2019arriver \u00e0 deux personnels pour surveiller tout un \u00e9tage et vingt d\u00e9tenus.<\/p>\n<h2>\u00c9quipe locale d&rsquo;appui et de contr\u00f4le<\/h2>\n<p>Autre mesure en place depuis ce lundi matin : une <strong>ELAC<\/strong> (\u00e9quipe locale d&rsquo;appui et de contr\u00f4le) a \u00e9t\u00e9 form\u00e9e et install\u00e9e<strong>. <\/strong>Sept hommes se relaient trois par trois pour venir en aide aux gardiens qui seraient en difficult\u00e9<strong>.<\/strong> Mais l\u00e0 encore, personne n&rsquo;est capable de dire si ce dispositif-l\u00e0 sera p\u00e9rennis\u00e9 lorsque le<strong> b\u00e2timent d\u00e9truit<\/strong> sera remis en service. Le s\u00e9nateur dr\u00f4mois a promis de demander \u00e0 nouveau dans son compte-rendu de visite des personnels en plus pour le centre p\u00e9nitentiaire de Valence.<\/p>\n<hr \/>\n<\/div>\n<div class=\"partage-bar\"><del>\u00a0Dauphin\u00e9 lib\u00e9r\u00e9<\/del> Publi\u00e9 06\/12\/2016 \u00e0 06:00<\/div>\n<div class=\"partage-bar\"><\/div>\n<div class=\"partage-bar\">\n<p><span style=\"font-size: medium\">Ils remettent en cause le r\u00e9gime de portes ferm\u00e9s, le brouillage des ondes afin d&rsquo;interdire l&rsquo;utilisation des t\u00e9l\u00e9phones portables Sans oublier les parloirs sexuels qu&rsquo;ils revendiquent. Il n&rsquo;y en a pas \u00e0 Valence,La pr\u00e9sence de 520 cameras dans les parties communes.une<del> accumulation de frustrations<\/del>\u00a0 qui a conduit\u00a0 \u00e0 cette explosion dominicale\u00a0 de violence<br \/>\n<\/span><\/p>\n<\/div>\n<p>&nbsp;<\/p>\n","protected":false},"excerpt":{"rendered":"<p>voir Apr\u00e8s le mouvement collectif un compte rendu sur le blog pour se rendre compte\u00a0 de la force de la pouss\u00e9e collective\u00a0 des prisonniers pour \u00eatre enfin entendus \u00e0 l&rsquo;ext\u00e9rieur, . Les hauts parleurs m\u00e9diatique sont au main de la bourgeoisie , Bient\u00f4t ce sera\u00a0 nos haut parleur: la parole aux prisonniers longue peine qui [&hellip;]<\/p>\n","protected":false},"author":7964,"featured_media":0,"comment_status":"closed","ping_status":"closed","sticky":false,"template":"","format":"standard","meta":{"footnotes":""},"categories":[1],"tags":[],"class_list":["post-7221","post","type-post","status-publish","format-standard","hentry","category-general"],"_links":{"self":[{"href":"https:\/\/lelaboratoireanarchiste.noblogs.org\/index.php?rest_route=\/wp\/v2\/posts\/7221","targetHints":{"allow":["GET"]}}],"collection":[{"href":"https:\/\/lelaboratoireanarchiste.noblogs.org\/index.php?rest_route=\/wp\/v2\/posts"}],"about":[{"href":"https:\/\/lelaboratoireanarchiste.noblogs.org\/index.php?rest_route=\/wp\/v2\/types\/post"}],"author":[{"embeddable":true,"href":"https:\/\/lelaboratoireanarchiste.noblogs.org\/index.php?rest_route=\/wp\/v2\/users\/7964"}],"replies":[{"embeddable":true,"href":"https:\/\/lelaboratoireanarchiste.noblogs.org\/index.php?rest_route=%2Fwp%2Fv2%2Fcomments&post=7221"}],"version-history":[{"count":9,"href":"https:\/\/lelaboratoireanarchiste.noblogs.org\/index.php?rest_route=\/wp\/v2\/posts\/7221\/revisions"}],"predecessor-version":[{"id":7230,"href":"https:\/\/lelaboratoireanarchiste.noblogs.org\/index.php?rest_route=\/wp\/v2\/posts\/7221\/revisions\/7230"}],"wp:attachment":[{"href":"https:\/\/lelaboratoireanarchiste.noblogs.org\/index.php?rest_route=%2Fwp%2Fv2%2Fmedia&parent=7221"}],"wp:term":[{"taxonomy":"category","embeddable":true,"href":"https:\/\/lelaboratoireanarchiste.noblogs.org\/index.php?rest_route=%2Fwp%2Fv2%2Fcategories&post=7221"},{"taxonomy":"post_tag","embeddable":true,"href":"https:\/\/lelaboratoireanarchiste.noblogs.org\/index.php?rest_route=%2Fwp%2Fv2%2Ftags&post=7221"}],"curies":[{"name":"wp","href":"https:\/\/api.w.org\/{rel}","templated":true}]}}