{"id":7219,"date":"2016-12-06T07:54:28","date_gmt":"2016-12-06T06:54:28","guid":{"rendered":"https:\/\/lelaboratoireanarchiste.noblogs.org\/?p=7219"},"modified":"2016-12-06T07:55:09","modified_gmt":"2016-12-06T06:55:09","slug":"hambach-allemagne-affrontements-et-attaques-contre-la-mine-de-charbon-trois-camarades-en-prison","status":"publish","type":"post","link":"https:\/\/lelaboratoireanarchiste.noblogs.org\/?p=7219","title":{"rendered":"Hambach (Allemagne) : affrontements et attaques contre la mine de charbon, trois camarades en prison"},"content":{"rendered":"<div class=\"\">\n<p><strong>Br\u00e8ves du D\u00e9sordre<\/strong><\/p>\n<p><i>[Note\u00a0: une 3e personne a \u00e9t\u00e9 arr\u00eat\u00e9e le 3 d\u00e9cembre, et est incarc\u00e9r\u00e9e avec Siao et Hodey en pr\u00e9ventive dans la prison de Cologne]<\/i><\/p>\n<p><strong>Allemagne\u00a0: Deux compagnon-ne-s d\u2019Espagne incarc\u00e9r\u00e9es dans la prison de <br class=\"autobr\" \/> Cologne<\/strong><\/p>\n<p>Au cours de la journ\u00e9e d\u2019hier, 30 novembre, 8 personnes ont \u00e9t\u00e9 arr\u00eat\u00e9es dans la for\u00eat de Hambach. Entre autres, 2 compagnon-ne-s d\u2019Espagne. Toutes ont \u00e9t\u00e9 rel\u00e2ch\u00e9es dans la nuit d\u2019hier, sauf ces deux compagnon-ne-s, qui ont \u00e9t\u00e9 transf\u00e9r\u00e9es aujourd\u2019hui \u00e0 Cologne, en prison pr\u00e9ventive. Dans la for\u00eat elles se faisaient appeler Siao et Hodey, m\u00eame si en Espagne nous les connaissions sous d\u2019autres noms.<\/p>\n<p><strong>Ces derniers jours<\/strong>, nous avons v\u00e9cu une escalade de tension dans la for\u00eat de Hambach, depuis que le le 17 novembre a eu lieu un blocage de la route menant \u00e0 la mine avec une barricade enflamm\u00e9e, quelques affrontements \u00e0 coups de pierres contre l\u2019entreprise de s\u00e9curit\u00e9, ainsi que l\u2019\u201cinstallation\u201d d\u2019un faux engin explosif qui a retard\u00e9 le d\u00e9mant\u00e8lement de la barricade et l\u2019abatage pour plusieurs heures.<\/p>\n<p><strong>Depuis, au cours de plusieurs jours<\/strong>, les v\u00e9hicules de s\u00e9curit\u00e9, de police et des ouvriers se sont fait caillasser \u00e0 l\u2019entr\u00e9e ou \u00e0 la sortie\u00a0; samedi dernier, trois stations \u00e9lectriques de la mine et une pelleteuse ont \u00e9t\u00e9 incendi\u00e9es\u00a0; il y a deux jours, plusieurs personnes ont vir\u00e9 des dizaines de flics et de vigiles de la for\u00eat dans la zone de Deathtrap, prenant ensuite la route pour faire une barricade. A ce moment l\u00e0, deux flics sont sortis de leur fourgon pour disperser les gens et un est entr\u00e9 dans la for\u00eat poursuivant les compagnonnes, ce sur quoi il a tr\u00e9buch\u00e9 et re\u00e7u des coups avant de repartir en courant en qu\u00eate de renforts. S\u2019en est suivi un long moment de tension, un grand nombre de flics arrivant \u00e0 la fin de la journ\u00e9e. Le dernier convoi de voitures sortant de la mine ce jour l\u00e0 a aussi \u00e9t\u00e9 caillass\u00e9 par les gens qui se trouvaient sur place. Et finalement hier, une autre attaque contre un v\u00e9hicule de s\u00e9curit\u00e9 sur la route a provoqu\u00e9 un accident, le conducteur perdant le contr\u00f4le. Peu apr\u00e8s, des dizaines de fourgons de police sont arriv\u00e9s dans la for\u00eat, encerclant le campement et l\u2019ensemble du terrain pour \u00e9viter que les personnes \u00e0 l\u2019int\u00e9rieur puissent sortir.<\/p>\n<p>C\u2019est l\u00e0 qu\u2019a commenc\u00e9 une chasse au cours de laquelle 5 personnes ont \u00e9t\u00e9 arr\u00eat\u00e9es. Une autre s\u2019est fait chopper dans l\u2019une des maisons qui se trouvent dans la for\u00eat et deux autres encore dans une cabane dans un arbre, Deathtrap. Ce sont elles qui se trouvent aujourd\u2019hui en prison pr\u00e9ventive. Siao et Hodey sont accus\u00e9es d\u2019avoir attaqu\u00e9 la police et utilis\u00e9 des explosifs, c\u2019est pourquoi elles sont retenues dans la taule de Cologne. Nous transmettrons plus d\u2019informations au fur et \u00e0 mesure que nous les aurons et nous passerons les adresses pour leur \u00e9crire d\u00e8s que nous les <br class=\"autobr\" \/> connaitrons.<\/p>\n<p>Solidarit\u00e9 et lutte\u00a0!<\/p>\n<p>[Traduit de l\u2019espagnol de <a class=\"spip_out\" href=\"https:\/\/es-contrainfo.espiv.net\/2016\/12\/01\/alemania-dos-companeres-del-estado-espanol-encarceladas-en-la-prision-de-colonia\/\" rel=\"external\">contrainfo<\/a>, 1 diciembre 2016]<\/p>\n<\/div>\n","protected":false},"excerpt":{"rendered":"<p>Br\u00e8ves du D\u00e9sordre [Note\u00a0: une 3e personne a \u00e9t\u00e9 arr\u00eat\u00e9e le 3 d\u00e9cembre, et est incarc\u00e9r\u00e9e avec Siao et Hodey en pr\u00e9ventive dans la prison de Cologne] Allemagne\u00a0: Deux compagnon-ne-s d\u2019Espagne incarc\u00e9r\u00e9es dans la prison de Cologne Au cours de la journ\u00e9e d\u2019hier, 30 novembre, 8 personnes ont \u00e9t\u00e9 arr\u00eat\u00e9es dans la for\u00eat de Hambach. [&hellip;]<\/p>\n","protected":false},"author":7964,"featured_media":0,"comment_status":"closed","ping_status":"closed","sticky":false,"template":"","format":"standard","meta":{"footnotes":""},"categories":[1],"tags":[],"class_list":["post-7219","post","type-post","status-publish","format-standard","hentry","category-general"],"_links":{"self":[{"href":"https:\/\/lelaboratoireanarchiste.noblogs.org\/index.php?rest_route=\/wp\/v2\/posts\/7219","targetHints":{"allow":["GET"]}}],"collection":[{"href":"https:\/\/lelaboratoireanarchiste.noblogs.org\/index.php?rest_route=\/wp\/v2\/posts"}],"about":[{"href":"https:\/\/lelaboratoireanarchiste.noblogs.org\/index.php?rest_route=\/wp\/v2\/types\/post"}],"author":[{"embeddable":true,"href":"https:\/\/lelaboratoireanarchiste.noblogs.org\/index.php?rest_route=\/wp\/v2\/users\/7964"}],"replies":[{"embeddable":true,"href":"https:\/\/lelaboratoireanarchiste.noblogs.org\/index.php?rest_route=%2Fwp%2Fv2%2Fcomments&post=7219"}],"version-history":[{"count":1,"href":"https:\/\/lelaboratoireanarchiste.noblogs.org\/index.php?rest_route=\/wp\/v2\/posts\/7219\/revisions"}],"predecessor-version":[{"id":7220,"href":"https:\/\/lelaboratoireanarchiste.noblogs.org\/index.php?rest_route=\/wp\/v2\/posts\/7219\/revisions\/7220"}],"wp:attachment":[{"href":"https:\/\/lelaboratoireanarchiste.noblogs.org\/index.php?rest_route=%2Fwp%2Fv2%2Fmedia&parent=7219"}],"wp:term":[{"taxonomy":"category","embeddable":true,"href":"https:\/\/lelaboratoireanarchiste.noblogs.org\/index.php?rest_route=%2Fwp%2Fv2%2Fcategories&post=7219"},{"taxonomy":"post_tag","embeddable":true,"href":"https:\/\/lelaboratoireanarchiste.noblogs.org\/index.php?rest_route=%2Fwp%2Fv2%2Ftags&post=7219"}],"curies":[{"name":"wp","href":"https:\/\/api.w.org\/{rel}","templated":true}]}}