{"id":7217,"date":"2016-12-05T08:53:43","date_gmt":"2016-12-05T07:53:43","guid":{"rendered":"https:\/\/lelaboratoireanarchiste.noblogs.org\/?p=7217"},"modified":"2016-12-07T07:43:12","modified_gmt":"2016-12-07T06:43:12","slug":"bure-meuse-week-end-du-17-18-12-fete-du-solstice-dhiver-en-foret","status":"publish","type":"post","link":"https:\/\/lelaboratoireanarchiste.noblogs.org\/?p=7217","title":{"rendered":"Bure (Meuse) Week-end du 17-18 \/12: f\u00eate du solstice d\u2019hiver en for\u00eat"},"content":{"rendered":"<div class=\"post-entry-content-wrapper\">\n<div class=\"post-entry-content\">\n<p><img loading=\"lazy\" decoding=\"async\" class=\"shrinkToFit\" src=\"https:\/\/en-contrainfo.espiv.net\/files\/2016\/11\/IMG_20160626_211058-1.jpg\" alt=\"https:\/\/en-contrainfo.espiv.net\/files\/2016\/11\/IMG_20160626_211058-1.jpg\" width=\"1215\" height=\"683\" \/><\/p>\n<p>A Bure, apr\u00e8s un \u00e9t\u00e9 o\u00f9 elle a \u00e9t\u00e9 mise en \u00e9chec, l\u2019Andra repasse \u00e0 l\u2019attaque pour implanter son projet de poubelle nucl\u00e9aire. Elle utilise le pr\u00e9texte d\u2019un reboisement sur des parcelles qu\u2019elle a saccag\u00e9es pour revenir dans la for\u00eat et s\u2019acheter une conscience \u00e9colo. Une v\u00e9ritable hypocrisie\u00a0: nous savons qu\u2019\u00e0 terme le bois sera de nouveau d\u00e9frich\u00e9 pour laisser place \u00e0 la zone des puits de ventilation des d\u00e9chets.<\/p>\n<p>Sur le terrain, la pression augmente : les vigiles rodent en lisi\u00e8re, les gendarmes approchent les barricades. L\u2019Andra se met en r\u00e8gle sur le plan juridique pour rendre possible une expulsion. Le 15 d\u00e9cembre se tiendra une audience au tribunal qui risque d\u2019acc\u00e9l\u00e9rer la reprise des travaux.<\/p>\n<p>Face aux menaces, les hiboux restent sur le qui vive et appellent tou.te.s leurs ami.e.s \u00e0 un <strong>rassemblement festif dans la for\u00eat, le week-end du 17 d\u00e9cembre<\/strong>.<\/p>\n<h5>Solstice d\u2019hiver, solstice d\u00e9ter\u2019\u00a0!<\/h5>\n<p>&nbsp;<\/p>\n<p>Nous invitons tous nos soutiens \u00e0 une <strong>marche foresti\u00e8re contre la mascarade du <em>greenwashing<\/em>, samedi 17 \u00e0 14h<\/strong>, au d\u00e9part de la vigie sud\u00a0: nous irons planter une haie d\u2019arbres morts pour rappeler l\u2019absurdit\u00e9 de leur reboisement.<\/p>\n<p>D\u00e8s 10h30, un accueil sera organis\u00e9 en for\u00eat pour celles et ceux qui voudraient aider aux chantiers collectifs. La soir\u00e9e se poursuivra en musique et au coin du feu, avec la cr\u00e9maill\u00e8re des cabanes. Des couchages en for\u00eat sont pr\u00e9vus, ainsi qu\u2019\u00e0 la Maison de la R\u00e9sistance.<\/p>\n<p>Le froid tombe sur l\u2019occupation et il est urgent pour nous de retrouver la chaleur des liens qui se sont tiss\u00e9s cet \u00e9t\u00e9, pour clouer la premi\u00e8re planche d\u2019un hiver d\u00e9termin\u00e9.<\/p>\n<h5>Programme<\/h5>\n<p><strong>Samedi 17<br \/>\n<\/strong><\/p>\n<ul>\n<li>10h30 : d\u00e9but de l\u2019accueil \u00e0 la for\u00eat (vigie sud), petit dej\u2019, possibilit\u00e9 de d\u00e9part depuis la Maison de la R\u00e9sistance, lancement des chantiers<\/li>\n<li>13h : pique nique tir\u00e9 du sac en for\u00eat<\/li>\n<li><strong>14h : d\u00e9part de vigie sud vers la zone rebois\u00e9e au nord<\/strong> (vers Ribeaucourt)<\/li>\n<li>17h : retour au sud de la for\u00eat, feu de camp, chansons, musique et ap\u00e9ro<\/li>\n<li>Nuit en for\u00eat pour les volontaires ; couchages disponibles \u00e0 la Maison<\/li>\n<\/ul>\n<p><strong>Dimanche 18<\/strong> : r\u00e9union des habitant.e.s et occupant.e.s, suite des chantiers. Et comme tous les dimanche : vin chaud en for\u00eat et initiations \u00e0 la grimpe<\/p>\n<p>Route et\u00a0 plans et information pour les visiteurs\u00a0 pour aller \u00e0: <a href=\"http:\/\/en.vmc.camp\" target=\"_blank\"><strong>en.vmc.camp<\/strong><\/a><\/p>\n<p>Contacts :*<\/p>\n<p>www.vmc.camp \/ sauvonslaforet@riseup. \/ 03.29.45.41.77<\/p>\n<p><a href=\"https:\/\/lelaboratoireanarchiste.noblogs.org\/files\/2016\/12\/solstice-dhiver-affiche.jpg\">affiche\u00a0<\/a> du solstice d&rsquo;hiver<\/p>\n<p>&nbsp;<\/p>\n<p>&nbsp;<\/p>\n<\/div>\n<\/div>\n","protected":false},"excerpt":{"rendered":"<p>A Bure, apr\u00e8s un \u00e9t\u00e9 o\u00f9 elle a \u00e9t\u00e9 mise en \u00e9chec, l\u2019Andra repasse \u00e0 l\u2019attaque pour implanter son projet de poubelle nucl\u00e9aire. Elle utilise le pr\u00e9texte d\u2019un reboisement sur des parcelles qu\u2019elle a saccag\u00e9es pour revenir dans la for\u00eat et s\u2019acheter une conscience \u00e9colo. Une v\u00e9ritable hypocrisie\u00a0: nous savons qu\u2019\u00e0 terme le bois sera [&hellip;]<\/p>\n","protected":false},"author":7964,"featured_media":0,"comment_status":"closed","ping_status":"closed","sticky":false,"template":"","format":"standard","meta":{"footnotes":""},"categories":[1],"tags":[],"class_list":["post-7217","post","type-post","status-publish","format-standard","hentry","category-general"],"_links":{"self":[{"href":"https:\/\/lelaboratoireanarchiste.noblogs.org\/index.php?rest_route=\/wp\/v2\/posts\/7217","targetHints":{"allow":["GET"]}}],"collection":[{"href":"https:\/\/lelaboratoireanarchiste.noblogs.org\/index.php?rest_route=\/wp\/v2\/posts"}],"about":[{"href":"https:\/\/lelaboratoireanarchiste.noblogs.org\/index.php?rest_route=\/wp\/v2\/types\/post"}],"author":[{"embeddable":true,"href":"https:\/\/lelaboratoireanarchiste.noblogs.org\/index.php?rest_route=\/wp\/v2\/users\/7964"}],"replies":[{"embeddable":true,"href":"https:\/\/lelaboratoireanarchiste.noblogs.org\/index.php?rest_route=%2Fwp%2Fv2%2Fcomments&post=7217"}],"version-history":[{"count":3,"href":"https:\/\/lelaboratoireanarchiste.noblogs.org\/index.php?rest_route=\/wp\/v2\/posts\/7217\/revisions"}],"predecessor-version":[{"id":7233,"href":"https:\/\/lelaboratoireanarchiste.noblogs.org\/index.php?rest_route=\/wp\/v2\/posts\/7217\/revisions\/7233"}],"wp:attachment":[{"href":"https:\/\/lelaboratoireanarchiste.noblogs.org\/index.php?rest_route=%2Fwp%2Fv2%2Fmedia&parent=7217"}],"wp:term":[{"taxonomy":"category","embeddable":true,"href":"https:\/\/lelaboratoireanarchiste.noblogs.org\/index.php?rest_route=%2Fwp%2Fv2%2Fcategories&post=7217"},{"taxonomy":"post_tag","embeddable":true,"href":"https:\/\/lelaboratoireanarchiste.noblogs.org\/index.php?rest_route=%2Fwp%2Fv2%2Ftags&post=7217"}],"curies":[{"name":"wp","href":"https:\/\/api.w.org\/{rel}","templated":true}]}}