{"id":7209,"date":"2016-12-04T09:51:20","date_gmt":"2016-12-04T08:51:20","guid":{"rendered":"https:\/\/lelaboratoireanarchiste.noblogs.org\/?p=7209"},"modified":"2016-12-04T09:51:58","modified_gmt":"2016-12-04T08:51:58","slug":"stop-erdogancontre-la-dictature-et-limperialisme-solidarite-internationale-des-peuples","status":"publish","type":"post","link":"https:\/\/lelaboratoireanarchiste.noblogs.org\/?p=7209","title":{"rendered":"Stop ErdoganContre la dictature et l\u2019imp\u00e9rialisme, solidarit\u00e9 internationale des peuples !"},"content":{"rendered":"<p>de partout en Europe les actions directes contre <a href=\"http:\/\/www.secoursrouge.org\/Europe-Les-jeunes-kurdes-multiplient-les-attaques-contre-les-fascistes-et-les\">les associations qui soutiennent la politique d&rsquo;Erdogan <\/a>sont l&rsquo;objet d&rsquo;attaque de jeunes kurdes<\/p>\n<p>recopi\u00e9 sur <a href=\"http:\/\/www.millebabords.org\/spip.php?article30091\">mille babord<\/a><\/p>\n<p>Depuis plusieurs ann\u00e9es, Erdogan impose petit \u00e0 petit une v\u00e9ritable dictature en Turquie et s\u2019impose comme le relais incontournable des int\u00e9r\u00eats imp\u00e9rialistes occidentaux au Moyen-Orient.<\/p>\n<p>En effet, depuis la r\u00e9pression des mouvements sociaux et de contestation du pouvoir en place, notamment autour du parc Gezi pr\u00e8s de la place Taksim \u00e0 Istanbul en 2013, jusqu\u2019aux interventions arm\u00e9es de l\u2019Etat turc qui se sont sold\u00e9es par la mort de nombreux civils, aux liens plus que troubles avec Daesh, contre l\u2019exp\u00e9rience r\u00e9volutionnaire du Rojava, Erdogan a progressivement mis en place un v\u00e9ritable r\u00e9gime d\u2019exception.<\/p>\n<p><strong>Depuis 2015 des massacres de centaines de civils kurdes ont \u00e9t\u00e9 perp\u00e9tr\u00e9s par l\u2019arm\u00e9e turque, comme \u00e0 Cizre, sous pr\u00e9texte de lutte \u00ab\u00a0anti-terrorriste\u00a0\u00bb contre le PKK. Ces derniers mois, notamment suite \u00e0 la tentative de \u00ab\u00a0coup d\u2019Etat\u00a0\u00bb, la r\u00e9pression est encore mont\u00e9e d\u2019un cran, occasion pour l\u2019arrestation massive (en dizaine de milliers) d\u2019universitaires, de militants et de journalistes, ainsi que la fermeture de plusieurs journaux d\u2019opposition, qui sont depuis longtemps dans la ligne de mire du pouvoir. Certains attendent pendant de longs mois un proc\u00e8s, d\u2019autres ont \u00e9t\u00e9 condamn\u00e9s \u00e0 de lourdes peines avec accusation de terrorisme ou de soutien \u00e0 action terroriste.<\/strong><\/p>\n<p><strong>Ces derniers jours, la touche finale de la mise en place d\u2019une v\u00e9ritable dictature de parti unique a \u00e9t\u00e9 mise en place avec les arrestations des partis d\u2019opposition de gauche,<\/strong> notamment les responsables et les \u00e9lus de la nouvelle coalition de gauche HDP et de sa d\u00e9clinaison, locale, le DBP (y compris les maires \u00e9lus de Diyarbakir). Cette coalition avait d\u00e9pass\u00e9 un bras de fer il y a quelques mois pour obtenir des si\u00e8ges au Parlement \u00e0 la grande col\u00e8re de Erdogan. Le HDP vient d\u2019annoncer l\u2019arr\u00eat de toutes ses activit\u00e9s au Parlement face \u00e0 ces arrestations. Aujourd\u2019hui, dans le contexte de l\u2019Etat d\u2019urgence d\u00e9cr\u00e9t\u00e9 en Turquie depuis plusieurs mois, qui vient d\u2019\u00eatre prolong\u00e9, ainsi que celui de guerre avec des offensives r\u00e9p\u00e9t\u00e9es de l\u2019arm\u00e9e turque au Kurdistan, et en Syrie, le pouvoir de Erdogan n\u2019a aucune limite en termes de r\u00e9pression des opposants dans son pays qui osent lever la voix contre les massacres perp\u00e9tr\u00e9s et sa politique guerri\u00e8re. Inutile de pr\u00e9ciser que la r\u00e9pression syndicale n\u2019y \u00e9chappe pas non plus dans ce paysage, et le droit de gr\u00e8ve ne peut plus \u00eatre exerc\u00e9 en Turquie depuis plusieurs ann\u00e9es.<\/p>\n<p>Pendant ce temps-l\u00e0, l\u2019Etat fran\u00e7ais comme l\u2019Union europ\u00e9enne laissent faire sans rien dire, voire renforcent la position d\u2019Erdogan et appuient tacitement sa dictature. Avec en to\u00eele de fond un double int\u00e9r\u00eat\u00a0: la gestion des migrants fuyant les guerres du Moyen-Orient par la Turquie, sur la base d\u2019accords entre l\u2019UE et la Turquie\u00a0; le soutien \u00e0 la Turquie dans son r\u00f4le d\u2019alli\u00e9 pivot pour la sale guerre en Syrie, notamment pour \u00e9viter que l\u2019exp\u00e9rience r\u00e9volutionnaire du Rojava ne renforce son caract\u00e8re d\u2019alternative concr\u00e8te \u00e0 Daesh, et plus largement la volont\u00e9 d\u2019imposer la pr\u00e9sence des arm\u00e9es turques dans toute la r\u00e9gion comme avec la pr\u00e9sence de ces troupes \u00e0 Mossoul contre la volont\u00e9 des Irakiens et des Kurdes, mais avec l\u2019assentiment tacite de la France et des Etats-Unis\u2026<\/p>\n<p><strong>La Conf\u00e9d\u00e9ration nationale du travail-France (CNT-F) appelle\u00a0:<\/strong><\/p>\n<p><strong> \u00e0 soutenir toutes les mobilisations sociales en Turquie, en France et partout ailleurs, contre la dictature d\u2019Erdogan en Turquie\u00a0;<\/strong><br class=\"autobr\" \/> <strong> \u00e0 la lib\u00e9ration imm\u00e9diate de tou-te-s les prisonnier-\u00e8re-s politiques dans les prisons turques\u00a0;<\/strong><br class=\"autobr\" \/> <strong> \u00e0 soutenir le Rojava, et le peuple syrien, contre Daesh, l\u2019Etat turque, le r\u00e9gime autocratique syrien d\u2019Assad et les int\u00e9r\u00eats imp\u00e9rialistes occidentaux\u00a0;<\/strong><br class=\"autobr\" \/> <strong> \u00e0 soutenir le peuple kurde dans son combat pour la libert\u00e9.<\/strong><\/p>\n<p><strong>La CNT-F exige en outre l\u2019arr\u00eat de toute collaboration entre l\u2019Union europ\u00e9enne, donc l\u2019Etat fran\u00e7ais et la dictature d\u2019Erdogan en quelque mati\u00e8re que ce soit. Elle exige en outre l\u2019arr\u00eat des bombardements en Syrie et les massacres de civils qui s\u2019ensuivent.<\/strong><\/p>\n<p><strong>Contre toutes les dictatures, contre l\u2019imp\u00e9rialisme, solidarit\u00e9 internationale\u00a0!<\/strong><\/p>\n<p>Paris, le 7 novembre 2016<br class=\"autobr\" \/> Le Secr\u00e9tariat International de la CNT-F.<\/p>\n<p><strong><a title=\"[Nouvelle fen\u00eatre]\" href=\"http:\/\/www.cnt-f.org\/international\/IMG\/pdf\/cp_turquie_nov2016.pdf\">LIRE LE COMMUNIQU\u00c9 EN VERSION PDF<\/a><\/strong><\/p>\n<p>&nbsp;<\/p>\n<hr class=\"spip\" \/>\n","protected":false},"excerpt":{"rendered":"<p>de partout en Europe les actions directes contre les associations qui soutiennent la politique d&rsquo;Erdogan sont l&rsquo;objet d&rsquo;attaque de jeunes kurdes recopi\u00e9 sur mille babord Depuis plusieurs ann\u00e9es, Erdogan impose petit \u00e0 petit une v\u00e9ritable dictature en Turquie et s\u2019impose comme le relais incontournable des int\u00e9r\u00eats imp\u00e9rialistes occidentaux au Moyen-Orient. En effet, depuis la r\u00e9pression [&hellip;]<\/p>\n","protected":false},"author":7964,"featured_media":0,"comment_status":"closed","ping_status":"closed","sticky":false,"template":"","format":"standard","meta":{"footnotes":""},"categories":[1],"tags":[],"class_list":["post-7209","post","type-post","status-publish","format-standard","hentry","category-general"],"_links":{"self":[{"href":"https:\/\/lelaboratoireanarchiste.noblogs.org\/index.php?rest_route=\/wp\/v2\/posts\/7209","targetHints":{"allow":["GET"]}}],"collection":[{"href":"https:\/\/lelaboratoireanarchiste.noblogs.org\/index.php?rest_route=\/wp\/v2\/posts"}],"about":[{"href":"https:\/\/lelaboratoireanarchiste.noblogs.org\/index.php?rest_route=\/wp\/v2\/types\/post"}],"author":[{"embeddable":true,"href":"https:\/\/lelaboratoireanarchiste.noblogs.org\/index.php?rest_route=\/wp\/v2\/users\/7964"}],"replies":[{"embeddable":true,"href":"https:\/\/lelaboratoireanarchiste.noblogs.org\/index.php?rest_route=%2Fwp%2Fv2%2Fcomments&post=7209"}],"version-history":[{"count":1,"href":"https:\/\/lelaboratoireanarchiste.noblogs.org\/index.php?rest_route=\/wp\/v2\/posts\/7209\/revisions"}],"predecessor-version":[{"id":7210,"href":"https:\/\/lelaboratoireanarchiste.noblogs.org\/index.php?rest_route=\/wp\/v2\/posts\/7209\/revisions\/7210"}],"wp:attachment":[{"href":"https:\/\/lelaboratoireanarchiste.noblogs.org\/index.php?rest_route=%2Fwp%2Fv2%2Fmedia&parent=7209"}],"wp:term":[{"taxonomy":"category","embeddable":true,"href":"https:\/\/lelaboratoireanarchiste.noblogs.org\/index.php?rest_route=%2Fwp%2Fv2%2Fcategories&post=7209"},{"taxonomy":"post_tag","embeddable":true,"href":"https:\/\/lelaboratoireanarchiste.noblogs.org\/index.php?rest_route=%2Fwp%2Fv2%2Ftags&post=7209"}],"curies":[{"name":"wp","href":"https:\/\/api.w.org\/{rel}","templated":true}]}}