{"id":7201,"date":"2016-12-02T12:55:44","date_gmt":"2016-12-02T11:55:44","guid":{"rendered":"https:\/\/lelaboratoireanarchiste.noblogs.org\/?p=7201"},"modified":"2016-12-02T15:20:27","modified_gmt":"2016-12-02T14:20:27","slug":"rappel-zad-de-roybon-iiieme-hiver-doccupation","status":"publish","type":"post","link":"https:\/\/lelaboratoireanarchiste.noblogs.org\/?p=7201","title":{"rendered":"Rappel :Zad de Roybon : III\u00e8me hiver d\u2019occupation"},"content":{"rendered":"<p><strong>\u00a0Note<\/strong>:il est possible de\u00a0 s&rsquo;organiser des covoiturages \u00e0 partir de valence et des rendez vous\u00a0 pour ses trois journ\u00e9es. Le laboratoire sera pr\u00e9sent\u00a0 avec\u00a0 une table de presse<\/p>\n<p><strong>re\u00e7u par mail:<\/strong><\/p>\n<p>Bien\u00a0le\u00a0bonsoir:<\/p>\n<p>-Pour trouver l&rsquo;adresse de la marquise sur internet ou en papier(c&rsquo;est indiqu\u00e9 \u00ab\u00a0mf\u00a0\u00bb sur les atlas routier): \u00ab\u00a0maison foresti\u00e8re, route de la verne, Roybon\u00a0\u00bb<\/p>\n<p>-Pour arriver en stop, en train: nous avons un v\u00e9hicule 9 places pour aller chercher des groupes de pr\u00e9f\u00e9rence, ou des personnes si besoin. Nous pr\u00e9venir au num\u00e9ro ci-dessous(sms).<\/p>\n<p>-Pour dormir: prendre son sac de couchage, les sleepings seront chauff\u00e9s pour la plupart. Si vous avez besoin de conditions particuli\u00e8res pour dormir, contactez nous au<strong> 0668214835<\/strong> (les textos passent bien, les appels passent moins)<\/p>\n<p>-Pour plus d&rsquo;info : \u00a0\u00a0\u00a0<a href=\"https:\/\/zadroybon.wordpress.com\/\" target=\"_blank\" rel=\"noreferrer\">https:\/\/zadroybon.wordpress.com\/<\/a> \u00a0\u00a0\u00a0(sans faute cette fois-ci&#8230;)<\/p>\n<p>A\u00a0bient\u00f4t\u00a0dans\u00a0les\u00a0bois\u00a0!<\/p>\n<h2><img loading=\"lazy\" decoding=\"async\" class=\" wp-image-2259 aligncenter\" src=\"https:\/\/zadroybon.files.wordpress.com\/2016\/11\/3iem-hiver.jpg?w=452&amp;h=611\" alt=\"3iem-hiver\" width=\"452\" height=\"611\" \/><\/h2>\n<h2><strong>Vendredi 2 d\u00e9cembre<\/strong><\/h2>\n<p>Rendez-vous \u00e0 la Marquise \u00e0 partir de 18h pour un repas vegan suivi de projections\/d\u00e9bats \u00e0 20h sur des luttes d\u2019ici et d\u2019ailleurs.<\/p>\n<h2><strong>Samedi 3 d\u00e9cembre<\/strong><\/h2>\n<p>de 10h \u00e0 12h et de 14h30 \u00e0 18h30<\/p>\n<p>10h \u2013 12h: Discussions inter-luttes avec des camarades d\u2019ici et d\u2019ailleurs \/ Plantations d\u2019arbres fruitiers<\/p>\n<p>12h: Repas v\u00e9gan<\/p>\n<p>14h30 \u2013 18h30: Discussions inter-luttes avec des camarades d\u2019ici et d\u2019ailleurs \/ Atelier bois<\/p>\n<p>19h: Repas vegan<\/p>\n<p>20h00 : Interlude conte<\/p>\n<h3>Concert de Zoulouzbek Band<\/h3>\n<h2><strong>Dimanche 4 d\u00e9cembre<\/strong><\/h2>\n<p>11h: Ballade dans les sous-bois des Aveni\u00e8res<\/p>\n<h3>14h Contes avec Pistil (anciennement Pustule l\u2019Ard\u00e9chois)<\/h3>\n<p>Suite autog\u00e9r\u00e9e des discussions de la veille.<\/p>\n<p>Toute la journ\u00e9e: Chantier bois et terre-paille \u00e0 la barricade sud.<\/p>\n","protected":false},"excerpt":{"rendered":"<p>\u00a0Note:il est possible de\u00a0 s&rsquo;organiser des covoiturages \u00e0 partir de valence et des rendez vous\u00a0 pour ses trois journ\u00e9es. Le laboratoire sera pr\u00e9sent\u00a0 avec\u00a0 une table de presse re\u00e7u par mail: Bien\u00a0le\u00a0bonsoir: -Pour trouver l&rsquo;adresse de la marquise sur internet ou en papier(c&rsquo;est indiqu\u00e9 \u00ab\u00a0mf\u00a0\u00bb sur les atlas routier): \u00ab\u00a0maison foresti\u00e8re, route de la verne, [&hellip;]<\/p>\n","protected":false},"author":7964,"featured_media":0,"comment_status":"closed","ping_status":"closed","sticky":false,"template":"","format":"standard","meta":{"footnotes":""},"categories":[1],"tags":[],"class_list":["post-7201","post","type-post","status-publish","format-standard","hentry","category-general"],"_links":{"self":[{"href":"https:\/\/lelaboratoireanarchiste.noblogs.org\/index.php?rest_route=\/wp\/v2\/posts\/7201","targetHints":{"allow":["GET"]}}],"collection":[{"href":"https:\/\/lelaboratoireanarchiste.noblogs.org\/index.php?rest_route=\/wp\/v2\/posts"}],"about":[{"href":"https:\/\/lelaboratoireanarchiste.noblogs.org\/index.php?rest_route=\/wp\/v2\/types\/post"}],"author":[{"embeddable":true,"href":"https:\/\/lelaboratoireanarchiste.noblogs.org\/index.php?rest_route=\/wp\/v2\/users\/7964"}],"replies":[{"embeddable":true,"href":"https:\/\/lelaboratoireanarchiste.noblogs.org\/index.php?rest_route=%2Fwp%2Fv2%2Fcomments&post=7201"}],"version-history":[{"count":3,"href":"https:\/\/lelaboratoireanarchiste.noblogs.org\/index.php?rest_route=\/wp\/v2\/posts\/7201\/revisions"}],"predecessor-version":[{"id":7204,"href":"https:\/\/lelaboratoireanarchiste.noblogs.org\/index.php?rest_route=\/wp\/v2\/posts\/7201\/revisions\/7204"}],"wp:attachment":[{"href":"https:\/\/lelaboratoireanarchiste.noblogs.org\/index.php?rest_route=%2Fwp%2Fv2%2Fmedia&parent=7201"}],"wp:term":[{"taxonomy":"category","embeddable":true,"href":"https:\/\/lelaboratoireanarchiste.noblogs.org\/index.php?rest_route=%2Fwp%2Fv2%2Fcategories&post=7201"},{"taxonomy":"post_tag","embeddable":true,"href":"https:\/\/lelaboratoireanarchiste.noblogs.org\/index.php?rest_route=%2Fwp%2Fv2%2Ftags&post=7201"}],"curies":[{"name":"wp","href":"https:\/\/api.w.org\/{rel}","templated":true}]}}