{"id":7194,"date":"2016-12-02T00:58:57","date_gmt":"2016-12-01T23:58:57","guid":{"rendered":"https:\/\/lelaboratoireanarchiste.noblogs.org\/?p=7194"},"modified":"2016-12-06T13:13:20","modified_gmt":"2016-12-06T12:13:20","slug":"valence-drome-mise-a-jour-du-1122016-apres-le-mouvement-collectif-au-centre-penitentiaire-au-qmc","status":"publish","type":"post","link":"https:\/\/lelaboratoireanarchiste.noblogs.org\/?p=7194","title":{"rendered":"Valence [[Dr\u00f4me]  mise \u00e0 jour du 1\/12\/2016  Apr\u00e8s le mouvement collectif au centre p\u00e9nitentiaire , au QMC"},"content":{"rendered":"<p class=\"justify\">Le QMC accueille 50 personnes d\u00e9tenues et avait d\u00e9j\u00e0 connu un mouvement similaire le 25 septembre dernier.<\/p>\n<p class=\"justify\"><strong> r\u00e9sum\u00e9 des faits<\/strong><\/p>\n<p class=\"justify\">\u00ab\u00a0Ce 27 novembre 2016, \u00e0 11h55, des personnes d\u00e9tenues du troisi\u00e8me \u00e9tage ont menac\u00e9 un personnel de surveillance avant de monter dans leur cellule avec une arme blanche en s\u2019emparant de ses clefs et de s\u2019enfermer \u00e0 l\u2019\u00e9tage\u00a0\u00bb Mais d&rsquo;\u2019apr\u00e8s la pr\u00e9fecture de la Dr\u00f4me, apr\u00e8s le vol des cl\u00e9s, les surveillants de la prison se sont mis en s\u00e9curit\u00e9 en fermant les acc\u00e8s de la maison centrale, o\u00f9 a eu lieu l\u2019agression. Les d\u00e9tenus ont alors ouvert des cellules sur les trois \u00e9tages de ce quartier destin\u00e9 aux longues peines. Un incendie s\u2019est ensuite d\u00e9clar\u00e9 et des Eris ont \u00e9t\u00e9 appel\u00e9es en renfort. Plusieurs cellules ont \u00e9t\u00e9 incendi\u00e9es et un d\u00e9g\u00e2t des eaux a \u00e9t\u00e9 constat\u00e9, mais aucun bless\u00e9 parmi les surveillants n\u2019\u00e9tait signal\u00e9 dimanche en milieu d\u2019apr\u00e8s-midi, a indiqu\u00e9 la pr\u00e9fecture. \u00ab\u00a0Des d\u00e9g\u00e2ts mat\u00e9riels ont \u00e9t\u00e9 caus\u00e9s au cours du mouvement collectif\u00a0 \u00bb, a confirm\u00e9 le minist\u00e8re Mais d&rsquo;apr\u00e8s ce qu&rsquo;on sait l&rsquo;intervention des Eris a \u00e9t\u00e9 tr\u00e8s dure , des blessures\u00a0 pour les prisonniers,<\/p>\n<p class=\"justify\">d&rsquo;apr\u00e8s la presse\/\/<\/p>\n<p class=\"justify\"><strong>\u00a0Des d\u00e9g\u00e2ts consid\u00e9rables:<\/strong><\/p>\n<p class=\"justify\">\u00a0Le syst\u00e8me de cam\u00e9ras de surveillance enti\u00e8rement d\u00e9truit sur les trois \u00e9tages ,des matelas\u00a0 et des cellules incendi\u00e9s du mobilier\u00a0 des filets de\u00a0\u00bb s\u00e9curit\u00e9\u00a0\u00bb ( anti \u00e9vasion) les bureaux des surveillants, la blanchisserie, les pr\u00e9toires\u00a0 Les prisonniers\u00a0 ont d\u00e9clench\u00e9 les moyens de lutte contre les incendies qui ont entra\u00een\u00e9 l&rsquo;inondation des lieux..<\/p>\n<p class=\"justify\">\u00ab\u00a0un travail\u00a0 de concertation\u00a0 se fait entre la police nationale\u00a0 et les services\u00a0 de la ville autour de la video\u00a0 surveillance\u00a0\u00bb<\/p>\n<p class=\"justify\"><img decoding=\"async\" class=\"viewer-item-image\" src=\"http:\/\/md1.libe.com\/photo\/969189-la-police-monte-la-garde-a-proximite-de-la-prson-de-valence-le-27-octobre-2016.jpg?modified_at=1480271411&amp;width=960\" \/><\/p>\n<p class=\"justify\">\u00a0le centre p\u00e9nitentiaire\u00a0\u00a0 de valence ont eu des d\u00e9g\u00e2ts\u00a0 plus important\u00a0 que eux constat\u00e9s lors de la deuxi\u00e8me mutinerie <a href=\"https:\/\/attaque.noblogs.org\/post\/2016\/10\/18\/valence-drome-letat-se-venge-contre-trois-mutins-presumes-du-25-septembre-dernier-et-sort-les-grands-moyens\/\" target=\"_blank\">Les 3 d\u00e9tenus \u00e0 l\u2019origine de cette premi\u00e8re mutinerie<\/a> doivent \u00eatre jug\u00e9s en janvier prochain.<\/p>\n<p class=\"justify\"><strong>des revendications\u00a0 des prisonniers existent<\/strong> , car cette destruction syst\u00e9matique l\u00e0 a un objectif: <strong>\u00eatre entendus \u00e0 l&rsquo;ext\u00e9rieur des murs. de cette taule;\u00a0<\/strong><\/p>\n<p class=\"justify\" style=\"text-align: center\"><strong>vive l&rsquo;\u00e9meute<\/strong><\/p>\n<p class=\"justify\" style=\"text-align: center\"><strong>On a toujours raison de se r\u00e9volter,<\/strong><\/p>\n<hr \/>\n<p class=\"justify\">Val\u00e9ry Giscard d&rsquo;Estaing proclamait \u00e0 l&rsquo;issue de\u00a0 <a href=\"http:\/\/fresques.ina.fr\/rhone-alpes\/fiche-media\/Rhonal00158\/les-mutineries-dans-les-prisons-de-lyon.html\">visite de la prison saint Paul<\/a> de Lyon\u00a0\u00bbque la prison, c&rsquo;est la privation de la libert\u00e9 d&rsquo;aller et venir, et rien d&rsquo;autre\u00a0\u00bb.<\/p>\n<p class=\"justify\">\u00a0Un pr\u00e9sident de droite puisse\u00a0 le dire en 1974 \u00a0\u00a0 que\u00a0 des \u00e9lus de droite et des syndicalistes du centre p\u00e9nitentiaire de Valence puissent demander plus de r\u00e9pression contre les prisonniers , \u00e7a marque notre \u00e9poque<\/p>\n<p class=\"justify\">Que des \u00e9lus de droite emmerdent le ministre d&rsquo;un gouvernement oppos\u00e9.; c&rsquo;est normal<\/p>\n<p class=\"justify\">le Dauphin\u00e9 lib\u00e9r\u00e9\u00a0 le 01\/12\/2016 \u00e0 17:21<\/p>\n<p class=\"justify\"><strong>Le ministre de la justice pointe du doigt la direction\u00a0 de la prison<\/strong><\/p>\n<div class=\"contenu\">\n<div class=\"column\">\n<p>Interrog\u00e9 ce jeudi lors de la s\u00e9ance des questions au Gouvernement par le s\u00e9nateur dr\u00f4mois Gilbert Bouchet (Les R\u00e9publicains) sur le centre p\u00e9nitentiaire de Valence (quatre jours apr\u00e8s la mutinerie, ndlr) &#8230;Apr\u00e8s <strong>le 17 septembre et le 25 septembre<\/strong>, c\u2019est la troisi\u00e8me fois que j\u2019ai des difficult\u00e9s dans cet \u00e9tablissement. J\u2019ai demand\u00e9 une inspection des services p\u00e9nitentiaires \u00bb. Le Garde des Sceaux a par ailleurs pr\u00e9cis\u00e9 que dans la b\u00e2timent impact\u00e9 par la mutinerie, \u00ab les d\u00e9g\u00e2ts sont consid\u00e9rables \u00bb<\/p>\n<p>Le ministre\u00a0 ajoute les fauteurs de trouble ont \u00e9t\u00e9 <strong>identifi\u00e9s sanctionn\u00e9s\u00a0 et d\u00e9plac\u00e9s<\/strong><\/p>\n<p>&nbsp;<\/p>\n<p>.<\/p>\n<\/div>\n<\/div>\n<p class=\"justify\">..<\/p>\n","protected":false},"excerpt":{"rendered":"<p>Le QMC accueille 50 personnes d\u00e9tenues et avait d\u00e9j\u00e0 connu un mouvement similaire le 25 septembre dernier. r\u00e9sum\u00e9 des faits \u00ab\u00a0Ce 27 novembre 2016, \u00e0 11h55, des personnes d\u00e9tenues du troisi\u00e8me \u00e9tage ont menac\u00e9 un personnel de surveillance avant de monter dans leur cellule avec une arme blanche en s\u2019emparant de ses clefs et de [&hellip;]<\/p>\n","protected":false},"author":7964,"featured_media":0,"comment_status":"closed","ping_status":"closed","sticky":false,"template":"","format":"standard","meta":{"footnotes":""},"categories":[1],"tags":[],"class_list":["post-7194","post","type-post","status-publish","format-standard","hentry","category-general"],"_links":{"self":[{"href":"https:\/\/lelaboratoireanarchiste.noblogs.org\/index.php?rest_route=\/wp\/v2\/posts\/7194","targetHints":{"allow":["GET"]}}],"collection":[{"href":"https:\/\/lelaboratoireanarchiste.noblogs.org\/index.php?rest_route=\/wp\/v2\/posts"}],"about":[{"href":"https:\/\/lelaboratoireanarchiste.noblogs.org\/index.php?rest_route=\/wp\/v2\/types\/post"}],"author":[{"embeddable":true,"href":"https:\/\/lelaboratoireanarchiste.noblogs.org\/index.php?rest_route=\/wp\/v2\/users\/7964"}],"replies":[{"embeddable":true,"href":"https:\/\/lelaboratoireanarchiste.noblogs.org\/index.php?rest_route=%2Fwp%2Fv2%2Fcomments&post=7194"}],"version-history":[{"count":6,"href":"https:\/\/lelaboratoireanarchiste.noblogs.org\/index.php?rest_route=\/wp\/v2\/posts\/7194\/revisions"}],"predecessor-version":[{"id":7200,"href":"https:\/\/lelaboratoireanarchiste.noblogs.org\/index.php?rest_route=\/wp\/v2\/posts\/7194\/revisions\/7200"}],"wp:attachment":[{"href":"https:\/\/lelaboratoireanarchiste.noblogs.org\/index.php?rest_route=%2Fwp%2Fv2%2Fmedia&parent=7194"}],"wp:term":[{"taxonomy":"category","embeddable":true,"href":"https:\/\/lelaboratoireanarchiste.noblogs.org\/index.php?rest_route=%2Fwp%2Fv2%2Fcategories&post=7194"},{"taxonomy":"post_tag","embeddable":true,"href":"https:\/\/lelaboratoireanarchiste.noblogs.org\/index.php?rest_route=%2Fwp%2Fv2%2Ftags&post=7194"}],"curies":[{"name":"wp","href":"https:\/\/api.w.org\/{rel}","templated":true}]}}