{"id":7179,"date":"2016-11-30T22:46:56","date_gmt":"2016-11-30T21:46:56","guid":{"rendered":"https:\/\/lelaboratoireanarchiste.noblogs.org\/?p=7179"},"modified":"2016-11-30T23:23:51","modified_gmt":"2016-11-30T22:23:51","slug":"aachen-allemagne-mise-a-jour-sur-le-proces-de-lanarchiste-damsterdam-accusee-de-braquage-dans-une-banqueeage-dune-banque-22112016","status":"publish","type":"post","link":"https:\/\/lelaboratoireanarchiste.noblogs.org\/?p=7179","title":{"rendered":"Aachen [Allemagne]: Mise \u00e0 jour sur le  proc\u00e8s de l&rsquo;anarchiste d\u2019Amsterdam  accus\u00e9e de braquage dans une banque  (22\/11\/2016)"},"content":{"rendered":"<p><img decoding=\"async\" id=\"text-cover-img\" src=\"https:\/\/anarhija.info\/library\/a-g-aquisgrana-germania-aggiornamento-sul-processo-1.png\" alt=\"a-g-aquisgrana-germania-aggiornamento-sul-processo-1.png\" \/><\/p>\n<p><i>Le proc\u00e8s contre la compagnonne d\u2019Amsterdam se d\u00e9roule aupr\u00e8s du Landesgericht (tribunal r\u00e9gional) d\u2019Aachen, en suivant le calendrier pr\u00e9-annonc\u00e9<br \/>\n<\/i><\/p>\n<p>Jusqu\u2019\u00e0 aujourd\u2019hui, la cour a entendu les t\u00e9moignages des deux employ\u00e9s pr\u00e9sents dans la banque ce matin de juillet 2013. Tous deux ont d\u00e9crit le braquage qui s\u2019est d\u00e9roul\u00e9 avant l\u2019ouverture, lorsque trois personnes sont entr\u00e9es dans l\u2019agence (par ailleurs d\u00e9sormais ferm\u00e9e) en profitant de l\u2019arriv\u00e9e du premier employ\u00e9. Ils auraient attendu environ 5 minutes jusqu\u2019\u00e0 l\u2019arriv\u00e9e du second employ\u00e9, puisque tous deux devaient \u00eatre pr\u00e9sents pour l\u2019ouverture du coffre-fort. Les trois intrus se sont empar\u00e9s de 42 000 euros.<br class=\"autobr\" \/> Les deux employ\u00e9s ont ensuite d\u00e9crit comment ils ont \u00e9t\u00e9 plac\u00e9s dans les bureaux de la banque et attach\u00e9s avec des serre-flex les mains dans le dos. Aucun d\u2019eux n\u2019est certain d\u2019avoir vu une arme \u00eatre sortie ou point\u00e9e sur eux, bien qu\u2019ils aient \u00e9t\u00e9 somm\u00e9s de collaborer sous peine d\u2019\u00eatre tu\u00e9s. Apr\u00e8s avoir \u00e9t\u00e9 attach\u00e9s, ils n\u2019ont plus revu ces trois clients insolites. Il n\u2019y aucun t\u00e9moin qui a vu ces trois personnes partir. Les deux employ\u00e9s ont \u00e9t\u00e9 lib\u00e9r\u00e9s par une troisi\u00e8me, arriv\u00e9e quelques minutes plus tard apr\u00e8s le d\u00e9part des clients matinaux. Elle a d\u2019abord fait sonner l\u2019alarme, avant de d\u00e9tacher ses coll\u00e8gues.<\/p>\n<p>La banque est rest\u00e9e ferm\u00e9e pendant une semaine apr\u00e8s le braquage, afin de permettre \u00e0 la police scientifique de fouiller les lieux. La semaine suivante, la banque est revenue \u00e0 son business. Ce vendredi-l\u00e0, 11 jours apr\u00e8s le braquage, un autre employ\u00e9, alors qu\u2019il cherchait des re\u00e7us dans une armoire, s\u2019est retrouv\u00e9 avec un pistolet d\u2019alarme dans les mains, et a observ\u00e9 qu\u2019il y en avait un second. Le travailleur diligent appela imm\u00e9diatement la police, qui relia l\u2019arme au braquage. Sur un des deux pistolets d\u2019alarme aurait \u00e9t\u00e9 retrouv\u00e9 l\u2019ADN de la compagnonne d\u2019Amsterdam. Son ADN a combin\u00e9 plus d\u2019un an apr\u00e8s, chez la police de Manchester qui en avait pr\u00e9lev\u00e9 un \u00e9chantillon en 2009, apr\u00e8s l\u2019arrestation de la compagnonne pour un d\u00e9lit mineur.<\/p>\n<p>Aucun des t\u00e9moins n\u2019est parvenu \u00e0 donner la moindre indication sur la reconnaissance de la compagnonne, ni n\u2019a mentionn\u00e9 aucun d\u00e9tail qui reconduirait \u00e0 elle. Ils ont \u00e9galement d\u00e9clar\u00e9 \u00eatre incapables de reconna\u00eetre quiconque de cette rencontre.<\/p>\n<p>En plus de ces t\u00e9moignages, la cour a aussi entendu diff\u00e9rents flics, arriv\u00e9s sur place quelques minutes apr\u00e8s que l\u2019employ\u00e9e ait donn\u00e9 l\u2019alarme. De leur c\u00f4t\u00e9 non plus, il n\u2019y a eu aucune d\u00e9claration significative.<\/p>\n<p>Puis c\u2019est\u00a0 m\u00f4sseiur\u00a0 Kessel qui a pris la parole, le flic \u00e0 la t\u00eate de l\u2019enqu\u00eate, qui a parl\u00e9 de quelques \u00e9tapes de l\u2019enqu\u00eate, tout en se planquant derri\u00e8re plusieurs paragraphes de loi pour refuser de parler de d\u00e9tails qui pourraient r\u00e9v\u00e9ler les m\u00e9thodes de la police ou de l\u2019enqu\u00eate en cours contre d\u2019autres suspects. A la demande du procureur, il a continu\u00e9 en parlant de vagues et hasardeux liens avec d\u2019autres anarchistes.<\/p>\n<p>Ceci est le compte-rendu du proc\u00e8s jusqu\u2019\u00e0 la session du 22 novembre. D\u2019autres suivront. Le 1er d\u00e9cembre, toutes les \u00ab\u00a0preuves\u00a0\u00bb seront pr\u00e9sent\u00e9es au tribunal. Le 5 d\u00e9cembre se d\u00e9rouleront les d\u00e9clarations de l\u2019accusation et de la d\u00e9fense.<br class=\"autobr\" \/> Le jour du verdict devrait \u00eatre annonc\u00e9 le 5 d\u00e9cembre.<\/p>\n<p><strong>Solidarit\u00e9 avec la compagnonne en proc\u00e8s<\/strong><\/p>\n<p><strong><a href=\"https:\/\/anarhija.info\/latest\">\u00a0<\/a>trouv\u00e9 et traduit <a href=\"https:\/\/anarhija.info\/latest\">Anarhija.info<\/a><\/strong><\/p>\n","protected":false},"excerpt":{"rendered":"<p>Le proc\u00e8s contre la compagnonne d\u2019Amsterdam se d\u00e9roule aupr\u00e8s du Landesgericht (tribunal r\u00e9gional) d\u2019Aachen, en suivant le calendrier pr\u00e9-annonc\u00e9 Jusqu\u2019\u00e0 aujourd\u2019hui, la cour a entendu les t\u00e9moignages des deux employ\u00e9s pr\u00e9sents dans la banque ce matin de juillet 2013. Tous deux ont d\u00e9crit le braquage qui s\u2019est d\u00e9roul\u00e9 avant l\u2019ouverture, lorsque trois personnes sont entr\u00e9es [&hellip;]<\/p>\n","protected":false},"author":7964,"featured_media":0,"comment_status":"closed","ping_status":"closed","sticky":false,"template":"","format":"standard","meta":{"footnotes":""},"categories":[1],"tags":[],"class_list":["post-7179","post","type-post","status-publish","format-standard","hentry","category-general"],"_links":{"self":[{"href":"https:\/\/lelaboratoireanarchiste.noblogs.org\/index.php?rest_route=\/wp\/v2\/posts\/7179","targetHints":{"allow":["GET"]}}],"collection":[{"href":"https:\/\/lelaboratoireanarchiste.noblogs.org\/index.php?rest_route=\/wp\/v2\/posts"}],"about":[{"href":"https:\/\/lelaboratoireanarchiste.noblogs.org\/index.php?rest_route=\/wp\/v2\/types\/post"}],"author":[{"embeddable":true,"href":"https:\/\/lelaboratoireanarchiste.noblogs.org\/index.php?rest_route=\/wp\/v2\/users\/7964"}],"replies":[{"embeddable":true,"href":"https:\/\/lelaboratoireanarchiste.noblogs.org\/index.php?rest_route=%2Fwp%2Fv2%2Fcomments&post=7179"}],"version-history":[{"count":6,"href":"https:\/\/lelaboratoireanarchiste.noblogs.org\/index.php?rest_route=\/wp\/v2\/posts\/7179\/revisions"}],"predecessor-version":[{"id":7185,"href":"https:\/\/lelaboratoireanarchiste.noblogs.org\/index.php?rest_route=\/wp\/v2\/posts\/7179\/revisions\/7185"}],"wp:attachment":[{"href":"https:\/\/lelaboratoireanarchiste.noblogs.org\/index.php?rest_route=%2Fwp%2Fv2%2Fmedia&parent=7179"}],"wp:term":[{"taxonomy":"category","embeddable":true,"href":"https:\/\/lelaboratoireanarchiste.noblogs.org\/index.php?rest_route=%2Fwp%2Fv2%2Fcategories&post=7179"},{"taxonomy":"post_tag","embeddable":true,"href":"https:\/\/lelaboratoireanarchiste.noblogs.org\/index.php?rest_route=%2Fwp%2Fv2%2Ftags&post=7179"}],"curies":[{"name":"wp","href":"https:\/\/api.w.org\/{rel}","templated":true}]}}