{"id":7165,"date":"2016-11-29T19:08:20","date_gmt":"2016-11-29T18:08:20","guid":{"rendered":"https:\/\/lelaboratoireanarchiste.noblogs.org\/?p=7165"},"modified":"2016-11-29T19:08:35","modified_gmt":"2016-11-29T18:08:35","slug":"bure-meuse-loccupation-de-la-foret-continue","status":"publish","type":"post","link":"https:\/\/lelaboratoireanarchiste.noblogs.org\/?p=7165","title":{"rendered":"Bure [Meuse]  l&rsquo;occupation de la For\u00eat continue &#8230;"},"content":{"rendered":"<div class=\"post-entry-content-wrapper\">\n<div class=\"post-entry-content\">\n<p align=\"justify\">lu sur <a href=\"http:\/\/vmc.camp\">VMC<\/a><\/p>\n<p align=\"justify\">Vous savez bien comment vont ces occupations la plupart du temps : les m\u00e9chant-es commencent \u00e0 d\u00e9truire l\u2019environnement, les gentil-les interviennent, et \u00e0 fin les m\u00e9chant-es re\u00e7oivent un papier les autorisant \u00e0 d\u00e9marrer les bulldozers encore une fois. C\u2019est pour \u00e7a qu\u2019on a besoin de vous. Que vous veniez. <u>Ici<\/u>. Pour r\u00e9sister.<\/p>\n<p align=\"justify\"><img decoding=\"async\" src=\"https:\/\/en-contrainfo.espiv.net\/files\/2016\/11\/20161125_160205-1-768x474.jpg\" alt=\"https:\/\/en-contrainfo.espiv.net\/files\/2016\/11\/20161125_160205-1-768x474.jpg\" \/><\/p>\n<p align=\"justify\">\u00abQuelques personnes ont r\u00e9occup\u00e9 la for\u00eat il y a deux mois. Pour les soutenir j\u2019ai d\u00e9cid\u00e9 de me joindre \u00e0 eux et j\u2019ai officiellement squatt\u00e9 l\u2019endroit. J\u2019ai chang\u00e9 mon domicile pour la for\u00eat, il y a une bo\u00eete aux lettres et tout le reste, et je suis r\u00e9sidant officiel du bois Lejuc. J\u2019esp\u00e8re faire en sorte de rendre la destruction du bois un peu plus difficile \u00e0 ces pourris de l\u2019Andra!\u00bb dit Sven Lindstrom, premier squatteur officiel de la for\u00eat. Pour d\u2019\u00e9videntes raisons, il a son mot \u00e0 dire dans cet appel.<\/p>\n<p align=\"justify\">\u00abPour rendre les choses encore plus difficile pour l\u2019Andra, j\u2019ai d\u00e9cid\u00e9 de faire ma f\u00eate d\u2019anniversaire ici, \u00e0 l\u2019occupation de la for\u00eat. Mon anniversaire est le 13 d\u00e9cembre, et bien s\u00fbr la soir\u00e9e est \u00e0 th\u00e8me. Et comme il semblerait qu\u2019on doive s\u2019attendre \u00e0 des trouble-f\u00eates en bleu, je pense commencer \u00e0 le f\u00eater au plus t\u00f4t. Venez donc, \u00abbring your own beer\u00bb et tous vos ami-es!\u00bb<\/p>\n<p align=\"justify\">Le 1 ao\u00fbt, le monstre nucl\u00e9aire qu\u2019est l\u2019Andra a re\u00e7u l\u2019ordre du tribunal d\u2019arr\u00eater le d\u00e9frichement et la construction du mur d\u2019enceinte commenc\u00e9s sans autorisation. Aujourd\u2019hui 24 novembre, l\u2019autorit\u00e9 l\u2019environnementale a d\u00e9cid\u00e9 que l\u2019Andra \u00e9tait libre de continuer sans avoir \u00e0 faire d\u2019\u00e9tude d\u2019impact environnemental. Il lui faut simplement obtenir une autorisation de d\u00e9frichement qui pourrait lui \u00eatre accord\u00e9e tr\u00e8s rapidement. Ils pourraient ainsi continuer des travaux pr\u00e9paratoires de CIGEO. Donc la prochaine fois qu\u2019ils viennent avec leurs flics et leurs bulldozers : ils viennent pour d\u00e9truire.<\/p>\n<p align=\"justify\">Une nouvelle audience concernant la for\u00eat se tiendra le 15 d\u00e9cembre. S\u2019ils jouent dans les r\u00e8gles, ils attendront cette date, peut\u2013\u00eatre m\u00eame que le r\u00e9pit tiendra jusqu\u2019en janvier. Mais s\u2019ils en d\u00e9cident autrement, l\u2019expulsion peut avoir lieu n\u2019importe quand. Donc ceci est un appel urgent \u00e0 nous rejoindre pour s\u2019y pr\u00e9parer et faire face.<\/p>\n<p align=\"justify\"><img loading=\"lazy\" decoding=\"async\" class=\"shrinkToFit\" src=\"http:\/\/vmc.camp\/wp-content\/uploads\/2016\/11\/essai.jpg\" alt=\"http:\/\/vmc.camp\/wp-content\/uploads\/2016\/11\/essai.jpg\" width=\"1215\" height=\"729\" \/><\/p>\n<p>Pour soutenir Sven, des gens ont mis \u00e0 disposition de quoi se loger, de la nourriture et des mat\u00e9riaux de construction pour celles et ceux qui voudraient passer ou se balader dans la for\u00eat. Si vous ne pouvez pas venir, organisez vos actions d\u00e9centralis\u00e9es. Vous pouvez aussi envoyer une carte postale \u00e0 Sven \u00e0 l\u2018adresse suivante : <strong>Sven Lindstrom, Le Haut Chemin 55290 Mandres-En-Barrois, France<\/strong>.<\/p>\n<\/div>\n<\/div>\n","protected":false},"excerpt":{"rendered":"<p>lu sur VMC Vous savez bien comment vont ces occupations la plupart du temps : les m\u00e9chant-es commencent \u00e0 d\u00e9truire l\u2019environnement, les gentil-les interviennent, et \u00e0 fin les m\u00e9chant-es re\u00e7oivent un papier les autorisant \u00e0 d\u00e9marrer les bulldozers encore une fois. C\u2019est pour \u00e7a qu\u2019on a besoin de vous. Que vous veniez. Ici. Pour r\u00e9sister. [&hellip;]<\/p>\n","protected":false},"author":7964,"featured_media":0,"comment_status":"closed","ping_status":"closed","sticky":false,"template":"","format":"standard","meta":{"footnotes":""},"categories":[1],"tags":[],"class_list":["post-7165","post","type-post","status-publish","format-standard","hentry","category-general"],"_links":{"self":[{"href":"https:\/\/lelaboratoireanarchiste.noblogs.org\/index.php?rest_route=\/wp\/v2\/posts\/7165","targetHints":{"allow":["GET"]}}],"collection":[{"href":"https:\/\/lelaboratoireanarchiste.noblogs.org\/index.php?rest_route=\/wp\/v2\/posts"}],"about":[{"href":"https:\/\/lelaboratoireanarchiste.noblogs.org\/index.php?rest_route=\/wp\/v2\/types\/post"}],"author":[{"embeddable":true,"href":"https:\/\/lelaboratoireanarchiste.noblogs.org\/index.php?rest_route=\/wp\/v2\/users\/7964"}],"replies":[{"embeddable":true,"href":"https:\/\/lelaboratoireanarchiste.noblogs.org\/index.php?rest_route=%2Fwp%2Fv2%2Fcomments&post=7165"}],"version-history":[{"count":1,"href":"https:\/\/lelaboratoireanarchiste.noblogs.org\/index.php?rest_route=\/wp\/v2\/posts\/7165\/revisions"}],"predecessor-version":[{"id":7166,"href":"https:\/\/lelaboratoireanarchiste.noblogs.org\/index.php?rest_route=\/wp\/v2\/posts\/7165\/revisions\/7166"}],"wp:attachment":[{"href":"https:\/\/lelaboratoireanarchiste.noblogs.org\/index.php?rest_route=%2Fwp%2Fv2%2Fmedia&parent=7165"}],"wp:term":[{"taxonomy":"category","embeddable":true,"href":"https:\/\/lelaboratoireanarchiste.noblogs.org\/index.php?rest_route=%2Fwp%2Fv2%2Fcategories&post=7165"},{"taxonomy":"post_tag","embeddable":true,"href":"https:\/\/lelaboratoireanarchiste.noblogs.org\/index.php?rest_route=%2Fwp%2Fv2%2Ftags&post=7165"}],"curies":[{"name":"wp","href":"https:\/\/api.w.org\/{rel}","templated":true}]}}