{"id":7157,"date":"2016-11-29T11:10:18","date_gmt":"2016-11-29T10:10:18","guid":{"rendered":"https:\/\/lelaboratoireanarchiste.noblogs.org\/?p=7157"},"modified":"2016-11-29T18:38:26","modified_gmt":"2016-11-29T17:38:26","slug":"valence-drome-centre-penitentiaire-apres-le-mouvement-collectif-des-degats-considerable","status":"publish","type":"post","link":"https:\/\/lelaboratoireanarchiste.noblogs.org\/?p=7157","title":{"rendered":"Valence [Dr\u00f4me]  Centre p\u00e9nitentiaire Apr\u00e8s le mouvement collectif des prisonniers: \u00ab\u00a0des d\u00e9g\u00e2ts consid\u00e9rables\u00a0\u00bb"},"content":{"rendered":"<p>&nbsp;<\/p>\n<p>note: Peu d&rsquo;information concernant les revendications des prisonniers sont connues \u00e0\u00a0 l&rsquo;ext\u00e9rieur du centre p\u00e9nitentiaire.\u00a0 Solidarit\u00e9 aux\u00a0 prisonniers\u00a0 en lutte, pour que les revendications des prisonniers balayent\u00a0 les d\u00e9clarations des partis\u00a0\u00a0 politique( LR , Debout la France ) qui pr\u00e9parent les \u00e9lections pr\u00e9sidentielle\u00a0 contre\u00a0 les prisonniers en lutte<\/p>\n<p><del>france bleu Drome Ard\u00e8che<\/del><span class=\"date\"> 29 novembre 2016 \u00e0 6:14<\/span><\/p>\n<h1>Combien va co\u00fbter la mutinerie \u00e0 la prison de Valence ?<\/h1>\n<p class=\"chapo\">Apr\u00e8s les trois heures de mutinerie dimanche apr\u00e8s-midi au quartier maison centrale les d\u00e9g\u00e2ts sont impressionnants. Une premi\u00e8re estimation chiffre les r\u00e9parations \u00e0 plusieurs centaines de milliers d&rsquo;euros. Estimation non officielle et jug\u00e9e \u00ab\u00a0pas s\u00e9rieuse\u00a0\u00bb par la chancellerie.<\/p>\n<p>Dimanche les d\u00e9tenus ont mis <strong>le feu \u00e0 trois cellules<\/strong> du troisi\u00e8me \u00e9tage dans le quartier maison centrale. L&rsquo;estimation des d\u00e9g\u00e2ts par l\u2019administration p\u00e9nitentiaire est en cours, mais d\u2019apr\u00e8s un <strong>premier chiffrage non officiel<\/strong>, le montant des d\u00e9g\u00e2ts pourrait s\u2019\u00e9lever \u00e0 <strong>pr\u00e8s de sept cents mille euros<\/strong>. Les 3 \u00e9tages seraient endommag\u00e9s. Il a fallu beaucoup d&rsquo;eau pour tout \u00e9teindre les diff\u00e9rents incendies. Le syst\u00e8me \u00e9lectrique serait hors d\u2019usage. Il y a aussi les meubles carbonis\u00e9s, le monte-charge et l&rsquo;ascenseur cass\u00e9s, les cam\u00e9ras de surveillance d\u00e9truites, le bureau des surveillants d\u00e9vast\u00e9. Pour tout remettre en \u00e9tat <strong>il pourrait y avoir 6 mois travaux<\/strong>. Mais l\u00e0 encore c\u2019est un chiffre non officiel.(&#8230;..)<\/p>\n<p>En attendant la remise en \u00e9tat de ce b\u00e2timent, <strong>les d\u00e9tenus<\/strong> ont \u00e9t\u00e9 install\u00e9s d\u00e8s dimanche soir <strong>dans le b\u00e2timent maison centrale d&rsquo;\u00e0 c\u00f4t\u00e9 qui devait \u00eatre mis en service d\u00e9but 2017*<\/strong>. Il est tout neuf, jamais utilis\u00e9 pour l&rsquo;instant. <strong>Les deux meneurs<\/strong> de la mutinerie eux sont partis, <strong>transf\u00e9r\u00e9s dans les prisons de Bourg-en-Bresse et Moulins-Yseure<\/strong>. On en sait un peu plus sur leur profils, l&rsquo;un a 32 ans il \u00e9tait <strong>lib\u00e9rable en 2033<\/strong>, l&rsquo;autre 27 ans aurait pu sortir en 2019. Ils seront entendus plus tard sur les raisons de leur r\u00e9bellion, mais il pourrait s&rsquo;agir d&rsquo;une banale question de changement de prison pour se rapprocher de leurs familles.<\/p>\n<p>information du <del>dauphin\u00e9 lib\u00e9r\u00e9\u00a0<\/del> du 29\/11\/2016<\/p>\n<p>une\u00a0 d\u00e9claration\u00a0 du d\u00e9l\u00e9gu\u00e9 du syndicats\u00a0 p\u00e9nitentiaire<\/p>\n<h2>Sylvain Roy\u00e8re (Ufap-Unsa justice) : \u00ab Je n\u2019ai jamais vu \u00e7a dans\u00a0 toute ma carri\u00e8re&#8230;<\/h2>\n<p>\u00a0\u00bb <strong>Les trois niveaux\u00a0 ont \u00e9t\u00e9 d\u00e9truits<\/strong> par le feu et l&rsquo;eau, la moiti\u00e9s des cellules, les bureaux des surveillant, les salles d&rsquo;audience, la blanchisserie\u00a0\u00bb<\/p>\n<p>&nbsp;<\/p>\n<h2>N. Daragon : \u00ab Une situation inacceptable apr\u00e8s 12 mois<\/h2>\n<p>Le maire de valence qui demande plus de vid\u00e9o surveillance autour du centre p\u00e9nitentiaire pour emp\u00eacher des\u00a0 nouveaux feux d&rsquo;artifice \u00a0 tir\u00e9s de l&rsquo;ext\u00e9rieur\u00a0 pour les d\u00e9tenus.. et\u00a0 emp\u00eacher les parloirs sauvage..<\/p>\n<p>&nbsp;<\/p>\n<p>&nbsp;<\/p>\n","protected":false},"excerpt":{"rendered":"<p>&nbsp; note: Peu d&rsquo;information concernant les revendications des prisonniers sont connues \u00e0\u00a0 l&rsquo;ext\u00e9rieur du centre p\u00e9nitentiaire.\u00a0 Solidarit\u00e9 aux\u00a0 prisonniers\u00a0 en lutte, pour que les revendications des prisonniers balayent\u00a0 les d\u00e9clarations des partis\u00a0\u00a0 politique( LR , Debout la France ) qui pr\u00e9parent les \u00e9lections pr\u00e9sidentielle\u00a0 contre\u00a0 les prisonniers en lutte france bleu Drome Ard\u00e8che 29 novembre [&hellip;]<\/p>\n","protected":false},"author":7964,"featured_media":0,"comment_status":"closed","ping_status":"closed","sticky":false,"template":"","format":"standard","meta":{"footnotes":""},"categories":[1],"tags":[],"class_list":["post-7157","post","type-post","status-publish","format-standard","hentry","category-general"],"_links":{"self":[{"href":"https:\/\/lelaboratoireanarchiste.noblogs.org\/index.php?rest_route=\/wp\/v2\/posts\/7157","targetHints":{"allow":["GET"]}}],"collection":[{"href":"https:\/\/lelaboratoireanarchiste.noblogs.org\/index.php?rest_route=\/wp\/v2\/posts"}],"about":[{"href":"https:\/\/lelaboratoireanarchiste.noblogs.org\/index.php?rest_route=\/wp\/v2\/types\/post"}],"author":[{"embeddable":true,"href":"https:\/\/lelaboratoireanarchiste.noblogs.org\/index.php?rest_route=\/wp\/v2\/users\/7964"}],"replies":[{"embeddable":true,"href":"https:\/\/lelaboratoireanarchiste.noblogs.org\/index.php?rest_route=%2Fwp%2Fv2%2Fcomments&post=7157"}],"version-history":[{"count":7,"href":"https:\/\/lelaboratoireanarchiste.noblogs.org\/index.php?rest_route=\/wp\/v2\/posts\/7157\/revisions"}],"predecessor-version":[{"id":7164,"href":"https:\/\/lelaboratoireanarchiste.noblogs.org\/index.php?rest_route=\/wp\/v2\/posts\/7157\/revisions\/7164"}],"wp:attachment":[{"href":"https:\/\/lelaboratoireanarchiste.noblogs.org\/index.php?rest_route=%2Fwp%2Fv2%2Fmedia&parent=7157"}],"wp:term":[{"taxonomy":"category","embeddable":true,"href":"https:\/\/lelaboratoireanarchiste.noblogs.org\/index.php?rest_route=%2Fwp%2Fv2%2Fcategories&post=7157"},{"taxonomy":"post_tag","embeddable":true,"href":"https:\/\/lelaboratoireanarchiste.noblogs.org\/index.php?rest_route=%2Fwp%2Fv2%2Ftags&post=7157"}],"curies":[{"name":"wp","href":"https:\/\/api.w.org\/{rel}","templated":true}]}}