{"id":7153,"date":"2016-11-28T23:51:22","date_gmt":"2016-11-28T22:51:22","guid":{"rendered":"https:\/\/lelaboratoireanarchiste.noblogs.org\/?p=7153"},"modified":"2016-11-28T23:56:09","modified_gmt":"2016-11-28T22:56:09","slug":"solidarite-a-la-plume-noire-un-communique-de-la-claf","status":"publish","type":"post","link":"https:\/\/lelaboratoireanarchiste.noblogs.org\/?p=7153","title":{"rendered":"Solidarit\u00e9 \u00e0 la plume noire un communiqu\u00e9 de la CLAF"},"content":{"rendered":"<p><strong>rappel des faits<\/strong>:Ce samedi 19 novembre 2016, aux alentours de 18h, la librairie libertaire \u00ab\u00a0La plume noire\u00a0\u00bb \u00e0 Lyon a subi une attaque en r\u00e8gle en marge d\u2019une manifestation d\u2019extr\u00eame-droite. Un commando d\u2019une quinzaine de nervis casqu\u00e9s ont bris\u00e9 la devanture et bless\u00e9, fort heureusement l\u00e9g\u00e8rement, quelques personnes qui ont eu le malheur de se trouver l\u00e0.<\/p>\n<p>Rebelyon.info<\/p>\n<h3 class=\"spip\"><strong>Appel \u00e0 rassemblement samedi 26 \/11\/2016 15h &#8211; Place Colbert &#8211; contre le fascisme\u00a0!<\/strong><\/h3>\n<h3 class=\"spip\"><strong>\u00a0 le\u00a0 samedi 26 novembre\u00a0 apr\u00e8s midi 150 \u00e0 200 per\u00adson\u00adnes se sont r\u00e9u\u00adnies place Colbert.<\/strong><\/h3>\n<hr \/>\n<p><strong>re\u00e7u par mail:<\/strong><\/p>\n<p><strong><span style=\"font-size: large\">Avec la CLAF : Solidarit\u00e9 contre les violences fascistes !<\/span><\/strong><\/p>\n<p>En pi\u00e8ce jointe le communiqu\u00e9 de la CLAF\u00a0 ( <strong>C<\/strong>ampagne <strong>L<\/strong>ibertaire <strong>A<\/strong>nti <strong>F<\/strong>asciste) suite \u00e0 l&rsquo;attaque de la plume noire.du 19 novembre<\/p>\n<p>lire le communiqu\u00e9\u00a0 <a href=\"https:\/\/lelaboratoireanarchiste.noblogs.org\/files\/2016\/11\/communiqu\u00e9-CLAF-Solidarit\u00e9-contre-les-violences-fascistes.pdf\">en PDF<\/a><\/p>\n","protected":false},"excerpt":{"rendered":"<p>rappel des faits:Ce samedi 19 novembre 2016, aux alentours de 18h, la librairie libertaire \u00ab\u00a0La plume noire\u00a0\u00bb \u00e0 Lyon a subi une attaque en r\u00e8gle en marge d\u2019une manifestation d\u2019extr\u00eame-droite. Un commando d\u2019une quinzaine de nervis casqu\u00e9s ont bris\u00e9 la devanture et bless\u00e9, fort heureusement l\u00e9g\u00e8rement, quelques personnes qui ont eu le malheur de se [&hellip;]<\/p>\n","protected":false},"author":7964,"featured_media":0,"comment_status":"closed","ping_status":"closed","sticky":false,"template":"","format":"standard","meta":{"footnotes":""},"categories":[1],"tags":[],"class_list":["post-7153","post","type-post","status-publish","format-standard","hentry","category-general"],"_links":{"self":[{"href":"https:\/\/lelaboratoireanarchiste.noblogs.org\/index.php?rest_route=\/wp\/v2\/posts\/7153","targetHints":{"allow":["GET"]}}],"collection":[{"href":"https:\/\/lelaboratoireanarchiste.noblogs.org\/index.php?rest_route=\/wp\/v2\/posts"}],"about":[{"href":"https:\/\/lelaboratoireanarchiste.noblogs.org\/index.php?rest_route=\/wp\/v2\/types\/post"}],"author":[{"embeddable":true,"href":"https:\/\/lelaboratoireanarchiste.noblogs.org\/index.php?rest_route=\/wp\/v2\/users\/7964"}],"replies":[{"embeddable":true,"href":"https:\/\/lelaboratoireanarchiste.noblogs.org\/index.php?rest_route=%2Fwp%2Fv2%2Fcomments&post=7153"}],"version-history":[{"count":2,"href":"https:\/\/lelaboratoireanarchiste.noblogs.org\/index.php?rest_route=\/wp\/v2\/posts\/7153\/revisions"}],"predecessor-version":[{"id":7156,"href":"https:\/\/lelaboratoireanarchiste.noblogs.org\/index.php?rest_route=\/wp\/v2\/posts\/7153\/revisions\/7156"}],"wp:attachment":[{"href":"https:\/\/lelaboratoireanarchiste.noblogs.org\/index.php?rest_route=%2Fwp%2Fv2%2Fmedia&parent=7153"}],"wp:term":[{"taxonomy":"category","embeddable":true,"href":"https:\/\/lelaboratoireanarchiste.noblogs.org\/index.php?rest_route=%2Fwp%2Fv2%2Fcategories&post=7153"},{"taxonomy":"post_tag","embeddable":true,"href":"https:\/\/lelaboratoireanarchiste.noblogs.org\/index.php?rest_route=%2Fwp%2Fv2%2Ftags&post=7153"}],"curies":[{"name":"wp","href":"https:\/\/api.w.org\/{rel}","templated":true}]}}