{"id":7141,"date":"2016-11-27T16:17:53","date_gmt":"2016-11-27T15:17:53","guid":{"rendered":"https:\/\/lelaboratoireanarchiste.noblogs.org\/?p=7141"},"modified":"2016-11-27T16:42:06","modified_gmt":"2016-11-27T15:42:06","slug":"valence-drome-le-centre-penitentiaire-en-feu-la-mutinerie-un-mouvement-collectif","status":"publish","type":"post","link":"https:\/\/lelaboratoireanarchiste.noblogs.org\/?p=7141","title":{"rendered":"Valence [Dr\u00f4me]  Le centre p\u00e9nitentiaire en feu, la mutinerie , un mouvement collectif!!"},"content":{"rendered":"<p class=\"infos\">France bleu Dr\u00f4me Ard\u00e8che <span class=\"date\">dimanche 27 novembre 2016 \u00e0 13:17<\/span><\/p>\n<p class=\"infos\">Valence <strong>: nouvelle<\/strong> mutinerie \u00e0 la prison ce dimanche<\/p>\n<header>\n<p class=\"infos\"><span class=\"locale\">\u00a0<\/span><\/p>\n<\/header>\n<figure class=\"ressource-principale\"><img decoding=\"async\" src=\"https:\/\/www.francebleu.fr\/cruiser-production\/2016\/11\/0468860c-f41e-4fa6-a559-b6164faa5ff6\/870x489_prison_de_valence_incendie.jpg.pagespeed.ce.FZcaLu8IF9.jpg\" alt=\"incendie en cours \u00e0 la prison de Valence\" \/><\/figure>\n<p>&nbsp;<\/p>\n<p class=\"chapo\">De nouveaux incidents ce dimanche midi \u00e0 la prison de Valence. Des d\u00e9tenus sont retranch\u00e9s dans le quartier maison centrale et ont mis le feu \u00e0 des matelas. Aucun surveillant n&rsquo;est retenu en otage.<\/p>\n<p>C&rsquo;est vers 11h45, au retour de promenade que <strong>deux d\u00e9tenus ont menac\u00e9 un surveillant avec une arme artisanale<\/strong>. Ils lui ont plac\u00e9 une sorte de lame sous la gorge pour qu&rsquo;il leur remette ses cl\u00e9s avant de le laisser s&rsquo;en aller. Les prisonniers sont ensuite remont\u00e9s dans les \u00e9tages du quartier maison centrale. Au troisi\u00e8me \u00e9tage, ils ont incendi\u00e9 des matelas dans trois cellules. Ils ont aussi ouvert l&rsquo;ensemble des portes du b\u00e2timent. A priori, <strong>une cinquantaine de d\u00e9tenus sont donc seuls \u00e0 l\u2019int\u00e9rieur<\/strong> sans gardien, mais tous ne sont pas sortis de leur cellule, certains ne veulent pas se m\u00ealer \u00e0 ces violences. Les mutins auraient \u00e9galement <strong>coup\u00e9 les filets m\u00e9talliques entre chaque \u00e9tage. <\/strong>Six v\u00e9hicules de pompiers sont arriv\u00e9s vers 13 heures sur place, mais ils ne peuvent pas intervenir pour l\u2019instant. Il n&rsquo;y a aucune visibilit\u00e9 sur ce que font les d\u00e9tenus dans l&rsquo;enceinte du b\u00e2timent puisqu&rsquo;ils<strong> ont cass\u00e9 toutes les cam\u00e9ras de vid\u00e9o-surveillance \u00e0 l&rsquo;int\u00e9rieur<\/strong>. On ignore pour l&rsquo;instant les motifs de cette nouvelle flamb\u00e9e de violence au quartier maison centrale. Depuis l\u2019ext\u00e9rieur on entend les cris des d\u00e9tenus.<\/p>\n<p><strong>A 14 heures,<\/strong> les <strong>ERIS<\/strong> \u00e9quipe r\u00e9gionales d&rsquo;intervention et de s\u00e9curit\u00e9 sont arriv\u00e9e de Lyon.<strong> Une trentaine d&rsquo;hommes en tout.<\/strong> Ces unit\u00e9s de l&rsquo;administration p\u00e9nitentiaire sont sp\u00e9cialement form\u00e9es pour intervenir en cas de tension dans une prison. Une cellule de crise est en place a l&rsquo;int\u00e9rieur du centre p\u00e9nitentiaire de Valence avec la direction, la pr\u00e9fecture ainsi que les services de police et de justice.<\/p>\n<p>le minist\u00e8re de la justice lui pr\u00e9f\u00e8re \u00e9voquer : <em>\u00ab\u00a0un mouvement collectif \u00e0 la prison de Valence\u00a0\u00bb<\/em>.<\/p>\n<p>Dauphin\u00e9 lib\u00e9r\u00e9 du 27 novembre 15h35<\/p>\n<p>Les<strong> bureaux des surveillants ont \u00e9t\u00e9 saccag\u00e9s.<\/strong> L&rsquo;incendie est ma\u00eetris\u00e9.<strong><br \/>\n<\/strong><\/p>\n<hr \/>\n<div class=\"article-date-credit-block grid grid-spacer-large filled-block\">\n<p class=\"col-full\">LCI 27 nov 13:41<\/p>\n<p class=\"col-full\">PRISON &#8211; Des d\u00e9tenus du centre p\u00e9nitentiaire de Valence dans la Dr\u00f4me ont menac\u00e9 un membre du personnel avec une arme blanche avant de s&#8217;emparer des clefs et de s&rsquo;enfermer \u00e0 l&rsquo;\u00e9tage. <strong>Trois cellules au moins ont \u00e9t\u00e9 incendi\u00e9es<\/strong>.<\/p>\n<\/div>\n<div class=\"article-block-paragraph paragraph-block grid grid-spacer-large\">\n<p>En milieu de journ\u00e9e dimanche 27 novembre, plusieurs d\u00e9tenus de la prison de Valence dans la Dr\u00f4me s&rsquo;en sont pris \u00e0 l&rsquo;un des surveillant. Ils lui ont d\u00e9rob\u00e9 des clefs en le mena\u00e7ant avec une arme blanche. Ils se sont ensuite retranch\u00e9s \u00e0 l&rsquo;\u00e9tage, comme l&rsquo;explique un communiqu\u00e9 du minist\u00e8re de la Justice.<\/p>\n<p>Il n&rsquo;y cependant pas eu de prise d&rsquo;otage. Tous les membres du personnel ont pu quitter le niveau concern\u00e9. \u00a0Les \u00e9quipes r\u00e9gionales d&rsquo;intervention et de s\u00e9curit\u00e9 (ERIS) ont \u00e9t\u00e9 d\u00e9p\u00each\u00e9es sur place ainsi que les forces de s\u00e9curit\u00e9 int\u00e9rieure pour s\u00e9curiser le b\u00e2timent. Les pompiers interviennent \u00e9galement pour \u00e9teindre l&rsquo;incendie de trois cellules au troisi\u00e8me \u00e9tage.<\/p>\n<p>En septembre, une autre mutinerie avait eu lieu dans le m\u00eame \u00e9tablissement. Des prisonniers avaient bless\u00e9 deux gardiens et s&rsquo;\u00e9taient \u00e9galement empar\u00e9 des clefs. L&rsquo;intervention de l&rsquo;Eris avait permis de mettre fin \u00e0 l&rsquo;incident.<\/p>\n<\/div>\n<div class=\"article-video-block grid grid-spacer-large filled-block initjs\"><\/div>\n<p>&nbsp;<\/p>\n","protected":false},"excerpt":{"rendered":"<p>France bleu Dr\u00f4me Ard\u00e8che dimanche 27 novembre 2016 \u00e0 13:17 Valence : nouvelle mutinerie \u00e0 la prison ce dimanche \u00a0 &nbsp; De nouveaux incidents ce dimanche midi \u00e0 la prison de Valence. Des d\u00e9tenus sont retranch\u00e9s dans le quartier maison centrale et ont mis le feu \u00e0 des matelas. Aucun surveillant n&rsquo;est retenu en otage. [&hellip;]<\/p>\n","protected":false},"author":7964,"featured_media":0,"comment_status":"closed","ping_status":"closed","sticky":false,"template":"","format":"standard","meta":{"footnotes":""},"categories":[1],"tags":[],"class_list":["post-7141","post","type-post","status-publish","format-standard","hentry","category-general"],"_links":{"self":[{"href":"https:\/\/lelaboratoireanarchiste.noblogs.org\/index.php?rest_route=\/wp\/v2\/posts\/7141","targetHints":{"allow":["GET"]}}],"collection":[{"href":"https:\/\/lelaboratoireanarchiste.noblogs.org\/index.php?rest_route=\/wp\/v2\/posts"}],"about":[{"href":"https:\/\/lelaboratoireanarchiste.noblogs.org\/index.php?rest_route=\/wp\/v2\/types\/post"}],"author":[{"embeddable":true,"href":"https:\/\/lelaboratoireanarchiste.noblogs.org\/index.php?rest_route=\/wp\/v2\/users\/7964"}],"replies":[{"embeddable":true,"href":"https:\/\/lelaboratoireanarchiste.noblogs.org\/index.php?rest_route=%2Fwp%2Fv2%2Fcomments&post=7141"}],"version-history":[{"count":4,"href":"https:\/\/lelaboratoireanarchiste.noblogs.org\/index.php?rest_route=\/wp\/v2\/posts\/7141\/revisions"}],"predecessor-version":[{"id":7145,"href":"https:\/\/lelaboratoireanarchiste.noblogs.org\/index.php?rest_route=\/wp\/v2\/posts\/7141\/revisions\/7145"}],"wp:attachment":[{"href":"https:\/\/lelaboratoireanarchiste.noblogs.org\/index.php?rest_route=%2Fwp%2Fv2%2Fmedia&parent=7141"}],"wp:term":[{"taxonomy":"category","embeddable":true,"href":"https:\/\/lelaboratoireanarchiste.noblogs.org\/index.php?rest_route=%2Fwp%2Fv2%2Fcategories&post=7141"},{"taxonomy":"post_tag","embeddable":true,"href":"https:\/\/lelaboratoireanarchiste.noblogs.org\/index.php?rest_route=%2Fwp%2Fv2%2Ftags&post=7141"}],"curies":[{"name":"wp","href":"https:\/\/api.w.org\/{rel}","templated":true}]}}