{"id":7120,"date":"2016-11-24T23:50:14","date_gmt":"2016-11-24T22:50:14","guid":{"rendered":"http:\/\/lelaboratoireanarchiste.noblogs.org\/?p=7120"},"modified":"2016-11-25T06:27:22","modified_gmt":"2016-11-25T05:27:22","slug":"valence-conference-autour-du-livre-le-dernier-tabouavec-pierre-daum","status":"publish","type":"post","link":"https:\/\/lelaboratoireanarchiste.noblogs.org\/?p=7120","title":{"rendered":"[Valence ] Conf\u00e9rence  autour du livre \u00ab\u00a0le dernier tabou\u00a0\u00bbavec Pierre Daum"},"content":{"rendered":"<div>re\u00e7u par mail:<\/div>\n<div><em><span style=\"font-family: Lucida Sans Unicode;font-size: xx-large\"><span style=\"font-size: x-large\">avec plaisir que nous vous invitons \u00e0 la conf\u00e9rence donn\u00e9e par<\/span> <span style=\"font-size: x-large\">:<\/span><\/span><\/em><\/div>\n<div align=\"center\">\n<div><em><span style=\"font-family: Lucida Sans Unicode\"><span style=\"font-size: xx-large\">Pierre DAUM, <span style=\"font-size: x-large\">auteur du livre<\/span> \u201cle Dernier tabou\u201d\u00a0 <\/span><\/span><\/em><\/div>\n<div><em><span style=\"font-family: Lucida Sans Unicode;font-size: x-large\">\u00e0 la<\/span><\/em><\/div>\n<\/div>\n<div align=\"center\"><\/div>\n<div align=\"center\">\n<div><em><span style=\"font-family: Lucida Sans Unicode;font-size: xx-large\">M\u00e9diath\u00e8que publique et universitaire de Valence l<\/span><span style=\"font-family: Lucida Sans Unicode\"><span style=\"font-size: xx-large\">e <\/span><\/span><\/em><\/div>\n<\/div>\n<div align=\"center\"><\/div>\n<div align=\"center\">\n<div><em><span style=\"font-family: Lucida Sans Unicode;font-size: 300%\">mardi 29 novembre \u00e0 18h00<\/span><\/em><\/div>\n<\/div>\n<div align=\"center\"><\/div>\n<p><em style=\"font-family: Lucida Sans Unicode;font-size: large\"><span style=\"font-family: Lucida Sans Unicode;font-size: large\">\u00a0<\/span><\/em><\/p>\n<div align=\"center\">\n<div><img decoding=\"async\" src=\"http:\/\/lederniertabou.com\/images\/derniertabou-accueil.jpg\" alt=\"derniertabou accueil\" \/><\/div>\n<\/div>\n","protected":false},"excerpt":{"rendered":"<p>re\u00e7u par mail: avec plaisir que nous vous invitons \u00e0 la conf\u00e9rence donn\u00e9e par : Pierre DAUM, auteur du livre \u201cle Dernier tabou\u201d\u00a0 \u00e0 la M\u00e9diath\u00e8que publique et universitaire de Valence le mardi 29 novembre \u00e0 18h00 \u00a0<\/p>\n","protected":false},"author":7964,"featured_media":0,"comment_status":"closed","ping_status":"closed","sticky":false,"template":"","format":"standard","meta":{"footnotes":""},"categories":[1],"tags":[],"class_list":["post-7120","post","type-post","status-publish","format-standard","hentry","category-general"],"_links":{"self":[{"href":"https:\/\/lelaboratoireanarchiste.noblogs.org\/index.php?rest_route=\/wp\/v2\/posts\/7120","targetHints":{"allow":["GET"]}}],"collection":[{"href":"https:\/\/lelaboratoireanarchiste.noblogs.org\/index.php?rest_route=\/wp\/v2\/posts"}],"about":[{"href":"https:\/\/lelaboratoireanarchiste.noblogs.org\/index.php?rest_route=\/wp\/v2\/types\/post"}],"author":[{"embeddable":true,"href":"https:\/\/lelaboratoireanarchiste.noblogs.org\/index.php?rest_route=\/wp\/v2\/users\/7964"}],"replies":[{"embeddable":true,"href":"https:\/\/lelaboratoireanarchiste.noblogs.org\/index.php?rest_route=%2Fwp%2Fv2%2Fcomments&post=7120"}],"version-history":[{"count":5,"href":"https:\/\/lelaboratoireanarchiste.noblogs.org\/index.php?rest_route=\/wp\/v2\/posts\/7120\/revisions"}],"predecessor-version":[{"id":7128,"href":"https:\/\/lelaboratoireanarchiste.noblogs.org\/index.php?rest_route=\/wp\/v2\/posts\/7120\/revisions\/7128"}],"wp:attachment":[{"href":"https:\/\/lelaboratoireanarchiste.noblogs.org\/index.php?rest_route=%2Fwp%2Fv2%2Fmedia&parent=7120"}],"wp:term":[{"taxonomy":"category","embeddable":true,"href":"https:\/\/lelaboratoireanarchiste.noblogs.org\/index.php?rest_route=%2Fwp%2Fv2%2Fcategories&post=7120"},{"taxonomy":"post_tag","embeddable":true,"href":"https:\/\/lelaboratoireanarchiste.noblogs.org\/index.php?rest_route=%2Fwp%2Fv2%2Ftags&post=7120"}],"curies":[{"name":"wp","href":"https:\/\/api.w.org\/{rel}","templated":true}]}}