{"id":7115,"date":"2016-11-24T12:05:51","date_gmt":"2016-11-24T11:05:51","guid":{"rendered":"http:\/\/lelaboratoireanarchiste.noblogs.org\/?p=7115"},"modified":"2016-11-24T23:33:01","modified_gmt":"2016-11-24T22:33:01","slug":"guerre-a-larmee","status":"publish","type":"post","link":"https:\/\/lelaboratoireanarchiste.noblogs.org\/?p=7115","title":{"rendered":"Guerre \u00e0 l&rsquo;arm\u00e9e !"},"content":{"rendered":"<div class=\"entry-content\">\n<div id=\"summary\">\n<p>\u00a0Publi\u00e9 sur\u00a0 indymedia Nantes 23 nov. 2016<\/p>\n<p><em>Texte diffus\u00e9 sous forme de tract et d\u2019affiche ce mardi 22 novembre \u00e0 la facult\u00e9 de lettres de Besan\u00e7on contre l\u2019arm\u00e9e et tout ce qu\u2019elle sert.]<\/em><\/p>\n<div class=\"article\">\n<p id=\"article_photo\"><a href=\"https:\/\/nantes.indymedia.org\/system\/photo\/2016\/11\/23\/17637\/tractantimilitariste.png\"><img decoding=\"async\" src=\"https:\/\/nantes.indymedia.org\/system\/photo\/2016\/11\/23\/17637\/tractantimilitariste-medium.png?1479887025\" alt=\"Tractantimilitariste-medium\" \/><\/a><\/p>\n<p>affiche\u00a0 pr\u00eate \u00e0<a href=\"https:\/\/lelaboratoireanarchiste.noblogs.org\/files\/2016\/11\/guerre-\u00e0-larm\u00e9e.pdf\"> circuler en PDF,<\/a> sur les murs des villes et villages<\/p>\n<\/div>\n<p><strong>Guerre \u00e0 l\u2019arm\u00e9e !<\/strong><\/p>\n<p><strong>Ce mardi 22 novembre, l\u2019arm\u00e9e s\u2019invite \u00e0 la fac de lettres sous couvert de \u00ab\u00a0recherche\u00a0\u00bb. Christophe Lafaye, qui est \u00e0 la fois r\u00e9serviste au sein du 19\u00e8me R\u00e9giment (dont la base est \u00e0 Besan\u00e7on) et \u00ab\u00a0chercheur\u00a0\u00bb \u00e0 Sciences po Aix, sera pr\u00e9sent \u00e0 l\u2019universit\u00e9 de lettres dans le cadre d\u2019une conf\u00e9rence intitul\u00e9e \u00ab\u00a0L\u2019Arm\u00e9e fran\u00e7aise en Afghanistan \u2013 Le g\u00e9nie au combat 2011\/2012\u00a0\u00bb. Ses travaux ont bien s\u00fbr \u00e9t\u00e9 r\u00e9compens\u00e9s par le minist\u00e8re de la d\u00e9fense, signe que le pouvoir sait r\u00e9compenser ses plus z\u00e9l\u00e9s serviteurs. <\/strong><\/p>\n<\/div>\n<div id=\"summary\">\n<p>Son objectif est de venir transmettre \u00e0 tout ce petit monde l\u2019importance de <i>\u00ab\u00a0collecter et de sauvegarder l\u2019exp\u00e9rience combattante\u00a0\u00bb<\/i>. Quand l\u2019arm\u00e9e parle d\u2019\u00ab\u00a0exp\u00e9rience combattante\u00a0\u00bb, \u00e7a signifie en r\u00e9alit\u00e9 piller et raser des territoires entiers, terroriser et massacrer la population (occupation militaire, viols de femmes et d\u2019enfants, tortures, bombardements, etc\u2026), que ce soit pour maintenir en place un r\u00e9gime dictatorial qui garantit \u00e0 la France une quantit\u00e9 non n\u00e9gligeable de ressources et de mati\u00e8res premi\u00e8res (synonyme de croissance \u00e9conomique pour la Nation<i> des droits de l\u2019homme<\/i>) ou pour assurer les activit\u00e9s des entreprises fran\u00e7aises \u00e0 l\u2019\u00e9tranger. C\u2019est cela m\u00eame que les puissants appellent <i>d\u00e9mocratie<\/i> ou <i>civilisation. <\/i><\/p>\n<p>Le r\u00f4le de toute arm\u00e9e est aussi de maintenir sous contr\u00f4le la population sur le territoire national et de dissuader quiconque de se r\u00e9volter. Pendant le mouvement contre la \u00ab\u00a0loi travail\u00a0\u00bb, on a pu voir par exemple des patrouilles \u00ab\u00a0Vigipirate\u00a0\u00bb se d\u00e9ployer devant plusieurs facs et lyc\u00e9es bloqu\u00e9s. Aux fronti\u00e8res, comme par exemple dans le sud-est de la France, des groupes de militaires chassent les migrants et viennent renforcer les dispositifs mat\u00e9riels et humains existants contre tout ind\u00e9sirable.<\/p>\n<p>L\u2019\u00c9tat met les moyens pour soigner l\u2019image de son arm\u00e9e et ainsi cr\u00e9er chez certains jeunes des vocations de futurs tortionnaires\u00a0: campagnes de pub et de recrutement omnipr\u00e9sente dans l\u2019espace urbain, les centres commerciaux [1], l\u2019ensemble des m\u00e9dias (TV, journaux, radio\u2026), mais aussi dans les \u00e9coles et les universit\u00e9s. Des entreprises se remplissent chaque jour les poches gr\u00e2ce \u00e0 l\u2019industrie militaire (Thal\u00e8s, Verney-Carron, Dassault\u2026). Partout, nous devons nous y opposer en mots et en actes\u00a0!<\/p>\n<p>Alors que viennent d\u2019avoir lieu les comm\u00e9morations patriotiques du 11 novembre de la Grande Boucherie de 14-18, lors de laquelle des millions de pauvres ont \u00e9t\u00e9 r\u00e9quisitionn\u00e9s par les \u00c9tats pour les envoyer se faire massacrer, nous continuerons co\u00fbte que co\u00fbte \u00e0 r\u00e9affirmer notre d\u00e9go\u00fbt de l\u2019arm\u00e9e, du militarisme, des fronti\u00e8res et des \u00c9tats.<\/p>\n<p><strong>A bas le bras arm\u00e9 kaki du capital\u00a0!<\/strong><\/p>\n<p><strong>Refusons leurs guerres, ne les laissons pas en paix\u00a0!<\/strong><\/p>\n<p>[1] Courant avril 2016 \u00e0 Besan\u00e7on, l\u2019arm\u00e9e de l\u2019air a tenu durant deux semaines des stands dans la galerie commerciale de Chateaufarine, celle-ci \u00e9tant la plus fr\u00e9quent\u00e9e de Besan\u00e7on et de sa p\u00e9riph\u00e9rie. Il y avait bien s\u00fbr des \u00ab\u00a0joujous\u00a0\u00bb grandeur nature pour les enfants (\u00ab\u00a0Mirage 2000\u00a0\u00bb et divers engins de mort), ainsi que d\u2019autres animations d\u00e9biles et d\u2019endoctrinement. La guerre, c\u2019est tellement ludique\u00a0!<\/p>\n<p>****<\/p>\n<p>Concernant la conf\u00e9rence de Christophe Lafaye. D\u2019abord, parlons des motifs de la pr\u00e9sence de l\u2019OTAN en Afghanistan de 2001 \u00e0 2014 : lutter contre les Talibans alors que c\u2019est le camp occidental qui a financ\u00e9 leur d\u00e9veloppement durant les ann\u00e9es 80 dans le contexte de la Guerre froide contre l\u2019URSS ; soutenir les chefs de guerre de l\u2019Alliance du Nord pourtant d\u00e9test\u00e9s par la population depuis leurs exactions dans tout le pays et leurs bombardements de Kaboul dans les ann\u00e9es 90 ; installer au pouvoir des hommes de main des \u00c9tats-Unis tel que le pr\u00e9sident Hamid Karzai, ancien consultant du g\u00e9ant p\u00e9trolier californien <i>Unocal<\/i>. Ensuite sur les effets concrets de l\u2019aide occidentale : plus d\u2019une victime civile sur trois a r\u00e9sult\u00e9 de la barbarie des forces de s\u00e9curit\u00e9 afghanes form\u00e9es par l\u2019OTAN ; le d\u00e9tournement de l\u2019aide internationale pour le compte des narcotrafiquants a permis au pays de redevenir le premier pays producteur de pavot ; les formations progressistes tel que l\u2019organisation r\u00e9volutionnaire et\u00a0f\u00e9ministe RAWA (qui malgr\u00e9 tout lutte fi\u00e8rement depuis 1977) ont compl\u00e8tement \u00e9t\u00e9 marginalis\u00e9es. Enfin, il y a de quoi douter s\u00e9rieusement du souci de l\u2019\u00c9tat fran\u00e7ais pour la population afghane \u00e9tant donn\u00e9 le sort que l\u2019UE r\u00e9serve \u00e0 ses migrant-e-s (sachant que l\u2019Afghanistan est le premier pays de provenance des mineurs non-accompagn\u00e9s) : le plan de relocalisation des r\u00e9fugi\u00e9-e-s conclu au sein de l\u2019Union ne les concerne pas ; 30% d\u2019entre eux\/elles n\u2019y obtiennent pas le droit d\u2019asile (20% en France) alors que les demandes ont augment\u00e9 de 350% depuis la \u00ab\u00a0fin\u00a0\u00bb de la guerre ; la Mac\u00e9doine (une des principales \u00ab\u00a0portes de l\u2019Europe \u00bb) leur refuse l\u2019entr\u00e9e sur son territoire ; un accord UE-Afghanistan a m\u00eame \u00e9t\u00e9 sign\u00e9 pour organiser les retours forc\u00e9s. Alors qu\u2019au niveau m\u00e9diatique le retrait de l\u2019OTAN depuis 2014 laisse supposer une stabilisation du conflit, au contraire les victimes n\u2019ont jamais \u00e9t\u00e9 aussi nombreuses\u00a0depuis 2009 que ces deux derni\u00e8res ann\u00e9es.<\/p>\n<\/div>\n<\/div>\n<footer class=\"entry-meta\"><\/footer>\n","protected":false},"excerpt":{"rendered":"<p>\u00a0Publi\u00e9 sur\u00a0 indymedia Nantes 23 nov. 2016 Texte diffus\u00e9 sous forme de tract et d\u2019affiche ce mardi 22 novembre \u00e0 la facult\u00e9 de lettres de Besan\u00e7on contre l\u2019arm\u00e9e et tout ce qu\u2019elle sert.] affiche\u00a0 pr\u00eate \u00e0 circuler en PDF, sur les murs des villes et villages Guerre \u00e0 l\u2019arm\u00e9e ! Ce mardi 22 novembre, l\u2019arm\u00e9e [&hellip;]<\/p>\n","protected":false},"author":7964,"featured_media":0,"comment_status":"closed","ping_status":"closed","sticky":false,"template":"","format":"standard","meta":{"footnotes":""},"categories":[3],"tags":[],"class_list":["post-7115","post","type-post","status-publish","format-standard","hentry","category-brochures-journeaux"],"_links":{"self":[{"href":"https:\/\/lelaboratoireanarchiste.noblogs.org\/index.php?rest_route=\/wp\/v2\/posts\/7115","targetHints":{"allow":["GET"]}}],"collection":[{"href":"https:\/\/lelaboratoireanarchiste.noblogs.org\/index.php?rest_route=\/wp\/v2\/posts"}],"about":[{"href":"https:\/\/lelaboratoireanarchiste.noblogs.org\/index.php?rest_route=\/wp\/v2\/types\/post"}],"author":[{"embeddable":true,"href":"https:\/\/lelaboratoireanarchiste.noblogs.org\/index.php?rest_route=\/wp\/v2\/users\/7964"}],"replies":[{"embeddable":true,"href":"https:\/\/lelaboratoireanarchiste.noblogs.org\/index.php?rest_route=%2Fwp%2Fv2%2Fcomments&post=7115"}],"version-history":[{"count":3,"href":"https:\/\/lelaboratoireanarchiste.noblogs.org\/index.php?rest_route=\/wp\/v2\/posts\/7115\/revisions"}],"predecessor-version":[{"id":7119,"href":"https:\/\/lelaboratoireanarchiste.noblogs.org\/index.php?rest_route=\/wp\/v2\/posts\/7115\/revisions\/7119"}],"wp:attachment":[{"href":"https:\/\/lelaboratoireanarchiste.noblogs.org\/index.php?rest_route=%2Fwp%2Fv2%2Fmedia&parent=7115"}],"wp:term":[{"taxonomy":"category","embeddable":true,"href":"https:\/\/lelaboratoireanarchiste.noblogs.org\/index.php?rest_route=%2Fwp%2Fv2%2Fcategories&post=7115"},{"taxonomy":"post_tag","embeddable":true,"href":"https:\/\/lelaboratoireanarchiste.noblogs.org\/index.php?rest_route=%2Fwp%2Fv2%2Ftags&post=7115"}],"curies":[{"name":"wp","href":"https:\/\/api.w.org\/{rel}","templated":true}]}}