{"id":7109,"date":"2016-11-23T11:53:35","date_gmt":"2016-11-23T10:53:35","guid":{"rendered":"http:\/\/lelaboratoireanarchiste.noblogs.org\/?p=7109"},"modified":"2016-11-23T11:59:38","modified_gmt":"2016-11-23T10:59:38","slug":"cnt-69-communique-de-soutien-a-la-librairie-la-plume-noire-suite-a-une-agression-fasciste","status":"publish","type":"post","link":"https:\/\/lelaboratoireanarchiste.noblogs.org\/?p=7109","title":{"rendered":"CNT 69] Communiqu\u00e9 de soutien \u00e0 la librairie \u00ab\u00a0la plume noire\u00a0\u00bb suite \u00e0 une agression fasciste"},"content":{"rendered":"<div class=\"crayon article-texte-2901 texte surlignable\">\n<p>note: le laboratoire anarchiste , a d\u00e9j\u00e0 commenc\u00e9 l&rsquo;appel \u00e0 la solidarit\u00e9 financi\u00e8re avec un\u00a0 point de d\u00e9p\u00f4t de solidarit\u00e9 financi\u00e8re\u00a0 est ouvert au bar\u00a0\u00bb le club\u00a0\u00bb rue bouffier valence.\u00a0 Cet\u00a0 argent sera transmis \u00e0 la plume noire pour<i> remettre en \u00e9tat le local et le p\u00e9renniser, <\/i><\/p>\n<hr \/>\n<p>Les syndicats de la CNT tiennent \u00e0 manifester leur soutien \u00e0 la librairie \u00ab\u00a0la plume noire\u00a0\u00bb, victime d\u2019une agression fasciste samedi 17 novembre<\/p>\n<p>Suite \u00e0 une manifestation d\u2019extr\u00eame droite ( GUD, Action Fran\u00e7aise, Parti Nationaliste Fran\u00e7ais \u2026) pour s\u2019opposer au projet de reconversion de l\u2019\u00e9glise Saint-Bernard, un groupe de fascistes, casqu\u00e9s et arm\u00e9s, a attaqu\u00e9 la librairie la plume noire, en tentant de p\u00e9n\u00e9trer violemment dans le local\u00a0: cassage des vitres et d\u2019un volet, blessant des personnes pr\u00e9sentes.<\/p>\n<p>Le contexte naus\u00e9abond actuel (chasse aux \u00e9migr\u00e9s et aux pauvres, surench\u00e9rissement dans les mesures s\u00e9curitaires, discours pour s\u00e9duire l\u2019\u00e9lectorat du front-national, banalisation du racisme, de l\u2019homophobie et du sexisme\u2026) ne peut qu\u2019encourager ces militants fascistes. Ils doivent se sentir forts quand ils peuvent venir arm\u00e9s et casqu\u00e9s, \u00e0 un rassemblement interdit par la pr\u00e9fecture mais prot\u00e9g\u00e9 par la police. Ce laissez-faire est un signal d\u2019autorisation\u00a0! Cette m\u00eame police qui s\u2019en prend violemment \u00e0 la jeunesse qui manifeste contre la politique de gouvernement notamment lors du mouvement contre la loi travail. Cette m\u00eame extr\u00eame droite qui a tent\u00e9 d\u2019attaquer les cort\u00e8ges syndicaux au niveau de la manufacture des tabacs. Cette m\u00eame police qui, en plein cort\u00e8ge syndical, a contr\u00f4l\u00e9 l\u2019identit\u00e9 des militant-es de la CGA, sous pr\u00e9texte qu\u2019ils et elles \u00e9taient regroup\u00e9s sous la banni\u00e8re de la CGA\u00a0! Cette m\u00eame extr\u00eame droite qui a attaqu\u00e9e \u00e0 plusieurs reprise le local militant la Ruche \u00e0 Villefranche. Cette m\u00eame police qui est intervenu violemment dans un local de la CNT \u00e0 Lille. Cette m\u00eame police qui emp\u00eache les militant-es antifascistes de manifester \u00e0 Saint-Jean, territoire r\u00e9serv\u00e9 aux fascistes. Par cette attaque, c\u2019est l\u2019ensemble du mouvement des travailleurs et travailleuses qui est attaqu\u00e9, ceux et celles qui luttent contre cette soci\u00e9t\u00e9, contre les in\u00e9galit\u00e9s, l\u2019arbitraire, la violence et les discriminations qu\u2019elle g\u00e9n\u00e8re. Ne nous y trompons pas, si la police laisse faire, c\u2019est que les autorit\u00e9s, dont le r\u00f4le est de d\u00e9fendre l\u2019ordre \u00e9tabli, l\u2019ont bien compris. Gageons qu\u2019une fois de plus, la pr\u00e9fecture va faire passer cette complaisance envers les militants d\u2019extr\u00eame droite, pour de la neutralit\u00e9. Ce sont des camarades de lutte qui ont \u00e9t\u00e9 agress\u00e9-e-s. Nous r\u00e9pondons positivement \u00e0 leur appel \u00e0 la solidarit\u00e9 et \u00e0 une r\u00e9action large de toutes les composantes du camp progressiste. Un coup contre l\u2019un-e d\u2019entre nous est un coup contre tous\u00a0!<\/p>\n<p>L\u2019Union D\u00e9partementale de la CNT 69<\/p>\n<\/div>\n","protected":false},"excerpt":{"rendered":"<p>note: le laboratoire anarchiste , a d\u00e9j\u00e0 commenc\u00e9 l&rsquo;appel \u00e0 la solidarit\u00e9 financi\u00e8re avec un\u00a0 point de d\u00e9p\u00f4t de solidarit\u00e9 financi\u00e8re\u00a0 est ouvert au bar\u00a0\u00bb le club\u00a0\u00bb rue bouffier valence.\u00a0 Cet\u00a0 argent sera transmis \u00e0 la plume noire pour remettre en \u00e9tat le local et le p\u00e9renniser, Les syndicats de la CNT tiennent \u00e0 manifester [&hellip;]<\/p>\n","protected":false},"author":7964,"featured_media":0,"comment_status":"closed","ping_status":"closed","sticky":false,"template":"","format":"standard","meta":{"footnotes":""},"categories":[1],"tags":[],"class_list":["post-7109","post","type-post","status-publish","format-standard","hentry","category-general"],"_links":{"self":[{"href":"https:\/\/lelaboratoireanarchiste.noblogs.org\/index.php?rest_route=\/wp\/v2\/posts\/7109","targetHints":{"allow":["GET"]}}],"collection":[{"href":"https:\/\/lelaboratoireanarchiste.noblogs.org\/index.php?rest_route=\/wp\/v2\/posts"}],"about":[{"href":"https:\/\/lelaboratoireanarchiste.noblogs.org\/index.php?rest_route=\/wp\/v2\/types\/post"}],"author":[{"embeddable":true,"href":"https:\/\/lelaboratoireanarchiste.noblogs.org\/index.php?rest_route=\/wp\/v2\/users\/7964"}],"replies":[{"embeddable":true,"href":"https:\/\/lelaboratoireanarchiste.noblogs.org\/index.php?rest_route=%2Fwp%2Fv2%2Fcomments&post=7109"}],"version-history":[{"count":3,"href":"https:\/\/lelaboratoireanarchiste.noblogs.org\/index.php?rest_route=\/wp\/v2\/posts\/7109\/revisions"}],"predecessor-version":[{"id":7112,"href":"https:\/\/lelaboratoireanarchiste.noblogs.org\/index.php?rest_route=\/wp\/v2\/posts\/7109\/revisions\/7112"}],"wp:attachment":[{"href":"https:\/\/lelaboratoireanarchiste.noblogs.org\/index.php?rest_route=%2Fwp%2Fv2%2Fmedia&parent=7109"}],"wp:term":[{"taxonomy":"category","embeddable":true,"href":"https:\/\/lelaboratoireanarchiste.noblogs.org\/index.php?rest_route=%2Fwp%2Fv2%2Fcategories&post=7109"},{"taxonomy":"post_tag","embeddable":true,"href":"https:\/\/lelaboratoireanarchiste.noblogs.org\/index.php?rest_route=%2Fwp%2Fv2%2Ftags&post=7109"}],"curies":[{"name":"wp","href":"https:\/\/api.w.org\/{rel}","templated":true}]}}