{"id":7086,"date":"2016-11-21T11:47:20","date_gmt":"2016-11-21T10:47:20","guid":{"rendered":"http:\/\/lelaboratoireanarchiste.noblogs.org\/?p=7086"},"modified":"2016-11-21T11:51:29","modified_gmt":"2016-11-21T10:51:29","slug":"attaque-fasciste-sur-la-croix-rousse-et-contre-la-librairie-libertaire-la-plume-noire-communique-de-la-cga-lyon","status":"publish","type":"post","link":"https:\/\/lelaboratoireanarchiste.noblogs.org\/?p=7086","title":{"rendered":"Attaque fasciste sur la Croix Rousse et contre la librairie libertaire la Plume Noire communiqu\u00e9 de la CGA Lyon"},"content":{"rendered":"<div class=\"texte\">\n<p>note: suite\u00a0 de la page : s<a href=\"https:\/\/lelaboratoireanarchiste.noblogs.org\/post\/2016\/11\/20\/note-solidarite-active-avec-lespace-anarchiste-la-plume-noire\/\" rel=\"bookmark\">olidarit\u00e9 active avec l\u2019espace anarchiste la Plume Noire,<\/a><\/p>\n<p>lu et copi\u00e9:http:cgalyon.ouvaton.org<\/p>\n<p>Ce samedi 19 novembre 2016 en milieu d\u2019apr\u00e8s-midi, des catholiques int\u00e9gristes et d\u2019autres militants d\u2019extr\u00eame-droite appelaient \u00e0 un rassemblement place Colbert, pour s\u2019opposer au projet de reconversion de l\u2019\u00e9glise Saint-Bernard (actuellement d\u00e9saffect\u00e9e) en centre d\u2019affaires et exiger qu\u2019elle soit confi\u00e9e \u00e0 la fraternit\u00e9 saint Pie X, une organisation catholique particuli\u00e8rement r\u00e9actionnaire et proche des milieux fascistes.<\/p>\n<p>Ce rassemblement avait fait l\u2019objet d\u2019une interdiction de la pr\u00e9fecture, qui invoquait dans son communiqu\u00e9 le risque de trouble \u00e0 l\u2019ordre public et renvoyait honteusement dos \u00e0 dos fascistes aux m\u00e9thodes violentes et militant\u00b7e\u00b7s progressistes et antifascistes pr\u00e9sent\u00b7e\u00b7s dans le quartier.<\/p>\n<p>Le rassemblement a pourtant eu lieu malgr\u00e9 l\u2019interdiction, comprenant des membres du GUD, de l\u2019Action Fran\u00e7aise et du Parti Nationaliste Fran\u00e7ais lourdement casqu\u00e9s et arm\u00e9s, qui ont fait une premi\u00e8re apparition devant notre local, la librairie la Plume Noire, au d\u00e9but de l\u2019apr\u00e8s-midi.<\/p>\n<p>Ces militants fascistes, ouvertement pr\u00e9par\u00e9s \u00e0 mener des actions violentes, n\u2019ont pas \u00e9t\u00e9 inqui\u00e9t\u00e9s ou contr\u00f4l\u00e9s par les nombreux policiers pr\u00e9sents, qui ont d\u2019ailleurs assur\u00e9 la protection du rassemblement en tenant \u00e0 distance militant\u00b7e\u00b7s antifascistes et autres habitant\u00b7e\u00b7s du quartier.<\/p>\n<p>Nous ne nous \u00e9tonnons malheureusement pas d\u2019une telle complaisance y compris dans le cadre de l\u2019\u00e9tat d\u2019urgence, alors m\u00eame que celui-ci sert notamment de cache-mis\u00e8re \u00e0 la r\u00e9pression accrue des mouvements sociaux progressistes. Rappelons qu\u2019il y a quelques semaines, la police manifestait de nuit dans les rues lyonnaises main dans la main avec cette m\u00eame extr\u00eame-droite.<\/p>\n<p>Vers 18h, alors que le rassemblement des int\u00e9gristes s\u2019\u00e9tait dispers\u00e9, une vingtaine de fascistes toujours massivement \u00e9quip\u00e9s ont remont\u00e9 les pentes de la Croix-Rousse et ont brutalement converg\u00e9 vers la Plume Noire, o\u00f9 se trouvaient une douzaine de nos camarades.<\/p>\n<p>Les personnes pr\u00e9sentes dans le local ont baiss\u00e9 le rideau pour se prot\u00e9ger, mais les fascistes ont r\u00e9ussi \u00e0 le relever et \u00e0 enfoncer un autre volet m\u00e9tallique, d\u00e9truisant \u00e9galement les vitres qui se trouvaient derri\u00e8re.<\/p>\n<p>La r\u00e9sistance de nos camarades a emp\u00each\u00e9 les fascistes de p\u00e9n\u00e9trer physiquement dans le local, mais n\u2019a pu \u00e9viter les d\u00e9g\u00e2ts mat\u00e9riels que sont la destruction de la totalit\u00e9 des vitres et d\u2019une partie du volet. Plusieurs personnes ont \u00e9galement subi des blessures l\u00e9g\u00e8res durant cette agression qui a dur\u00e9 de longues minutes, notamment \u00e0 cause de projectiles (pierres, outils m\u00e9talliques, bouteilles en verre) lanc\u00e9s par les fascistes. Lors de leur arriv\u00e9e puis de leur d\u00e9part, les fascistes ont hurl\u00e9 \u00ab\u00a0on est chez nous\u00a0\u00bb, \u00ab\u00a0la France au Fran\u00e7ais\u00a0\u00bb et \u00ab\u00a0morts aux juifs\u00a0\u00bb, comme signe de ralliement et de dispersion.<\/p>\n<p>Cette attaque odieuse n\u2019est pas un fait isol\u00e9. Pr\u00e8s de 20 ans apr\u00e8s l\u2019incendie du pr\u00e9c\u00e9dent local de la Plume Noire par l\u2019extr\u00eame-droite en 1997, elle s\u2019inscrit dans la mont\u00e9e en puissance actuelle de l\u2019extr\u00eame-droite et du fascisme, qui se traduit par une multiplication des agressions contre les minorit\u00e9s, des militantes et militants du mouvement syndical, f\u00e9ministe, antiraciste, LGBT et progressiste.<\/p>\n<p>Ces attaques sont favoris\u00e9es par l\u2019ouverture de nouveaux locaux fascistes dans plusieurs villes fran\u00e7aises comme Lille et Lyon, qui servent de lieux d\u2019organisations \u00e0 cette strat\u00e9gie d\u2019intimidation fasciste. \u00c0 Lyon, il y a maintenant 4 locaux (PNF, GUD, Action Fran\u00e7aise et les identitaires), sans r\u00e9action r\u00e9elle des autorit\u00e9s et de la ville de Lyon.<\/p>\n<p>Face \u00e0 ce constat, nous r\u00e9affirmons que nous ne nous laisserons pas intimider et nous en appelons \u00e0 la solidarit\u00e9 et \u00e0 une r\u00e9action large de toutes les composantes du camp progressiste.<\/p>\n<p><i>Le groupe de Lyon de la Coordination des Groupes Anarchistes<\/i><\/p>\n<\/div>\n","protected":false},"excerpt":{"rendered":"<p>note: suite\u00a0 de la page : solidarit\u00e9 active avec l\u2019espace anarchiste la Plume Noire, lu et copi\u00e9:http:cgalyon.ouvaton.org Ce samedi 19 novembre 2016 en milieu d\u2019apr\u00e8s-midi, des catholiques int\u00e9gristes et d\u2019autres militants d\u2019extr\u00eame-droite appelaient \u00e0 un rassemblement place Colbert, pour s\u2019opposer au projet de reconversion de l\u2019\u00e9glise Saint-Bernard (actuellement d\u00e9saffect\u00e9e) en centre d\u2019affaires et exiger qu\u2019elle [&hellip;]<\/p>\n","protected":false},"author":7964,"featured_media":0,"comment_status":"closed","ping_status":"closed","sticky":false,"template":"","format":"standard","meta":{"footnotes":""},"categories":[1],"tags":[],"class_list":["post-7086","post","type-post","status-publish","format-standard","hentry","category-general"],"_links":{"self":[{"href":"https:\/\/lelaboratoireanarchiste.noblogs.org\/index.php?rest_route=\/wp\/v2\/posts\/7086","targetHints":{"allow":["GET"]}}],"collection":[{"href":"https:\/\/lelaboratoireanarchiste.noblogs.org\/index.php?rest_route=\/wp\/v2\/posts"}],"about":[{"href":"https:\/\/lelaboratoireanarchiste.noblogs.org\/index.php?rest_route=\/wp\/v2\/types\/post"}],"author":[{"embeddable":true,"href":"https:\/\/lelaboratoireanarchiste.noblogs.org\/index.php?rest_route=\/wp\/v2\/users\/7964"}],"replies":[{"embeddable":true,"href":"https:\/\/lelaboratoireanarchiste.noblogs.org\/index.php?rest_route=%2Fwp%2Fv2%2Fcomments&post=7086"}],"version-history":[{"count":3,"href":"https:\/\/lelaboratoireanarchiste.noblogs.org\/index.php?rest_route=\/wp\/v2\/posts\/7086\/revisions"}],"predecessor-version":[{"id":7089,"href":"https:\/\/lelaboratoireanarchiste.noblogs.org\/index.php?rest_route=\/wp\/v2\/posts\/7086\/revisions\/7089"}],"wp:attachment":[{"href":"https:\/\/lelaboratoireanarchiste.noblogs.org\/index.php?rest_route=%2Fwp%2Fv2%2Fmedia&parent=7086"}],"wp:term":[{"taxonomy":"category","embeddable":true,"href":"https:\/\/lelaboratoireanarchiste.noblogs.org\/index.php?rest_route=%2Fwp%2Fv2%2Fcategories&post=7086"},{"taxonomy":"post_tag","embeddable":true,"href":"https:\/\/lelaboratoireanarchiste.noblogs.org\/index.php?rest_route=%2Fwp%2Fv2%2Ftags&post=7086"}],"curies":[{"name":"wp","href":"https:\/\/api.w.org\/{rel}","templated":true}]}}