{"id":7074,"date":"2016-11-20T16:43:33","date_gmt":"2016-11-20T15:43:33","guid":{"rendered":"http:\/\/lelaboratoireanarchiste.noblogs.org\/?p=7074"},"modified":"2016-11-20T16:46:10","modified_gmt":"2016-11-20T15:46:10","slug":"terrorisme-detat-un-delit-de-solidarite","status":"publish","type":"post","link":"https:\/\/lelaboratoireanarchiste.noblogs.org\/?p=7074","title":{"rendered":"[Un  d\u00e9lit de solidarit\u00e9"},"content":{"rendered":"<div class=\"entry-content\">\n<p>lu et copi\u00e9 sur aubanar.lautre.net<\/p>\n<p><strong>\u00bb <\/strong><em><strong>Nous qui n\u2019acceptons les passeurs et l\u2019accueil des clandestins que pendant le lointain temps de l\u2019occupation. Nous qui sommes jug\u00e9s si nous ouvrons nos portes.\u00a0\u00bb<\/strong> extrait de l\u2019intervention faite il y a deux jours\u2026<br \/>\n<\/em><\/p>\n<p>Re\u00e7u aujourd\u2019hui :<\/p>\n<p><b class=\"\">Pourquoi j\u2019ai secouru des r\u00e9fugi\u00e9s<br class=\"\" \/> <\/b><br class=\"\" \/> J\u2019ai 45 ans et 2 enfants. Je suis fonctionnaire de l\u2019\u00c9ducation Nationale, Ing\u00e9nieur d\u2019\u00c9tudes dans un laboratoire de recherche du CNRS \/ Universit\u00e9 Nice Sophia Antipolis. Je suis \u00e9galement enseignant au d\u00e9partement de G\u00e9ographie de la Facult\u00e9 des Sciences et Membre du Conseil Scientifique R\u00e9gional du Patrimoine Naturel Provence Alpes C\u00f4te d\u2019Azur. Je n\u2019\u00e9tais pas jusqu\u2019\u00e0 pr\u00e9sent militant politique ou associatif.<br class=\"\" \/> <br class=\"\" \/> Dans ma famille on est Corse. J\u2019ai pass\u00e9 toutes mes vacances au village dans la maison de mon grand-p\u00e8re, le m\u00e9decin du canton qui faisait ses visites \u00e0 cheval. Au village, presque 50 ans apr\u00e8s sa mort, les gens en parlent encore car que ce soit en pleine nuit \u00e0 l\u2019autre bout du canton, que ce soit un bandit bless\u00e9 ou un paysan qui n\u2019ait pas de quoi payer, il soignait. Dans les r\u00e9cits que me racontait mon p\u00e8re et dans les exp\u00e9riences que j\u2019ai v\u00e9cu l\u00e0-bas, j\u2019ai appris et compris qu\u2019on ne laisse pas quelqu\u2019un en danger sur le bord de la route, d\u2019abord parce que c\u2019est la montagne mais aussi parce que c\u2019est une question de dignit\u00e9. Ou d\u2019honneur comme on dit.<br class=\"\" \/> J\u2019ai la chance d\u2019avoir des enfants et en tant que p\u00e8re avec la garde partag\u00e9e, j\u2019ai pris cette t\u00e2che pas \u00e9vidente tr\u00e8s au s\u00e9rieux. Pas \u00e9vidente car aujourd\u2019hui le monde va mal que ce soit d\u2019un point de vue social ou environnemental alors au del\u00e0 d\u2019une \u201cbonne situation\u201d, ce que je souhaite pour mes enfants, c\u2019est qu\u2019ils soient l\u2019espoir d\u2019un monde meilleur.<br class=\"\" \/> <br class=\"\" \/> Le Dimanche 16 octobre en rentrant en voiture de la f\u00eate de la brebis \u00e0 la Brigue avec ma fille de 12 ans, nous avons secourus 4 jeunes du Darfour. Ce village fran\u00e7ais est dans la vall\u00e9e de la Roya qui est frontali\u00e8re de Vintimille en Italie. C\u2019est dans cette vall\u00e9e que sont r\u00e9guli\u00e8rement secourus hommes mais surtout femmes et enfants qui se trouvent sur ces routes de montagnes et qu\u2019on appelle migrants. Ces 4 jeunes \u00e9taient compl\u00e8tement perdus et se dirigeaient \u00e0 pied, certains en bermuda, vers les montagnes enneig\u00e9es. Avec ma fille on les a ramen\u00e9 \u00e0 Nice, ils ont mang\u00e9 et dormi avec nous dans mon appartement de 40m\u00b2. Le lendemain comme tous les jours d\u2019\u00e9cole nous nous sommes lev\u00e9s \u00e0 6h15. Ils sont venus avec moi d\u00e9poser ma fille \u00e0 l\u2019\u00e9cole puis je les ai d\u00e9pos\u00e9 dans une petite gare peu surveill\u00e9e par la police et je leur ai pay\u00e9 un billet de train pour la premi\u00e8re partie du trajet. Ils devaient retrouver leur famille \u00e0 Marseille.<br class=\"\" \/> C\u2019\u00e9tait ma premi\u00e8re action de secours envers ces \u201cmigrants\u201d. Pourquoi je l\u2019ai fait ce jour l\u00e0 ? Jusqu\u2019\u00e0 pr\u00e9sent avec mes enfants j\u2019avais d\u00e9pos\u00e9 des v\u00eatements \u00e0 la croix rouge \u00e0 Vintimille, des chaussures, un sac \u00e0 dos, pour aider mais aussi pour leur montrer qu\u2019il y a des injustices dans le monde et que chacun de nous peut faire quelque chose\u2026 L\u00e0 c\u2019\u00e9tait la deuxi\u00e8me fois que je voyais un groupe sur le bord de la route. La premi\u00e8re fois j\u2019avais h\u00e9sit\u00e9, je n\u2019avais pas eu le courage, mais cette fois ci il y avait ma fille et j\u2019ai pu lui montrer l\u2019exemple.<br class=\"\" \/> <br class=\"\" \/> Le lendemain lundi 17 octobre, apr\u00e8s une soir\u00e9e chez des amis dans cette m\u00eame vall\u00e9e, sur le retour vers Nice, je d\u00e9cide de m\u2019arr\u00eater dans ce camp pour migrant \u00e0\u00a0 St Dalmas de Tende, un b\u00e2timent d\u00e9saffect\u00e9 pour colonies de vacances de la SNCF qui a \u00e9t\u00e9 ouvert en urgence quelques heures auparavant, sans autorisation, par un collectif d\u2019associations dont la Ligue des Droits de l\u2019Homme, Amnesty International et un tas d\u2019associations nationales et locales. L\u2019ouverture de ce lieu \u00e0 fait l\u2019objet d\u2019un communiqu\u00e9 de ces associations dans les m\u00e9dias. Je sais bien que mon retour vers Nice est une opportunit\u00e9 d\u2019en sortir quelques-un de ce lieu sans eau ni \u00e9lectricit\u00e9 et ou la temp\u00e9rature en pleine nuit ne doit pas d\u00e9passer 10 degr\u00e9s. Je d\u00e9cide d\u2019en ramener chez moi et de les d\u00e9poser \u00e0 la gare le lendemain.<br class=\"\" \/> <br class=\"\" \/> Ce sont 3 filles qu\u2019on vient d\u2019aller chercher \u00e0 l\u2019\u00e9tage. Elles sont contentes de ma proposition me dit-on car elles sont attendues par une association \u00e0 Marseille pour \u00eatre soign\u00e9es. Quand je les vois mon coeur se d\u00e9chire. Elles ont peur, elles ont froid, elles sont \u00e9puis\u00e9es, elles ont des pansements aux mains, aux jambes, l\u2019une boite en faisant des grimaces de douleurs et l\u2019autre ne peut pas porter son sac avec sa main bless\u00e9e. J\u2019apprendrais plus tard que l\u2019une d\u2019elles est la cousine de la jeune fille tu\u00e9e sur l\u2019autoroute vers Menton quelques semaines avant. Elles ne parlent ni fran\u00e7ais, ni anglais. Il faut marcher une centaine de m\u00e8tres pour rejoindre ma voiture et cela prend tr\u00e8s longtemps car l\u2019une marche tr\u00e8s difficilement. J\u2019en profite pour essayer de savoir de quel pays elles sont. \u00c9rythr\u00e9e. Une fois dans la voiture, je constate qu\u2019elles n\u2019ont jamais utilis\u00e9 de ceinture de s\u00e9curit\u00e9. Je suis dans l\u2019embarras de m\u2019approcher d\u2019elles qui ont peur pour leur mettre la ceinture. Elles n\u2019ont pas peur de moi mais dans leurs yeux je lis qu\u2019elles savent que rien n\u2019est gagn\u00e9. Il ne faut pas \u00eatre un g\u00e9nie pour comprendre qu\u2019au long des 6000 km qu\u2019elles ont fait pour arriver jusqu\u2019ici, elles ont fr\u00e9quent\u00e9 la mort et le cort\u00e8ge d\u2019horreurs qu\u2019on n\u2019ose imaginer. Je d\u00e9marre avec \u00e0 mon bord ces filles dont je dois prendre soin et que je dois amener \u00e0 bon port. J\u2019\u00e9teins la radio, la situation est suffisamment incroyable.<br class=\"\" \/> Nous n\u2019arriverons pas \u00e0 Nice. Au p\u00e9age de la Turbie les gendarmes nous arr\u00eatent et nous conduisent \u00e0 la Police de l\u2019Air et des Fronti\u00e8res. Ils m\u2019ont s\u00e9par\u00e9 des \u00c9rythr\u00e9ennes. Ce n\u2019est pas clair ce qu\u2019ils ont fait d\u2019elles mais je ne crois pas qu\u2019elles aient \u00e9t\u00e9 soign\u00e9es. Elles auraient \u00e9t\u00e9 renvoy\u00e9es au sud de l\u2019Italie comme \u00e7a se fait souvent. Les policiers m\u2019ont dit qu\u2019au moins l\u2019une d\u2019elle \u00e9tait mineure. Je n\u2019ai pas r\u00e9ussi \u00e0 les prot\u00e9ger.<br class=\"\" \/> <br class=\"\" \/> Apr\u00e8s 36h de garde \u00e0 vue, j\u2019ai \u00e9t\u00e9 lib\u00e9r\u00e9 sous contr\u00f4le judiciaire. Ma voiture a \u00e9t\u00e9 saisie ainsi que mon t\u00e9l\u00e9phone et je n\u2019ai pas le droit de quitter Nice sauf pour emmener mes enfants \u00e0 l\u2019\u00e9cole mais il n\u2019y pas de transport en commun \u00e0 moins de les r\u00e9veiller \u00e0 5h30 du matin. Mon proc\u00e8s est renvoy\u00e9 au 23 novembre 2016 \u00e0 13h30 \u00e0 la m\u00eame audience que C\u00e9dric Herrou membre d\u2019associations humanitaires qui est \u00e9galement poursuivi pour avoir aid\u00e9 des \u00e9trangers.<br class=\"\" \/> <br class=\"\" \/> Le lendemain de ma lib\u00e9ration, alors que, coup du sort, j\u2019effectuais un point de compression sur un accident\u00e9 de la route qui se vidait de son sang en bas de chez moi, un \u201cjeune migrant\u201d est mort percut\u00e9 par une voiture sur l\u2019autoroute \u00e0 Menton, il a \u00e9t\u00e9 projet\u00e9 par dessus le parapet du viaduc et a fait une chute de plusieurs dizaines de m\u00e8tres. Venu du bout du monde, perdu sur l\u2019autoroute et mort \u00e0 20 km de chez moi.<br class=\"\" \/> <br class=\"\" \/> Mon geste n\u2019est ni politique, ni militant, il est simplement humain et n\u2019importe quel citoyen lambda aurait pu le faire et que ce soit pour l\u2019honneur de notre patrie, pour notre dignit\u00e9 d\u2019hommes libres, pour nos valeurs, nos croyances, par amour ou par compassion nous ne devons pas laisser des victimes mourir devant nos portes. L\u2019histoire et l\u2019actualit\u00e9 nous montrent suffisamment que la discrimination m\u00e8ne aux plus grandes horreurs et pour que l\u2019histoire ne se r\u00e9p\u00e8te plus, nous devons valoriser la solidarit\u00e9 et \u00e9duquer nos enfants par l\u2019exemple.<span class=\"\"><br class=\"\" \/> <br class=\"\" \/> Pierre-Alain Mannoni<\/span><\/p>\n<p>&nbsp;<\/p>\n<p>&nbsp;<\/p>\n<div class=\"entry-content\"><\/div>\n<\/div>\n","protected":false},"excerpt":{"rendered":"<p>lu et copi\u00e9 sur aubanar.lautre.net \u00bb Nous qui n\u2019acceptons les passeurs et l\u2019accueil des clandestins que pendant le lointain temps de l\u2019occupation. Nous qui sommes jug\u00e9s si nous ouvrons nos portes.\u00a0\u00bb extrait de l\u2019intervention faite il y a deux jours\u2026 Re\u00e7u aujourd\u2019hui : Pourquoi j\u2019ai secouru des r\u00e9fugi\u00e9s J\u2019ai 45 ans et 2 enfants. Je [&hellip;]<\/p>\n","protected":false},"author":7964,"featured_media":0,"comment_status":"closed","ping_status":"closed","sticky":false,"template":"","format":"standard","meta":{"footnotes":""},"categories":[1],"tags":[],"class_list":["post-7074","post","type-post","status-publish","format-standard","hentry","category-general"],"_links":{"self":[{"href":"https:\/\/lelaboratoireanarchiste.noblogs.org\/index.php?rest_route=\/wp\/v2\/posts\/7074","targetHints":{"allow":["GET"]}}],"collection":[{"href":"https:\/\/lelaboratoireanarchiste.noblogs.org\/index.php?rest_route=\/wp\/v2\/posts"}],"about":[{"href":"https:\/\/lelaboratoireanarchiste.noblogs.org\/index.php?rest_route=\/wp\/v2\/types\/post"}],"author":[{"embeddable":true,"href":"https:\/\/lelaboratoireanarchiste.noblogs.org\/index.php?rest_route=\/wp\/v2\/users\/7964"}],"replies":[{"embeddable":true,"href":"https:\/\/lelaboratoireanarchiste.noblogs.org\/index.php?rest_route=%2Fwp%2Fv2%2Fcomments&post=7074"}],"version-history":[{"count":3,"href":"https:\/\/lelaboratoireanarchiste.noblogs.org\/index.php?rest_route=\/wp\/v2\/posts\/7074\/revisions"}],"predecessor-version":[{"id":7077,"href":"https:\/\/lelaboratoireanarchiste.noblogs.org\/index.php?rest_route=\/wp\/v2\/posts\/7074\/revisions\/7077"}],"wp:attachment":[{"href":"https:\/\/lelaboratoireanarchiste.noblogs.org\/index.php?rest_route=%2Fwp%2Fv2%2Fmedia&parent=7074"}],"wp:term":[{"taxonomy":"category","embeddable":true,"href":"https:\/\/lelaboratoireanarchiste.noblogs.org\/index.php?rest_route=%2Fwp%2Fv2%2Fcategories&post=7074"},{"taxonomy":"post_tag","embeddable":true,"href":"https:\/\/lelaboratoireanarchiste.noblogs.org\/index.php?rest_route=%2Fwp%2Fv2%2Ftags&post=7074"}],"curies":[{"name":"wp","href":"https:\/\/api.w.org\/{rel}","templated":true}]}}