{"id":7027,"date":"2016-11-18T00:34:23","date_gmt":"2016-11-17T23:34:23","guid":{"rendered":"http:\/\/lelaboratoireanarchiste.noblogs.org\/?p=7027"},"modified":"2016-11-18T15:40:38","modified_gmt":"2016-11-18T14:40:38","slug":"valence-guilherands-granges-un-affichage-va-ten-guerre","status":"publish","type":"post","link":"https:\/\/lelaboratoireanarchiste.noblogs.org\/?p=7027","title":{"rendered":"Valence, Guilherands-Granges  : Un affichage  va t&rsquo;en guerre"},"content":{"rendered":"<p style=\"text-align: left\"><del>Dauphin\u00e9 Lib\u00e9r\u00e9<\/del> le 17 novembre 2016<\/p>\n<p style=\"text-align: left\">Une campagne d&rsquo;affichage sur les panneaux Decaux\u00a0 r\u00e9alis\u00e9e en partenariat\u00a0 avec\u00a0 l&rsquo;aide\u00a0 de deux municipalit\u00e9s<\/p>\n<h3 class=\"r\">Valence | Une reconnaissance notable pour les Spahis<\/h3>\n<div class=\"_Tib\"><\/div>\n<p style=\"text-align: left\">\u00ab\u00a0Des adolescents\u00a0 souriants qui font un\u00a0 un check\u00a0\u00bb \u00e0 des soldats de l&rsquo;op\u00e9ration sentinelles , En arri\u00e8re plan la fontaine monumentale. Et une phrase\u00a0 qui marquent les esprits: \u00a0\u00bb Les Spahis nous d\u00e9fendent\u00a0 nous les soutenons\u00a0\u00bb<\/p>\n<p style=\"text-align: left\">\u00a0\u00bb Cette campagne de soutien unique en Dr\u00f4me Ard\u00e8che \u00a0 \u00e0 leur unit\u00e9 militaire\u00a0 partenaire ,\u00a0\u00a0 cette classe\u00a0 qui\u00a0 fait partie\u00a0 du dispositif national des classes\u00a0 d\u00e9fense\u00a0 et s\u00e9curit\u00e9 globales )Une collaboration\u00a0 qui leur a permis de remporter deux prix dont celui de 2016 concours de photos organis\u00e9 par la commission\u00a0 arm\u00e9es jeunesse<\/p>\n<hr \/>\n<p style=\"text-align: left\"><strong>\u00a0note :<\/strong><i>L\u2019entourage du Maire de Valence ( en photo dans le dauphin\u00e9 lib\u00e9r\u00e9 )est anim\u00e9 d\u2019un nationalisme va-t-en-guerre qui fait froid dans le dos.<\/i> Cette affiche\u00a0 est apparue\u00a0 le 16\/10\/:2016\u00a0 dans les rues de Valence\u00a0 et Guilherand -Granges et <strong>restera\u00a0 tant quel ne soit\u00a0 pas d\u00e9gomm\u00e9e, tagu\u00e9e&#8230;&#8230;<\/strong><\/p>\n<hr \/>\n<p style=\"text-align: center\"><strong>Le saviez vous\u00a0?<\/strong><\/p>\n<p>Le coll\u00e9ge charles de Gaulle de Guilherand \u2013 Granges compte en son sein depuis deux ans une classe \u00ab\u00a0 d\u00e9fense et citoyennet\u00e9 \u00bb<a class=\"sdfootnoteanc\" href=\"#sdfootnote1sym\" name=\"sdfootnote1anc\"><sup>1<\/sup><\/a>Celle -ci a m\u00eame re\u00e7u en mai 2015 le grand prix du jury du concours national\u00a0\u00ab\u00a0 raconte \u2013 moi la d\u00e9fense\u00a0\u00bb pour un reportage intitul\u00e9\u00a0\u00ab\u00a0 des traditions qui soudent \u00bb r\u00e9alis\u00e9 lors d&rsquo;une prise d&rsquo;armes de leur\u00a0\u00ab\u00a0 unit\u00e9 militaire partenaire \u00a0\u00bb, les incontournables Spahis.<\/p>\n<p>Et les traditions \u00e7a s&rsquo;entretient!En avril dernier ( Dauphin\u00e9 du 17\/4), ils honoraient en grande pompe(s) leur \u00ab\u00a0saint patron\u00a0\u00bb ( que les cavaliers partagent avec les scouts), un d\u00e9nomm\u00e9 Georges, briseurs d&rsquo;idoles dans les temps pa\u00efens et terrasseur de Dragon,tr\u00e8s en vogue durant les croisades.<\/p>\n<p>Les Spahis aiment aussi beaucoup les animaux. Ils ont pour mascotte un b\u00e9lier nomm\u00e9 \u00ab\u00a0Yusuf\u00a0\u00bb et sont rentr\u00e9s depuis peu de l&rsquo;op\u00e9ration \u00ab\u00a0Licorne\u00a0\u00bb en C\u00f4te d&rsquo;Ivoire, et de l&rsquo;op\u00e9ration\u00a0\u00bbSangaris\u00a0\u00bb( un papillon, rouge orang\u00e9) en Centrafrique, dont les m\u00e9dias ont un peu parl\u00e9, puis beaucoup moins\u2026 mais c&rsquo;est une autre histoire. Aujourd&rsquo;hui ils recrutent et entrent dans \u00ab<i>\u00a0un cycle de protection int\u00e9rieures<\/i>\u00a0\u00bb( sic), dont l&rsquo;appellation est plus terre \u00e0 terre( Dauphin\u00e9 des 24 et 28\/9. En effet Vigipirate est d\u00e9sormais compl\u00e9t\u00e9 par l&rsquo;op\u00e9ration \u00ab\u00a0 sentinelle\u00a0\u00bb Je subodore quelques mauvais esprits seront tent\u00e9s d&rsquo;ironiser sur ce vocable \u00e9vocateur\u2026<\/p>\n<p>Mis revenons \u00e0 nos coll\u00e9giens , convi\u00e9s tout comme l&rsquo;an pass\u00e9 \u00e0 un moment solennel c\u00e9l\u00e9brant la victoire d&rsquo;Uskub de 1918(Daub\u00e9 du 29\/\/9) Peut-\u00eatre auront -ils remarqu\u00e9 que l&rsquo;article en question ( de 2015) est, pour plus de la moiti\u00e9, la reproduction pure et simple de leur reportage de 2014?L\u00e0 o\u00f9 les choses se corsent, c&rsquo;est quand on lit, en 2014 comme en 2015\u00a0:\u00a0\u00bb avec l&rsquo;hommage aux morts , une vive \u00e9motion a parcouru l&rsquo;assistance lorsque les spahis ont entonn\u00e9 \u00ab\u00a0les Africains\u00a0\u00bb..<\/p>\n<p>Cette charmante chanson , pr\u00e9sente au r\u00e9pertoire officiel de l&rsquo;arm\u00e9e fran\u00e7aise\u00a0 et dans celui des chants scouts, est plus connue en tant que\u00a0\u00bbchant de\u00a0 l&rsquo;OAS\u00a0\u00bbet utilis\u00e9 comme tel par les nostalgiques regrop\u00e9s au sein due l&rsquo;ADIMAD<a class=\"sdfootnoteanc\" href=\"#sdfootnote2sym\" name=\"sdfootnote2anc\"><sup>2<\/sup><\/a> ou du MRAAF.<a class=\"sdfootnoteanc\" href=\"#sdfootnote3sym\" name=\"sdfootnote3anc\"><sup>3<\/sup><\/a>. \u00ab\u00a0 c&rsquo;est nous les africains\u00a0\u00bb a par exemple cl\u00f4tur\u00e9 l&rsquo;inauguration de la statue de \u00ab\u00a0Notre Dame d&rsquo; Afrique\u00a0\u00bb \u00e0 Th\u00e9oule sur mer le premier mai 2014, touchante c\u00e9r\u00e9monie rehauss\u00e9e d&rsquo;une messe en plein air, et organis\u00e9e par les nostalgiques de l&rsquo;Alg\u00e9rie Fran\u00e7aise susnomm\u00e9s.<\/p>\n<p>La citoyennet\u00e9 a un bien curieux visage dans ce coll\u00e8ge de la R\u00e9publique\u00a0! Sont -ce l\u00e0 les \u00ab\u00a0traditions qui soudent\u00a0\u00bb\u00a0? Une question que nous pourrions \u00eatre amen\u00e9s , \u00e0 poser aux responsables de l&rsquo;\u00e9tablissement et au rectorat\u2026.<\/p>\n<p style=\"text-align: center\">\u00a0jean- 6 octobre 2015<\/p>\n<div id=\"sdfootnote1\">\n<p class=\"sdfootnote\"><a class=\"sdfootnotesym\" href=\"#sdfootnote1anc\" name=\"sdfootnote1sym\">1<\/a>L&rsquo;appelation d\u00e9corative , l&rsquo;officielle \u00e9tant \u00ab\u00a0 classe d\u00e9fense et s\u00e9curit\u00e9 globales (CDSG)<\/p>\n<\/div>\n<div id=\"sdfootnote2\">\n<p class=\"sdfootnote\"><a class=\"sdfootnotesym\" href=\"#sdfootnote2anc\" name=\"sdfootnote2sym\">2<\/a>Association de d\u00e9fense des int\u00e9r\u00eat Mat\u00e9rielles et Moraux des Anciens D\u00e9tenus<\/p>\n<\/div>\n<div id=\"sdfootnote3\">\n<p class=\"sdfootnote\"><a class=\"sdfootnotesym\" href=\"#sdfootnote3anc\" name=\"sdfootnote3sym\">3<\/a>M\u00e9moire de la R\u00e9sistance de l&rsquo;Alg\u00e9rie Fran\u00e7aise<\/p>\n<p class=\"sdfootnote\">\u00a0ceText<a href=\"https:\/\/lelaboratoireanarchiste.noblogs.org\/files\/2016\/11\/Sans-nom-9.pdf\">e en PDF <\/a>pr\u00eat \u00e0 circuler<\/p>\n<p class=\"sdfootnote\">ce texte a\u00a0 \u00e9t\u00e9\u00a0 publi\u00e9\u00a0 dans le journal de\u00a0 la libre pens\u00e9e ard\u00e9choise du troisi\u00e8me trimestre 2015<\/p>\n<\/div>\n","protected":false},"excerpt":{"rendered":"<p>Dauphin\u00e9 Lib\u00e9r\u00e9 le 17 novembre 2016 Une campagne d&rsquo;affichage sur les panneaux Decaux\u00a0 r\u00e9alis\u00e9e en partenariat\u00a0 avec\u00a0 l&rsquo;aide\u00a0 de deux municipalit\u00e9s Valence | Une reconnaissance notable pour les Spahis \u00ab\u00a0Des adolescents\u00a0 souriants qui font un\u00a0 un check\u00a0\u00bb \u00e0 des soldats de l&rsquo;op\u00e9ration sentinelles , En arri\u00e8re plan la fontaine monumentale. Et une phrase\u00a0 qui marquent [&hellip;]<\/p>\n","protected":false},"author":7964,"featured_media":0,"comment_status":"closed","ping_status":"closed","sticky":false,"template":"","format":"standard","meta":{"footnotes":""},"categories":[1],"tags":[],"class_list":["post-7027","post","type-post","status-publish","format-standard","hentry","category-general"],"_links":{"self":[{"href":"https:\/\/lelaboratoireanarchiste.noblogs.org\/index.php?rest_route=\/wp\/v2\/posts\/7027","targetHints":{"allow":["GET"]}}],"collection":[{"href":"https:\/\/lelaboratoireanarchiste.noblogs.org\/index.php?rest_route=\/wp\/v2\/posts"}],"about":[{"href":"https:\/\/lelaboratoireanarchiste.noblogs.org\/index.php?rest_route=\/wp\/v2\/types\/post"}],"author":[{"embeddable":true,"href":"https:\/\/lelaboratoireanarchiste.noblogs.org\/index.php?rest_route=\/wp\/v2\/users\/7964"}],"replies":[{"embeddable":true,"href":"https:\/\/lelaboratoireanarchiste.noblogs.org\/index.php?rest_route=%2Fwp%2Fv2%2Fcomments&post=7027"}],"version-history":[{"count":7,"href":"https:\/\/lelaboratoireanarchiste.noblogs.org\/index.php?rest_route=\/wp\/v2\/posts\/7027\/revisions"}],"predecessor-version":[{"id":7036,"href":"https:\/\/lelaboratoireanarchiste.noblogs.org\/index.php?rest_route=\/wp\/v2\/posts\/7027\/revisions\/7036"}],"wp:attachment":[{"href":"https:\/\/lelaboratoireanarchiste.noblogs.org\/index.php?rest_route=%2Fwp%2Fv2%2Fmedia&parent=7027"}],"wp:term":[{"taxonomy":"category","embeddable":true,"href":"https:\/\/lelaboratoireanarchiste.noblogs.org\/index.php?rest_route=%2Fwp%2Fv2%2Fcategories&post=7027"},{"taxonomy":"post_tag","embeddable":true,"href":"https:\/\/lelaboratoireanarchiste.noblogs.org\/index.php?rest_route=%2Fwp%2Fv2%2Ftags&post=7027"}],"curies":[{"name":"wp","href":"https:\/\/api.w.org\/{rel}","templated":true}]}}