{"id":7009,"date":"2016-11-16T00:44:17","date_gmt":"2016-11-15T23:44:17","guid":{"rendered":"http:\/\/lelaboratoireanarchiste.noblogs.org\/?p=7009"},"modified":"2016-11-16T07:20:46","modified_gmt":"2016-11-16T06:20:46","slug":"gilhac-et-bruzac-ardecheparc-eolien-de-planeze-le-vent-nous-porte-sur-le-systheme","status":"publish","type":"post","link":"https:\/\/lelaboratoireanarchiste.noblogs.org\/?p=7009","title":{"rendered":"Gilhac et Bruzac [  Ard\u00e8che] Le parc \u00e9olien de Plan\u00e8ze.;retirer les mains sur la montagne"},"content":{"rendered":"<header>\n<p class=\"infos\"><span class=\"date\"><span class=\"maj\">\u00a0<\/span><\/span><\/p>\n<\/header>\n<figure class=\"ressource-principale\"><img decoding=\"async\" src=\"https:\/\/www.francebleu.fr\/cruiser-production\/2016\/10\/33cb595d-3df6-4c97-9a52-308dd87844ea\/x870x489_870x489_maxstockworld313477.jpg.pagespeed.ic.pf1LR3P3uk.jpg\" alt=\"La plupart des cueilleurs de Dr\u00f4me et d'Ard\u00e9che s'opposent \u00e0 cette g\u00e9olocalisation des coins \u00e0 champignons.\" \/><\/figure>\n<p>En recherchant\u00a0 des champignons vers Gilhac et Bruzac on a crois\u00e9 des zones d\u00e9vast\u00e9es par des engins de chantiers\u00a0 et on a\u00a0 recherch\u00e9: &#8230;<\/p>\n<div class=\"clearfix\">\n<div id=\"sidebar-left\">\n<div class=\"region region-sidebar-first\">\n<div id=\"block-block-1\" class=\"block block-block stripe1pagebg customframeblock stripebox stripe1-box-page-bg\">\n<div class=\"boxborder\">\n<div class=\"bi\">\n<div class=\"bt\"><\/div>\n<figure><a href=\"http:\/\/www.ledauphine.com\/ardeche\/2016\/11\/14\/les-travaux-avancent-avant-l-arrivee-des-eoliennes-fin-mars\"><img decoding=\"async\" src=\"http:\/\/s-www.ledauphine.com\/images\/B8143152-D738-4BED-8BE4-45BB02D0A7FC\/LDL_V0_01\/les-travaux-avancent-avant-l-arrivee-des-eoliennes-fin-mars.jpg\" alt=\"Les travaux avancent avant l\u2019arriv\u00e9e des \u00e9oliennes fin mars\" \/> <\/a><\/figure>\n<h2><del>Dauphin\u00e9 Lib\u00e9r\u00e9<\/del><\/h2>\n<h2>Saint-Georges-les-Bains Les travaux avancent avant l\u2019arriv\u00e9e des \u00e9oliennes fin mars<\/h2>\n<div class=\"contenu\">\n<p>Pour l\u2019instant, il faut encore faire preuve d\u2019un peu d\u2019imagination pour se figurer les cinq \u00e9oliennes qui s\u2019\u00e9l\u00e8veront d\u2019ici<\/p>\n<hr \/>\n<p><strong><u>Parc \u00e9olien de Plan\u00e8ze \u00e0 Saint-Georges-les-Bains <\/u><\/strong><\/p>\n<p><strong>ARRETE PREFECTORAL n\u00b0\u00a02015 098-0009<\/strong> portant autorisation d\u2019exploiter une installation de production d\u2019\u00e9lectricit\u00e9 utilisant l\u2019\u00e9nergie m\u00e9canique du vent par la soci\u00e9t\u00e9 S.A.S. <strong>PARC EOLIEN DE PLANEZE<\/strong> sur la commune de Saint-Georges-les-Bains aux lieux-dits \u00ab\u00a0Plan\u00e8ze\u00a0\u00bb et \u00ab\u00a0Grands Bois<\/p>\n<p><strong>Conclusions du commissaire enqu\u00eateur <\/strong><\/p>\n<p>\u00bb<a title=\"PDF - 39.9 ko\" href=\"http:\/\/www.gilhac-et-bruzac.fr\/IMG\/pdf\/Conclusions_cle6331f71951.pdf\" target=\"_blank\"><img loading=\"lazy\" decoding=\"async\" src=\"http:\/\/www.gilhac-et-bruzac.fr\/local\/cache-vignettes\/L52xH52\/pdf-eb697.png\" alt=\"PDF - 39.9 ko\" width=\"52\" height=\"52\" \/><\/a><\/p>\n<hr \/>\n<p>En R\u00e9sum\u00e9: ce parc \u00e9olien aura un empi\u00e9tement de 100 hectares, et aussi\u00a0 dans cette parti du Vivarais passent les lignes THT qui proviennent s\u00fbrement\u00a0 de la centrale nucl\u00e9aire de Cruas<\/p>\n<p>On vous donne \u00e0 lire\u00a0 une Brochure ( <strong>le vent nous porte sur le syst\u00e8me<\/strong>) qui a circul\u00e9 au laboratoire depuis de longues ann\u00e9es ( 2009-2015) , il suffisait pour porter la critique en acte de prendre le temps\u00a0 de\u00a0 chercher des champignons..<\/p>\n<p>le vent nous porte sur le syst\u00e8me\u00a0 la brochur<a href=\"https:\/\/infokiosques.net\/IMG\/pdf\/Le-vent-nous-porte-A4-64p-NB-fil.pdf\">e en PDF<\/a><\/p>\n<p>&nbsp;<\/p>\n<dl class=\"spip_document_296 spip_documents spip_documents_right\">\n<dt class=\"crayon document-titre-296 spip_doc_titre\"><\/dt>\n<\/dl>\n<h2><\/h2>\n<div class=\"contenu\">\n<p>&nbsp;<\/p>\n<\/div>\n<\/div>\n<\/div>\n<\/div>\n<\/div>\n<\/div>\n<\/div>\n<div id=\"sidebar-right\"><\/div>\n<div id=\"mainContent\">\n<div id=\"content-top\" class=\"clearfix\"><\/div>\n<p>&nbsp;<\/p>\n<div class=\"region region-content\">\n<div id=\"block-system-main\" class=\"block block-system unstyled-block\">\n<div>\n<div id=\"node-22809\" class=\"node node-firma node-promoted clearfix\">\n<div class=\"field-label\">\n<p>&nbsp;<\/p>\n<div class=\"field field-name-field-text3 field-type-text-long field-label-hidden\">\n<div class=\"field-items\">\n<div class=\"field-item even\">Pour vous rendre en voiture chez Parc \u00c9olien De Plan\u00e8ze, vous pouvez calculer et afficher l\u2019itin\u00e9raire de votre localisation \u00e0 Lieu -Grand Bois, Saint-Georges-les-Bains via le plan d&rsquo;acc\u00e8s sous \u00abMon itin\u00e9raire\u00bb.<\/div>\n<\/div>\n<\/div>\n<fieldset class=\"collapsible group-map-view field-group-fieldset form-wrapper collapse-processed\">\n<legend><span class=\"fieldset-legend\"><a class=\"fieldset-title\" href=\"https:\/\/www.energiefrance.info\/societe-parc-eolien-de-planeze-saint-georges-les-bains-22809#\"><span class=\"fieldset-legend-prefix element-invisible\">Masquer<\/span> CART<\/a><\/span><\/legend>\n<legend><\/legend>\n<div class=\"fieldset-wrapper\">\n<div class=\"field field-name-field-gmap field-type-text field-label-hidden\">\n<div class=\"field-items\">\n<div class=\"field-item even\">\n<p class=\"simple-gmap-link\"><a href=\"https:\/\/maps.google.com\/maps?q=Lieu+-Grand+Bois%2C+07800+Saint-Georges-les-Bains%2C+France&amp;hl=fr&amp;iwloc=A&amp;z=14&amp;t=m\" target=\"_blank\">\u00abMon itin\u00e9raire\u00bb Agrandir le plan<\/a><\/p>\n<p class=\"simple-gmap-address\">Lieu -Grand Bois, 07800 Saint-Georges-les-Bains, France<\/p>\n<\/div>\n<\/div>\n<\/div>\n<\/div>\n<\/fieldset>\n<\/div>\n<\/div>\n<\/div>\n<\/div>\n<\/div>\n<\/div>\n<\/div>\n","protected":false},"excerpt":{"rendered":"<p>\u00a0 En recherchant\u00a0 des champignons vers Gilhac et Bruzac on a crois\u00e9 des zones d\u00e9vast\u00e9es par des engins de chantiers\u00a0 et on a\u00a0 recherch\u00e9: &#8230; Dauphin\u00e9 Lib\u00e9r\u00e9 Saint-Georges-les-Bains Les travaux avancent avant l\u2019arriv\u00e9e des \u00e9oliennes fin mars Pour l\u2019instant, il faut encore faire preuve d\u2019un peu d\u2019imagination pour se figurer les cinq \u00e9oliennes qui s\u2019\u00e9l\u00e8veront [&hellip;]<\/p>\n","protected":false},"author":7964,"featured_media":0,"comment_status":"closed","ping_status":"closed","sticky":false,"template":"","format":"standard","meta":{"footnotes":""},"categories":[1],"tags":[],"class_list":["post-7009","post","type-post","status-publish","format-standard","hentry","category-general"],"_links":{"self":[{"href":"https:\/\/lelaboratoireanarchiste.noblogs.org\/index.php?rest_route=\/wp\/v2\/posts\/7009","targetHints":{"allow":["GET"]}}],"collection":[{"href":"https:\/\/lelaboratoireanarchiste.noblogs.org\/index.php?rest_route=\/wp\/v2\/posts"}],"about":[{"href":"https:\/\/lelaboratoireanarchiste.noblogs.org\/index.php?rest_route=\/wp\/v2\/types\/post"}],"author":[{"embeddable":true,"href":"https:\/\/lelaboratoireanarchiste.noblogs.org\/index.php?rest_route=\/wp\/v2\/users\/7964"}],"replies":[{"embeddable":true,"href":"https:\/\/lelaboratoireanarchiste.noblogs.org\/index.php?rest_route=%2Fwp%2Fv2%2Fcomments&post=7009"}],"version-history":[{"count":5,"href":"https:\/\/lelaboratoireanarchiste.noblogs.org\/index.php?rest_route=\/wp\/v2\/posts\/7009\/revisions"}],"predecessor-version":[{"id":7014,"href":"https:\/\/lelaboratoireanarchiste.noblogs.org\/index.php?rest_route=\/wp\/v2\/posts\/7009\/revisions\/7014"}],"wp:attachment":[{"href":"https:\/\/lelaboratoireanarchiste.noblogs.org\/index.php?rest_route=%2Fwp%2Fv2%2Fmedia&parent=7009"}],"wp:term":[{"taxonomy":"category","embeddable":true,"href":"https:\/\/lelaboratoireanarchiste.noblogs.org\/index.php?rest_route=%2Fwp%2Fv2%2Fcategories&post=7009"},{"taxonomy":"post_tag","embeddable":true,"href":"https:\/\/lelaboratoireanarchiste.noblogs.org\/index.php?rest_route=%2Fwp%2Fv2%2Ftags&post=7009"}],"curies":[{"name":"wp","href":"https:\/\/api.w.org\/{rel}","templated":true}]}}