{"id":6657,"date":"2016-10-20T08:51:13","date_gmt":"2016-10-20T06:51:13","guid":{"rendered":"http:\/\/lelaboratoireanarchiste.noblogs.org\/?p=6657"},"modified":"2016-10-20T08:51:20","modified_gmt":"2016-10-20T06:51:20","slug":"isere-zad-chambarans-des-nouvelles-du-bois","status":"publish","type":"post","link":"https:\/\/lelaboratoireanarchiste.noblogs.org\/?p=6657","title":{"rendered":"Is\u00e8re [zad-chambarans] Des nouvelles du bois"},"content":{"rendered":"<p><img loading=\"lazy\" decoding=\"async\" class=\"shrinkToFit\" src=\"https:\/\/zadroybon.files.wordpress.com\/2014\/11\/zone-nord-ouest-11.jpg\" alt=\"https:\/\/zadroybon.files.wordpress.com\/2014\/11\/zone-nord-ouest-11.jpg\" width=\"1215\" height=\"507\" \/><\/p>\n<p><strong>re\u00e7u par mail<\/strong><\/p>\n<p>Salut \u00e0 tout-es\u00a0!<\/p>\n<p>&nbsp;<\/p>\n<p>Cela faisait un bon moment que le vent n\u2019avait pas port\u00e9 jusque sur internet quelques nouvelles de la zone occup\u00e9e des Chambarans\u2026 Mais le vent souffle toujours\u00a0: la temp\u00eate continue\u00a0!<\/p>\n<p>&#8211;Un petit \u00e9tat des lieux juridique\u2026<\/p>\n<p>La nouvelle est presque aussi fra\u00eeche que le vent du Nord\u00a0: le proc\u00e8s du Center Parcs de Roybon va bient\u00f4t red\u00e9marrer, au tribunal de Lyon. En effet, le 3 novembre, le rapporteur public va se prononcer au sujet du \u00ab\u00a0dossier Center Parcs\u00a0\u00bb. Le proc\u00e8s devrait normalement se tenir dans les semaines qui suivront. Seront jug\u00e9s en m\u00eame temps l\u2019appel de Pierre<br \/>\net Vacances et les recours des opposant-es. Pour rappel, Pierre et Vacances demande \u00e0 faire annuler la suspension\u00a0 de l\u2019autorisation de travaux, c\u2019est-\u00e0-dire qu\u2019ils veulent pouvoir continuer leurs travaux m\u00eame si tous les recours ne sont pas encore trait\u00e9s. De leur c\u00f4t\u00e9, les opposant-es font appel sur la destruction des esp\u00e8ces prot\u00e9g\u00e9es et d\u00e9posent un recours sur les probl\u00e8mes d\u2019assainissement dus au projet.<br \/>\nLa r\u00e9ponse du tribunal de Lyon ne doit pas \u00eatre consid\u00e9r\u00e9e comme irr\u00e9futable, car il sera toujours possible par la suite de saisir le conseil d\u2019\u00c9tat ou l\u2019Europe. Mais il y a un risque que Pierre et Vacances puisse red\u00e9marrer les travaux sans avoir \u00e0 attendre la fin des d\u00e9marches juridiques.<br \/>\nSoyons donc pr\u00eat-es \u00e0 redonner souffle \u00e0 la temp\u00eate\u00a0!<br \/>\nEt si jamais le tribunal continue d\u2019emp\u00eacher les travaux\u2026 H\u00e9 bien, nous ne savons pas trop ce que fera Pierre et Vacances. Mais cela nous laissera vraisemblablement plus de temps pour r\u00e9fl\u00e9chir et vivre nos vies\u00a0!<\/p>\n<p>&#8211;<strong>-Un \u00e9v\u00e9nement \u00e0 la Marquise en d\u00e9cembre<\/strong><\/p>\n<p>Nous vous invitons \u00e0 venir nous rejoindre \u00e0 la maison foresti\u00e8re de la Marquise du vendredi soir 2 d\u00e9cembre jusqu\u2019au dimanche 4 pour un nouvel \u00e9v\u00e9nement sur le th\u00e8me de la for\u00eat. Au programme\u00a0: discussions, interlutte, balades, chantiers, contes, concerts, \u2026 Les activit\u00e9s ne vont pas manquer\u00a0! Programme plus d\u00e9taill\u00e9 \u00e0 suivre. A bient\u00f4t dans les\u00a0 bois\u00a0!<\/p>\n<p>Des opposant-es<\/p>\n","protected":false},"excerpt":{"rendered":"<p>re\u00e7u par mail Salut \u00e0 tout-es\u00a0! &nbsp; Cela faisait un bon moment que le vent n\u2019avait pas port\u00e9 jusque sur internet quelques nouvelles de la zone occup\u00e9e des Chambarans\u2026 Mais le vent souffle toujours\u00a0: la temp\u00eate continue\u00a0! &#8211;Un petit \u00e9tat des lieux juridique\u2026 La nouvelle est presque aussi fra\u00eeche que le vent du Nord\u00a0: le [&hellip;]<\/p>\n","protected":false},"author":7964,"featured_media":0,"comment_status":"closed","ping_status":"closed","sticky":false,"template":"","format":"standard","meta":{"footnotes":""},"categories":[1],"tags":[],"class_list":["post-6657","post","type-post","status-publish","format-standard","hentry","category-general"],"_links":{"self":[{"href":"https:\/\/lelaboratoireanarchiste.noblogs.org\/index.php?rest_route=\/wp\/v2\/posts\/6657","targetHints":{"allow":["GET"]}}],"collection":[{"href":"https:\/\/lelaboratoireanarchiste.noblogs.org\/index.php?rest_route=\/wp\/v2\/posts"}],"about":[{"href":"https:\/\/lelaboratoireanarchiste.noblogs.org\/index.php?rest_route=\/wp\/v2\/types\/post"}],"author":[{"embeddable":true,"href":"https:\/\/lelaboratoireanarchiste.noblogs.org\/index.php?rest_route=\/wp\/v2\/users\/7964"}],"replies":[{"embeddable":true,"href":"https:\/\/lelaboratoireanarchiste.noblogs.org\/index.php?rest_route=%2Fwp%2Fv2%2Fcomments&post=6657"}],"version-history":[{"count":1,"href":"https:\/\/lelaboratoireanarchiste.noblogs.org\/index.php?rest_route=\/wp\/v2\/posts\/6657\/revisions"}],"predecessor-version":[{"id":6658,"href":"https:\/\/lelaboratoireanarchiste.noblogs.org\/index.php?rest_route=\/wp\/v2\/posts\/6657\/revisions\/6658"}],"wp:attachment":[{"href":"https:\/\/lelaboratoireanarchiste.noblogs.org\/index.php?rest_route=%2Fwp%2Fv2%2Fmedia&parent=6657"}],"wp:term":[{"taxonomy":"category","embeddable":true,"href":"https:\/\/lelaboratoireanarchiste.noblogs.org\/index.php?rest_route=%2Fwp%2Fv2%2Fcategories&post=6657"},{"taxonomy":"post_tag","embeddable":true,"href":"https:\/\/lelaboratoireanarchiste.noblogs.org\/index.php?rest_route=%2Fwp%2Fv2%2Ftags&post=6657"}],"curies":[{"name":"wp","href":"https:\/\/api.w.org\/{rel}","templated":true}]}}