{"id":6644,"date":"2016-10-19T09:02:30","date_gmt":"2016-10-19T07:02:30","guid":{"rendered":"http:\/\/lelaboratoireanarchiste.noblogs.org\/?p=6644"},"modified":"2016-10-19T09:25:18","modified_gmt":"2016-10-19T07:25:18","slug":"madrid-espagnemutinerie-dans-un-centre-de-retention-administratif","status":"publish","type":"post","link":"https:\/\/lelaboratoireanarchiste.noblogs.org\/?p=6644","title":{"rendered":"Espagne: Mutineries dans les centres de r\u00e9tention \u00ab\u00a0administratif\u00a0\u00bb"},"content":{"rendered":"<h2 class=\"western\"><del>le monde<\/del><span id=\"publisher\"> AFP<\/span> | 19.10.2016<\/h2>\n<p><strong>Madrid (espagne)Mutinerie dans un centre de r\u00e9tention administratif<\/strong><\/p>\n<h2 class=\"western\">Plusieurs dizaines de migrants s\u00e9journant dans un centre de r\u00e9tention pour \u00e9trangers de Madrid ont d\u00e9clench\u00e9 dans la soir\u00e9e du mardi 18\u00a0octobre une mutinerie. <em>\u00ab\u00a0Nous ne savons pas le nombre exact,une\u00a0 quarantaine ils sont mont\u00e9s sur le toit, et l<strong>a police est sur place <\/strong><\/em><\/h2>\n<p><img decoding=\"async\" class=\"lazy-retina\" title=\"JAVIER SORIANO \/ AFP\" src=\"http:\/\/s2.lemde.fr\/image\/2016\/10\/19\/534x0\/5016093_6_d0fb_des-dizaines-de-migrants-se-sont-masses-sur-le_c531b030a186bbea3e329d23bb512342.jpg\" alt=\"Des dizaines de migrants se sont mass\u00e9s sur le toit d\u2019un centre de r\u00e9tention \u00e0 Madrid, le 18\u00a0octobre.\u00a0\u00ab\u00a0Libert\u00e9\u00a0\u00bb, peut-on lire sur leur affiche.\" width=\"534\" \/><\/p>\n<p><strong>les immigr\u00e9s criaient \u00e0 l&rsquo;int\u00e9rieur dignit\u00e9s et libert\u00e9<\/strong> ; de nombreuses personnes ont manifest\u00e9 devant le\u00a0 CIE\u00a0 en criant libert\u00e9<\/p>\n<p>Selon les m\u00e9dias locaux ce mouvement s\u2019est d\u00e9clench\u00e9 vers 22\u00a0heures. Le centre est situ\u00e9 dans le quartier d\u2019Aluche, dans le sud de la capitale espagnole. Selon le quotidien <em>El Pais<\/em>, les migrants avaient auparavant <strong>aveugl\u00e9 des cam\u00e9ras de s\u00e9curit\u00e9 \u00e0 l\u2019int\u00e9rieur de l\u2019immeuble<\/strong> et cass\u00e9 des meubles jusqu\u2019\u00e0 se frayer un chemin vers le toit.<\/p>\n<h2 class=\"western\">\u00ab\u00a0Une institution en \u00e9chec\u00a0\u00bb<\/h2>\n<p>La maire de Madrid Manuela Carmena, une ancienne juge de gauche, a d\u00e9clar\u00e9 qu\u2019elle \u00e9tait pr\u00eate \u00e0 tenter une m\u00e9diation si la pr\u00e9fecture lui en faisait la demande. <em>\u00ab\u00a0Je suis encore inqui\u00e8te face aux \u00e9v\u00e9nements au CIE (Centre de r\u00e9tention), en contact avec la pr\u00e9f\u00e8te Concha Dancausa\u00a0\u00bb<\/em>, a-t-elle \u00e9crit sur son compte Twitter\u00a0: <em>\u00ab\u00a0Les droits de l\u2019homme sont la priorit\u00e9.\u00a0\u00bb<\/em><\/p>\n<p>Sur le r\u00e9seau social, le responsable de la s\u00e9curit\u00e9 au sein de la municipalit\u00e9, Javier Barbero, a, quant \u00e0 lui, d\u00e9nonc\u00e9 ces centres\u00a0: <em>\u00ab\u00a0une institution en \u00e9chec\u00a0\u00bb<\/em>. Il a en outre soulign\u00e9 que la priorit\u00e9 \u00e9tait la <em>\u00ab\u00a0sant\u00e9 et les droits de l\u2019homme des personnes\u00a0\u00bb<\/em>, dans un tweet qu\u2019il a conclu par <em>\u00ab\u00a0CiesNO\u00a0\u00bb<\/em>, <strong>non aux CIE<\/strong>.<\/p>\n<h2 class=\"western\">6\u00a0500 personnes en\u00a02015<\/h2>\n<p>Certaines organisations des droits de l\u2019homme sont en campagne pour la fermeture de ces structures en Espagne, y d\u00e9non\u00e7ant les mauvaises conditions de s\u00e9jour des \u00e9trangers. Dans la nuit de mardi \u00e0 mercredi des militants s\u2019\u00e9taient ainsi mass\u00e9s devant le lieu, criant <em>\u00ab\u00a0libert\u00e9, libert\u00e9\u00a0\u00bb<\/em>.<\/p>\n<p>Quelque 6\u00a0500 personnes sont pass\u00e9es en\u00a02015 par les sept centres de r\u00e9tention existant en dans le pays, <del>selon un rapport diffus\u00e9 en septembre par le service j\u00e9suite d\u2019attention aux migrants (SJM).<\/del> Ces structures accueillent essentiellement des \u00e9trangers n\u2019ayant pas de titre de s\u00e9jour et faisant l\u2019objet d\u2019une proc\u00e9dure d\u2019expulsion. Mais l\u2019ONG y a aussi trouv\u00e9 des malades, des victimes de traite d\u2019\u00eatres humains, des mineurs et des demandeurs d\u2019asile.<\/p>\n<p><strong>le 24 ao\u00fbt en pleine nuit\u00a0 19 personnes se sont\u00a0 enfui de ce centre<\/strong><\/p>\n<hr \/>\n<div class=\"\">\n<p>Br\u00e8ves du D\u00e9sordre<\/p>\n<p><strong><span id=\"publisher\">Sangonera (Murcie, Espagne)\u00a0: mutinerie et \u00e9vasion collective du centre de r\u00e9tention<\/span><\/strong><\/p>\n<p><strong>\u00a0une vingtaine de migrants en fuite apr\u00e8s une mutinerie dans un centre<\/strong><\/p>\n<p><img loading=\"lazy\" decoding=\"async\" title=\"Imagen del CIE de Murcia tras la fuga de 67 inmigrantes. \" src=\"http:\/\/ep01.epimg.net\/politica\/imagenes\/2016\/10\/06\/actualidad\/1475740180_917449_1475765089_noticia_normal.jpg\" alt=\"Imagen del CIE de Murcia tras la fuga de 67 inmigrantes. \" width=\"980\" height=\"549\" \/><\/p>\n<p>AFP \/ 06 octobre 2016 14h17<\/p>\n<p><i>Madrid &#8211; La police espagnole recherchait jeudi 26 migrants \u00e9chapp\u00e9s d\u2019un centre de r\u00e9tention du sud-est de l\u2019Espagne \u00e0 la faveur d\u2019une mutinerie la veille au soir, durant laquelle cinq policiers ont \u00e9t\u00e9 l\u00e9g\u00e8rement bless\u00e9s, a-t-on appris aupr\u00e8s des autorit\u00e9s.<\/i><\/p>\n<p><strong>Mercredi soir, 67 migrants \u00e9taient parvenus \u00e0 s\u2019enfuir de l\u2019\u00e9tablissement public o\u00f9 \u00e9taient retenus 127 \u00e9trangers sans titre de s\u00e9jour, \u00e0 Sangonera, pr\u00e8s de Murcie, a indiqu\u00e9 \u00e0 l\u2019AFP la pr\u00e9fecture de r\u00e9gion.<\/strong><\/p>\n<p><strong>En milieu de journ\u00e9e, il en manquait encore 26<\/strong>, quasiment tous de nationalit\u00e9 alg\u00e9rienne, a indiqu\u00e9 une porte-parole de la pr\u00e9fecture.<\/p>\n<p>Selon une porte-parole de la police nationale \u00e0 Murcie, <strong>un des \u00e9trangers a d\u2019abord feint d\u2019\u00eatre malade et quand l\u2019ambulance est entr\u00e9e pour l\u2019extraire, les autres se sont mutin\u00e9s.<\/strong><\/p>\n<p><strong>Au cours de la r\u00e9volte, des hommes ont agress\u00e9 les cinq policiers qui venaient porter secours au migrant suppos\u00e9 malade, selon la m\u00eame source. Ils se sont arm\u00e9s d\u2019extincteurs du centre, ont cass\u00e9 les acc\u00e8s au centre et sont parvenus \u00e0 s\u2019enfuir.<\/strong><\/p>\n<p>Cinq policiers ont \u00e9t\u00e9 bless\u00e9s, victimes de nombreuses contusions et traumatismes, selon la pr\u00e9fecture.<\/p>\n<p>Seuls des hommes sont retenus au centre de r\u00e9tention de Sangonera qui a connu ces derni\u00e8res ann\u00e9es d\u2019autres \u00e9pisodes du m\u00eame type. Selon le Syndicat unifi\u00e9 de la police (SUP), <strong>dix hommes s\u2019\u00e9taient ainsi enfuis le 21 ao\u00fbt, dans des conditions comparables.<\/strong><\/p>\n<p>Le syndicat a exig\u00e9 dans un communiqu\u00e9 la fermeture imm\u00e9diate du centre, en d\u00e9non\u00e7ant des carences en mati\u00e8re de s\u00e9curit\u00e9 et un manque de personnel.<\/p>\n<p>Quelque 6.500 personnes sont pass\u00e9es en 2015 par les sept centres de r\u00e9tention existant en Espagne, selon un rapport diffus\u00e9 en septembre par le Service j\u00e9suite d\u2019attention aux migrants (SJM).<\/p>\n<p>Ces centres accueillent essentiellement des \u00e9trangers n\u2019ayant pas de titre de s\u00e9jour et faisant l\u2019objet d\u2019une proc\u00e9dure d\u2019expulsion. Mais l\u2019ONG y a aussi trouv\u00e9 des malades, des victimes de traite d\u2019\u00eatres humains, des mineurs et des demandeurs d\u2019asile.<\/p>\n<\/div>\n","protected":false},"excerpt":{"rendered":"<p>le monde AFP | 19.10.2016 Madrid (espagne)Mutinerie dans un centre de r\u00e9tention administratif Plusieurs dizaines de migrants s\u00e9journant dans un centre de r\u00e9tention pour \u00e9trangers de Madrid ont d\u00e9clench\u00e9 dans la soir\u00e9e du mardi 18\u00a0octobre une mutinerie. \u00ab\u00a0Nous ne savons pas le nombre exact,une\u00a0 quarantaine ils sont mont\u00e9s sur le toit, et la police est [&hellip;]<\/p>\n","protected":false},"author":7964,"featured_media":0,"comment_status":"closed","ping_status":"closed","sticky":false,"template":"","format":"standard","meta":{"footnotes":""},"categories":[1],"tags":[],"class_list":["post-6644","post","type-post","status-publish","format-standard","hentry","category-general"],"_links":{"self":[{"href":"https:\/\/lelaboratoireanarchiste.noblogs.org\/index.php?rest_route=\/wp\/v2\/posts\/6644","targetHints":{"allow":["GET"]}}],"collection":[{"href":"https:\/\/lelaboratoireanarchiste.noblogs.org\/index.php?rest_route=\/wp\/v2\/posts"}],"about":[{"href":"https:\/\/lelaboratoireanarchiste.noblogs.org\/index.php?rest_route=\/wp\/v2\/types\/post"}],"author":[{"embeddable":true,"href":"https:\/\/lelaboratoireanarchiste.noblogs.org\/index.php?rest_route=\/wp\/v2\/users\/7964"}],"replies":[{"embeddable":true,"href":"https:\/\/lelaboratoireanarchiste.noblogs.org\/index.php?rest_route=%2Fwp%2Fv2%2Fcomments&post=6644"}],"version-history":[{"count":10,"href":"https:\/\/lelaboratoireanarchiste.noblogs.org\/index.php?rest_route=\/wp\/v2\/posts\/6644\/revisions"}],"predecessor-version":[{"id":6654,"href":"https:\/\/lelaboratoireanarchiste.noblogs.org\/index.php?rest_route=\/wp\/v2\/posts\/6644\/revisions\/6654"}],"wp:attachment":[{"href":"https:\/\/lelaboratoireanarchiste.noblogs.org\/index.php?rest_route=%2Fwp%2Fv2%2Fmedia&parent=6644"}],"wp:term":[{"taxonomy":"category","embeddable":true,"href":"https:\/\/lelaboratoireanarchiste.noblogs.org\/index.php?rest_route=%2Fwp%2Fv2%2Fcategories&post=6644"},{"taxonomy":"post_tag","embeddable":true,"href":"https:\/\/lelaboratoireanarchiste.noblogs.org\/index.php?rest_route=%2Fwp%2Fv2%2Ftags&post=6644"}],"curies":[{"name":"wp","href":"https:\/\/api.w.org\/{rel}","templated":true}]}}