{"id":6593,"date":"2016-10-14T15:28:15","date_gmt":"2016-10-14T13:28:15","guid":{"rendered":"http:\/\/lelaboratoireanarchiste.noblogs.org\/?p=6593"},"modified":"2016-10-15T00:48:46","modified_gmt":"2016-10-14T22:48:46","slug":"valence-drometgi-premier-acte-du-ptroces-de-la-mutinerie-du-2509centre-penitentiaire","status":"publish","type":"post","link":"https:\/\/lelaboratoireanarchiste.noblogs.org\/?p=6593","title":{"rendered":"Valence (Dr\u00f4me) [terrorisme d&rsquo;\u00e9tat] TGI premier acte du proc\u00e9s de la  mutinerie  du  25\/\/09centre p\u00e9nitentiaire"},"content":{"rendered":"<div id=\"zone_mainTop\">\u00a0<del>dauphin\u00e9 Lib\u00e9r\u00e9<\/del> <strong>14\/10\/2016 \u00e0 14:40<\/strong><\/div>\n<div id=\"side1\">\n<article class=\"article drome\">\n<div id=\"zone_mainTop\"><\/div>\n<div id=\"side1\">\n<article class=\"article drome\">\n<h1><span class=\"surtitre\">DR\u00d4ME<\/span> Mutinerie au centre p\u00e9nitentiaire de Valence : l&rsquo;affaire renvoy\u00e9e au 6 janvier<\/h1>\n<\/article>\n<\/div>\n<div class=\"multimediaGallery\">\n<div id=\"sync1\" class=\"owl-carousel owl-theme\">\n<div class=\"owl-wrapper-outer autoHeight\">\n<div class=\"owl-wrapper\">\n<div class=\"owl-item\">\n<div class=\"item\">\n<figure><a class=\"zoomMedia\" title=\"Photo Le DL\/Fabrice HEBRARD\" href=\"http:\/\/s-www.ledauphine.com\/images\/8478EF3E-94C7-4255-9220-1EFAD8EEC3AE\/LDL_V0_12\/photo-le-dl-fabrice-hebrard-1476433619.jpg\"> <img decoding=\"async\" src=\"http:\/\/s-www.ledauphine.com\/images\/8478EF3E-94C7-4255-9220-1EFAD8EEC3AE\/LDL_V0_06\/photo-le-dl-fabrice-hebrard-1476433619.jpg\" alt=\"Photo Le DL\/Fabrice HEBRARD\" \/><\/a><figcaption>Photo Le DL\/Fabrice HEBRARD<\/figcaption><\/figure>\n<\/div>\n<\/div>\n<div class=\"owl-item\">\n<div class=\"item\">\n<figure><a class=\"zoomMedia\" title=\"Photo Le DL\/Fabrice HEBRARD\" href=\"http:\/\/s-www.ledauphine.com\/images\/D9A74DE4-1493-4881-A4B4-57623665FF9C\/LDL_V0_12\/photo-le-dl-fabrice-hebrard-1476433619.jpg\"> <img decoding=\"async\" src=\"http:\/\/s-www.ledauphine.com\/images\/D9A74DE4-1493-4881-A4B4-57623665FF9C\/LDL_V0_06\/photo-le-dl-fabrice-hebrard.jpg\" alt=\"Photo Le DL\/Fabrice HEBRARD\" \/><\/a><figcaption>Photo Le DL\/Fabrice HEBRARD<\/figcaption><\/figure>\n<\/div>\n<\/div>\n<\/div>\n<\/div>\n<\/div>\n<\/div>\n<\/article>\n<\/div>\n<div class=\"contenu\">\n<div class=\"column\">\n<p><strong>14 H 40 : <\/strong>l&rsquo;affaire est renvoy\u00e9e au 6 janvier.\u00e0 14h<\/p>\n<p><strong>14 H 22 : <\/strong>les trois pr\u00e9venus, Omar Top El Hadj, Aziz Bouzida et Joseph Marino, pr\u00e9sent\u00e9s devant le tribunal correctionnel de Valence dans le cadre d&rsquo;une proc\u00e9dure en comparution imm\u00e9diate, ont demand\u00e9 un d\u00e9lai afin de pr\u00e9parer leur d\u00e9fense.<\/p>\n<p><strong>10 H 24 : <\/strong>acc\u00e8s filtr\u00e9 par les policiers, interdiction de stationner. Ce vendredi matin, le palais de justice de Valence est plac\u00e9 sous tr\u00e8s haute surveillance.<\/p>\n<p>Un important dispositif de policiers quadrille le secteur. Plus de 50 effectifs de la Direction d\u00e9partementale de la s\u00e9curit\u00e9 publique de la Dr\u00f4me, et des hommes de l\u2019unit\u00e9 d\u2019\u00e9lite du RAID sont mobilis\u00e9s.<\/p>\n<p>Les trois hommes, qui \u00e9taient, le 25 septembre, d\u00e9tenus dans le quartier maison centrale du centre p\u00e9nitentiaire de Valence, <del>pourraient \u00eatre pr\u00e9sent\u00e9s, dans l\u2019apr\u00e8s-midi, au tribunal correctionnel, dans le cadre d\u2019une proc\u00e9dure en comparution imm\u00e9diate.<\/del><\/p>\n<\/div>\n<\/div>\n<hr \/>\n<div class=\"contenu\">\n<header>\n<p class=\"infos\"><span class=\"date\"><del>\u00a0France bleu drome Ard\u00e8che<\/del> vendredi 14 octobre 2016 \u00e0 16:04 <\/span><\/p>\n<h1><strong>Mutinerie \u00e0 la prison de Valence : proc\u00e8s des 3 d\u00e9tenus renvoy\u00e9 au 6 janvier<\/strong><\/h1>\n<\/header>\n<figure class=\"ressource-principale\"><img decoding=\"async\" src=\"https:\/\/www.francebleu.fr\/cruiser-production\/2016\/10\/af5790ff-9321-4710-abe5-63be72857c3f\/x870x489_img_5712.jpg.pagespeed.ic.So82vPYqXi.jpg\" alt=\"60 policiers dont une \u00e9quipe du RAID \u00e9taient mobilis\u00e9s, ce vendredi, devant le palais de justice de Valence.\" \/><figcaption>60 policiers dont une \u00e9quipe du RAID \u00e9taient mobilis\u00e9s, ce vendredi, devant le palais de justice de Valence.<\/figcaption><\/figure>\n<div class=\"corps\">\n<p class=\"chapo\">Les trois d\u00e9tenus, suspect\u00e9s d&rsquo;\u00eatre responsables de la mutinerie \u00e0 la prison de Valence ont \u00e9t\u00e9 pr\u00e9sent\u00e9s devant le tribunal correctionnel, ce vendredi. Un important dispositif de s\u00e9curit\u00e9 a \u00e9t\u00e9 d\u00e9ploy\u00e9. Le proc\u00e8s d&rsquo; Omar Top El Hadj, Aziz Bouzida et Joseph Marino a \u00e9t\u00e9 renvoy\u00e9 au 6 janvier.<\/p>\n<p>Ce vendredi matin, les trois d\u00e9tenus suspect\u00e9s d\u2019\u00eatre \u00e0 l&rsquo;origine de la mutinerie de la prison Valence, du 25 septembre, ont \u00e9t\u00e9 d\u00e9f\u00e9r\u00e9s devant le parquet. <strong>Omar Top El Hadj, 37 ans, Aziz Bouzida, 28 ans, et Joseph Marino, 42 ans, ont ensuite \u00e9t\u00e9 pr\u00e9sent\u00e9s au tribunal correctionnel<\/strong>, dans le cadre d&rsquo;une proc\u00e9dure de comparution imm\u00e9diate.<\/p>\n<div id=\"sas_28990\"><\/div>\n<p>Ces trois d\u00e9tenus sont suspect\u00e9s d&rsquo;avoir <strong>agress\u00e9 des surveillants de la prison de Valence, le 25 septembre dernier,<\/strong> puis d&rsquo;avoir d\u00e9rob\u00e9 les clefs pour ouvrir plusieurs cellules d&rsquo;un des b\u00e2timents de la \u00ab\u00a0maison centrale\u00a0\u00bb du centre p\u00e9nitentiaire de Valence. <strong>Des cam\u00e9ras, des r\u00e9frig\u00e9rateurs, des machines \u00e0 laver, des t\u00e9l\u00e9viseurs, des vitres avaient \u00e9galement \u00e9t\u00e9 cass\u00e9es. Des matelas avaient \u00e9t\u00e9 incendi\u00e9s.<\/strong><\/p>\n<h2>60 policiers mobilis\u00e9s dont une \u00e9quipe du RAID<\/h2>\n<p><strong>Un de ces trois d\u00e9tenus, Omar Top El Hadj, 37 ans, a \u00e9t\u00e9 condamn\u00e9 pour braquages et tirs sur des policiers et il s&rsquo;\u00e9tait \u00e9vad\u00e9 de la \u00ab\u00a0maison centrale\u00a0\u00bb de Moulins en 2009<\/strong>.<\/p>\n<p>Ce vendredi matin, le dispositif de s\u00e9curit\u00e9 mis en place au palais de justice de Valence \u00e9tait donc tr\u00e8s important. <strong>Une soixantaine de policiers ont \u00e9t\u00e9 mobilis\u00e9s, dont une \u00e9quipe de l&rsquo;unit\u00e9 d&rsquo;\u00e9lite du RAID<\/strong>. Tout le monde, m\u00eame les avocats des trois d\u00e9tenus ont \u00e9t\u00e9 fouill\u00e9s \u00e0 l&rsquo;entr\u00e9e. Dans la salle d&rsquo;audience, une douzaine de policiers \u00e9taient pr\u00e9sents. Dans le box des pr\u00e9venus, trois policiers \u00e9taient mobilis\u00e9s ainsi que trois hommes de l&rsquo;unit\u00e9 d&rsquo;\u00e9lite du RAID, cagoul\u00e9s.<\/p>\n<figure><img decoding=\"async\" src=\"https:\/\/www.francebleu.fr\/cruiser-production\/2016\/10\/22b40d5a-f176-4e29-84e2-952a94a78488\/x860_img_5718.jpg.pagespeed.ic.6PpyQaVPVb.jpg\" alt=\"Une vingtaine de policiers, dont trois du RAID \u00e9taient pr\u00e9sents dans la salle d'audience, ce vendredi, au palais de justice de Valence. - Radio France\" width=\"860\" \/><figcaption>Une<strong> vingtaine de policiers, dont trois du RAID<\/strong> \u00e9taient pr\u00e9sents dans la salle d&rsquo;audience, ce vendredi, au palais de justice de Valence.<\/figcaption><\/figure>\n<h2>Proc\u00e8s des 3 d\u00e9tenus renvoy\u00e9 au 6 janvier<\/h2>\n<p>Les trois d\u00e9tenus ont demand\u00e9 un d\u00e9lai afin de pr\u00e9parer leur d\u00e9fense. <strong>Leur proc\u00e8s a donc \u00e9t\u00e9 renvoy\u00e9 au 6 janvier prochain.<\/strong><\/p>\n<hr \/>\n<p>Le spectacle continue..\u00a0\u00bb Derri\u00e8re le spectacle, il y avait la vie r\u00e9elle\u00a0 qui a \u00e9t\u00e9 d\u00e9port\u00e9 \u00e0 l&rsquo;\u00e9cran\u00a0\u00bb<\/p>\n<\/div>\n<div class=\"corps\"><\/div>\n<\/div>\n<div class=\"contenu\">\n<p>Une audience qui s&rsquo;est d\u00e9roul\u00e9, l\u00e0 encore, plac\u00e9e sous tr\u00e8s haute surveillance avec fouille \u00e0 corps des proches des inculp\u00e9s \u00e0 l&rsquo;ext\u00e9rieur du TGI et avant d&rsquo;entrer en salle d&rsquo;audience contr\u00f4le des papiers d&rsquo;identit\u00e9 et t\u00e9l\u00e9phone au fichier central.<\/p>\n<div class=\"column\">\n<p>&nbsp;<\/p>\n<\/div>\n<\/div>\n","protected":false},"excerpt":{"rendered":"<p>\u00a0dauphin\u00e9 Lib\u00e9r\u00e9 14\/10\/2016 \u00e0 14:40 DR\u00d4ME Mutinerie au centre p\u00e9nitentiaire de Valence : l&rsquo;affaire renvoy\u00e9e au 6 janvier Photo Le DL\/Fabrice HEBRARD Photo Le DL\/Fabrice HEBRARD 14 H 40 : l&rsquo;affaire est renvoy\u00e9e au 6 janvier.\u00e0 14h 14 H 22 : les trois pr\u00e9venus, Omar Top El Hadj, Aziz Bouzida et Joseph Marino, pr\u00e9sent\u00e9s devant [&hellip;]<\/p>\n","protected":false},"author":7964,"featured_media":0,"comment_status":"closed","ping_status":"closed","sticky":false,"template":"","format":"standard","meta":{"footnotes":""},"categories":[1],"tags":[],"class_list":["post-6593","post","type-post","status-publish","format-standard","hentry","category-general"],"_links":{"self":[{"href":"https:\/\/lelaboratoireanarchiste.noblogs.org\/index.php?rest_route=\/wp\/v2\/posts\/6593","targetHints":{"allow":["GET"]}}],"collection":[{"href":"https:\/\/lelaboratoireanarchiste.noblogs.org\/index.php?rest_route=\/wp\/v2\/posts"}],"about":[{"href":"https:\/\/lelaboratoireanarchiste.noblogs.org\/index.php?rest_route=\/wp\/v2\/types\/post"}],"author":[{"embeddable":true,"href":"https:\/\/lelaboratoireanarchiste.noblogs.org\/index.php?rest_route=\/wp\/v2\/users\/7964"}],"replies":[{"embeddable":true,"href":"https:\/\/lelaboratoireanarchiste.noblogs.org\/index.php?rest_route=%2Fwp%2Fv2%2Fcomments&post=6593"}],"version-history":[{"count":11,"href":"https:\/\/lelaboratoireanarchiste.noblogs.org\/index.php?rest_route=\/wp\/v2\/posts\/6593\/revisions"}],"predecessor-version":[{"id":6606,"href":"https:\/\/lelaboratoireanarchiste.noblogs.org\/index.php?rest_route=\/wp\/v2\/posts\/6593\/revisions\/6606"}],"wp:attachment":[{"href":"https:\/\/lelaboratoireanarchiste.noblogs.org\/index.php?rest_route=%2Fwp%2Fv2%2Fmedia&parent=6593"}],"wp:term":[{"taxonomy":"category","embeddable":true,"href":"https:\/\/lelaboratoireanarchiste.noblogs.org\/index.php?rest_route=%2Fwp%2Fv2%2Fcategories&post=6593"},{"taxonomy":"post_tag","embeddable":true,"href":"https:\/\/lelaboratoireanarchiste.noblogs.org\/index.php?rest_route=%2Fwp%2Fv2%2Ftags&post=6593"}],"curies":[{"name":"wp","href":"https:\/\/api.w.org\/{rel}","templated":true}]}}