{"id":6577,"date":"2016-10-14T10:11:46","date_gmt":"2016-10-14T08:11:46","guid":{"rendered":"http:\/\/lelaboratoireanarchiste.noblogs.org\/?p=6577"},"modified":"2016-10-14T12:49:59","modified_gmt":"2016-10-14T10:49:59","slug":"terrorisme-detat-nouveau-centre-penitentiaire-en-polynesie","status":"publish","type":"post","link":"https:\/\/lelaboratoireanarchiste.noblogs.org\/?p=6577","title":{"rendered":"[Terrorisme d&rsquo;\u00e9tat]  UN nouveau centre p\u00e9nitentiaire en Polyn\u00e9sie"},"content":{"rendered":"<p>Apr\u00e8s le rassemblement du 13\/:10 devant le TGI de Valence pour la<a href=\"https:\/\/lelaboratoireanarchiste.noblogs.org\/post\/2016\/10\/09\/valence-drome-appel-a-la-solidarite-active\"> comparution de A<\/a>.<\/p>\n<hr \/>\n<p><img decoding=\"async\" class=\"not-responsive\" title=\"La prison de Papeari sort de terre\" src=\"http:\/\/www.tahiti-infos.com\/photo\/art\/default\/6761434-10335920.jpg?v=1403838531\" alt=\"La prison de Papeari sort de terre\" width=\"683\" \/><\/p>\n<p>pour nous c&rsquo;est important\u00a0 de\u00a0 faire savoir \u00e0 toute et tous la propagande d\u00e9vers\u00e9e \u00e0 la fin de formation\u00a0 des surveillants.. et surtout comment l&rsquo;\u00e9tat fran\u00e7ais propose du travail \u00e0 des\u00a0 personnes qui ont servi de\u00a0 test\u00a0 apr\u00e8s Tchernobyl le dernier essai nucl\u00e9aire a eu lieu en1996.\u00a0 <strong>dans le pacifique pour parfaire les projets Ethos, CORE et Sage. <\/strong>Cette ann\u00e9e est\u00a0 charni\u00e8re\u00a0 pour la carri\u00e8re politique de Michel Rrivas<strong>i <\/strong>c<a href=\"https:\/\/lelaboratoireanarchiste.noblogs.org\/files\/2016\/10\/lobby_nucleaire.pdf\">&lsquo;\u00e9tait la fin de la pr\u00e9sidence \u00e0 la Criirad<\/a><strong>, <\/strong>car il fallait qu&rsquo;elle se pr\u00e9sente avec l&rsquo;\u00e9tiquette du Parti socialiste La politique fran\u00e7aise est utile\u00a0 pour pacifier et utiliser \u00e0 leur profit les populations\u00a0 des \u00eeles\u00a0 du pacifique:<strong><br \/>\n<\/strong><\/p>\n<p>Concernant cette nouvelle Infrastructure de contr\u00f4le la politique coloniale: le<strong> futur centre p\u00e9nitentiaire de <\/strong><b>Papeari. (<\/b>voir l&rsquo;article consacr\u00e9 \u00e0 ce <a href=\"http:\/\/www.tahiti-infos.com\/Centre-de-detention-de-Papeari-les-premiers-detenus-attendus-pour-debut-2017_a135510.html\">centre p\u00e9nitentiaire ici<\/a>)<\/p>\n<p>On publie un texte trouv\u00e9 sur internet,apr\u00e8s cet article du canard encha\u00een\u00e9<\/p>\n<p><a href=\"http:\/\/robindeslois.org\/wp-content\/uploads\/2016\/10\/IMG_76641.jpg\"><img decoding=\"async\" class=\"alignnone size-full wp-image-5803\" src=\"http:\/\/robindeslois.org\/wp-content\/uploads\/2016\/10\/IMG_76641.jpg\" alt=\"img_76641\" width=\"864\" \/><\/a><\/p>\n<div id=\"retour2\">\u00a0ceci:<\/div>\n<div id=\"general\">\n<h3>C\u00e9r\u00e9monie de fin de formation et de bapt\u00eame de la 190\u00e8me promotion de surveillants pr\u00e9sid\u00e9e par Manuel Valls, Premier ministre<br \/>\nle 10\/10\/2016<\/h3>\n<div id=\"general\">\n<p><br title=\"Voir les images\" \/>Jeudi 06 octobre 2016 s\u2019est d\u00e9roul\u00e9e la c\u00e9r\u00e9monie de fin de formation de la 190\u00e8me promotion de surveillants. <strong>Cette c\u00e9r\u00e9monie \u00e9tait plac\u00e9e sous la pr\u00e9sidence de Monsieur le Premier Ministre Manuel Valls, accompagn\u00e9 de Monsieur le garde des Sceaux, ministre de la Justice, Jean-Jacques Urvoas, <\/strong>Monsieur Matthias Fekl, secr\u00e9taire d\u2019Etat au commerce ext\u00e9rieur et d\u00e9put\u00e9 de Lot-et-Garonne, Monsieur Philippe Galli, directeur de l\u2019administration p\u00e9nitentiaire, Madame Patricia Willaert, pr\u00e9fet de Lot-et-Garonne, et Madame Sophie Bleuet, directrice de l\u2019Enap, en pr\u00e9sence des autorit\u00e9s civiles et militaires du d\u00e9partement, des \u00e9l\u00e8ves et stagiaires, des personnels de l\u2019Ecole et des familles et invit\u00e9s des \u00e9l\u00e8ves mis \u00e0 l\u2019honneur.<\/p>\n<p>La 190\u00e8me promotion de surveillants comprend 369 stagiaires : 277 hommes et 92 femmes. Elle est compos\u00e9e pour plus de la moiti\u00e9 d\u2019\u00e9l\u00e8ves polyn\u00e9siens : 218 \u00e9l\u00e8ves recrut\u00e9s localement, sur pr\u00e8s de 7.000 candidats. Ils rejoindront la Polyn\u00e9sie fran\u00e7aise, entre le 13 octobre et le 20 d\u00e9cembre, en raison du d\u00e9lai de livraison du centre de d\u00e9tention de Papeari. Cette promotion compte \u00e9galement 39 \u00e9l\u00e8ves impliqu\u00e9s dans le dispositif du d\u00e9fil\u00e9 du 14 juillet sur les Champs Elys\u00e9es.<\/p>\n<p>Lors de son discours, Sophie Bleuet, directrice de l\u2019Enap, a tenu \u00e0 <strong>remercier les \u00e9l\u00e8ves Polyn\u00e9siens pour leur comportement exemplaire<\/strong> et la chaleur humaine qu\u2019ils ont communiqu\u00e9e durant leur formation :<\/p>\n<p>\u00ab Ils ont \u00e9clair\u00e9 le campus, et m\u00eame la ville d\u2019Agen, de leur gait\u00e9, leur joie de vivre, leur sens de l\u2019\u00e9change et du partage. Ils ont ravi leurs coll\u00e8gues et hi\u00e9rarchies des \u00e9tablissements de stage, par leur curiosit\u00e9, leur disponibilit\u00e9 sans faille. Ils sont courageux, attach\u00e9s \u00e0 leur culture et leur famille. \u00bb<\/p>\n<p>\u00ab Ces jeunes professionnels sont les forces vives qui vont rejoindre leurs coll\u00e8gues de terrain, coll\u00e8gues qui les attendent tant, pour compl\u00e9ter leurs rangs et pour leur amener ce souffle nouveau que les stagiaires doivent apporter sur le terrain depuis l\u2019Ecole \u00bb.<\/p>\n<p><a title=\"Lire le discours de Sophie Bleuet, directrice de l\u2019Enap\" href=\"http:\/\/www.enap.justice.fr\/files\/ceremonie_svt190_06oct2016_discoursSBleuet.pdf\" target=\"_blank\">Lire le discours de Sophie Bleuet, directrice de l\u2019Enap<\/a><\/p>\n<p>Lors de la c\u00e9r\u00e9monie, le Premier ministre, le garde des Sceaux, le directeur de l\u2019administration p\u00e9nitentiaire et la directrice de l\u2019Enap ont remis la m\u00e9daille p\u00e9nitentiaire \u00e0 quatre personnels de l\u2019Ecole, puis la m\u00e9daille de l\u2019Ecole au major de la 190\u00e8me promotion et les attestations de formation aux laur\u00e9ats.<\/p>\n<p>Les \u00e9l\u00e8ves surveillants, lieutenants p\u00e9nitentiaires et directeurs des services p\u00e9nitentiaires ayant particip\u00e9 au d\u00e9fil\u00e9 ont ensuite chant\u00e9 pour la premi\u00e8re fois \u00ab <strong>l\u2019Enapienne <\/strong>\u00bb. Pendant les r\u00e9p\u00e9titions du d\u00e9fil\u00e9 \u00e0 Satory, les \u00e9l\u00e8ves ont vite saisi l\u2019importance du chant militaire pour la coordination de l\u2019ordre serr\u00e9. A l\u2019instar des troupes pr\u00e9sentes pour la pr\u00e9paration de la f\u00eate nationale, les \u00e9l\u00e8ves de l\u2019Enap ont alors r\u00e9dig\u00e9 un chant propre \u00e0 l\u2019administration p\u00e9nitentiaire. Ainsi \u00ab L\u2019Enapienne \u00bb a trouv\u00e9 ses vers entre Satory et les Champs Elys\u00e9es. Ce 6 octobre, les \u00e9l\u00e8ves se voyaient honor\u00e9s de pr\u00e9senter ce chant devant le Premier Ministre et le garde des Sceaux.<\/p>\n<p><a title=\"Voir les paroles de l'Enapienne\" href=\"http:\/\/www.enap.justice.fr\/files\/enapienne.pdf\" target=\"_blank\">Voir les paroles de l&rsquo;Enapienne<\/a><\/p>\n<p>Pr\u00e9sents \u00e0 l&rsquo;Enap \u00e0 l&rsquo;invitation de la section rugby de l&rsquo;Ecole, la s\u00e9lection nationale militaire du rugby<strong> XV du Pacifique <\/strong>assistait \u00e0 la c\u00e9r\u00e9monie. Le XV du Pacifique est une s\u00e9lection compos\u00e9e des meilleurs joueurs de rugby originaires des diff\u00e9rentes \u00eeles du Pacifique au sein des forces arm\u00e9es : Arm\u00e9e de Terre, Marine Nationale, Arm\u00e9e de l\u2019Air et Gendarmerie Nationale. Le XV du Pacifique vise \u00e0 promouvoir le rugby au sein et \u00e0 l\u2019ext\u00e9rieur des arm\u00e9es mais aussi les valeurs ancestrales des \u00eeles du Pacifique. Le XV du Pacifique a offert une version a capella de la Marseillaise au Premier ministre et \u00e0 l&rsquo;ensemble des participants \u00e0 la c\u00e9r\u00e9monie.<\/p>\n<p>Le Premier ministre a pris la parole. Il a \u00e9voqu\u00e9 le <strong>projet d&rsquo;extension de l\u2019Ecole<\/strong>, souhait\u00e9 par les \u00e9lus du Lot-et-Garonne. \u00ab\u00a0L&rsquo;extension est \u00e0 envisager rapidement et Agen est une option naturelle. Votre \u00e9cole sera en premi\u00e8re ligne pour accueillir les futurs \u00e9l\u00e8ves\u00a0\u00bb, a-t-il assur\u00e9. Il a, par ailleurs, annonc\u00e9 6 millions d&rsquo;euros pour perfectionner les missions de l&rsquo;Enap. Cette enveloppe servira notamment \u00e0 \u00ab\u00a0la s\u00e9curisation du domaine et des b\u00e2timents de formation aux techniques d&rsquo;intervention et au tir\u00a0\u00bb.<\/p>\n<p>Le<strong> Premier ministre a \u00e9galement fait plusieurs annonces, d&rsquo;un point de vue national cette fois-ci. <\/strong><\/p>\n<p><a title=\"Lire le discours de Manuel Valls, Premier ministre\" href=\"http:\/\/www.enap.justice.fr\/files\/ceremonie_svt190_discours_MValls_06oct2016.pdf\" target=\"_blank\">Lire le discours de Manuel Valls, Premier ministre<\/a><\/p>\n<p>Manuel Valls et Jean-Jacques Urvoas ont ensuite assist\u00e9 \u00e0 une pr\u00e9sentation des <strong>actions de formation de l\u2019Ecole dans le domaine de la lutte contre la radicalisation violente<\/strong> et \u00e0 un atelier \u00ab <strong>techniques d\u2019intervention et de menottage<\/strong> \u00bb au b\u00e2timent de simulation.<\/p>\n<p>Ils ont ensuite remis la m\u00e9daille souvenir du d\u00e9fil\u00e9 au peloton et aux encadrants qui ont particip\u00e9 au d\u00e9fil\u00e9 sur les champs Elys\u00e9es le 14 juillet dernier.<\/p>\n<p>A l\u2019issue de la c\u00e9r\u00e9monie, une centaine d\u2019\u00e9l\u00e8ves polyn\u00e9siens a offert aux personnes pr\u00e9sentes sur le campus le traditionnel <strong>Haka<\/strong>. Les \u00e9l\u00e8ves ont ensuite entonn\u00e9 des <strong>chants polyn\u00e9siens <\/strong>et organis\u00e9 une d\u00e9monstration de <strong>danses tahitiennes <\/strong>pour conclure cette belle matin\u00e9e teint\u00e9e de fiert\u00e9 et d\u2019\u00e9motions.<\/p>\n<\/div>\n<\/div>\n<p>&nbsp;<\/p>\n","protected":false},"excerpt":{"rendered":"<p>Apr\u00e8s le rassemblement du 13\/:10 devant le TGI de Valence pour la comparution de A. pour nous c&rsquo;est important\u00a0 de\u00a0 faire savoir \u00e0 toute et tous la propagande d\u00e9vers\u00e9e \u00e0 la fin de formation\u00a0 des surveillants.. et surtout comment l&rsquo;\u00e9tat fran\u00e7ais propose du travail \u00e0 des\u00a0 personnes qui ont servi de\u00a0 test\u00a0 apr\u00e8s Tchernobyl le [&hellip;]<\/p>\n","protected":false},"author":7964,"featured_media":0,"comment_status":"closed","ping_status":"closed","sticky":false,"template":"","format":"standard","meta":{"footnotes":""},"categories":[1],"tags":[],"class_list":["post-6577","post","type-post","status-publish","format-standard","hentry","category-general"],"_links":{"self":[{"href":"https:\/\/lelaboratoireanarchiste.noblogs.org\/index.php?rest_route=\/wp\/v2\/posts\/6577","targetHints":{"allow":["GET"]}}],"collection":[{"href":"https:\/\/lelaboratoireanarchiste.noblogs.org\/index.php?rest_route=\/wp\/v2\/posts"}],"about":[{"href":"https:\/\/lelaboratoireanarchiste.noblogs.org\/index.php?rest_route=\/wp\/v2\/types\/post"}],"author":[{"embeddable":true,"href":"https:\/\/lelaboratoireanarchiste.noblogs.org\/index.php?rest_route=\/wp\/v2\/users\/7964"}],"replies":[{"embeddable":true,"href":"https:\/\/lelaboratoireanarchiste.noblogs.org\/index.php?rest_route=%2Fwp%2Fv2%2Fcomments&post=6577"}],"version-history":[{"count":14,"href":"https:\/\/lelaboratoireanarchiste.noblogs.org\/index.php?rest_route=\/wp\/v2\/posts\/6577\/revisions"}],"predecessor-version":[{"id":6592,"href":"https:\/\/lelaboratoireanarchiste.noblogs.org\/index.php?rest_route=\/wp\/v2\/posts\/6577\/revisions\/6592"}],"wp:attachment":[{"href":"https:\/\/lelaboratoireanarchiste.noblogs.org\/index.php?rest_route=%2Fwp%2Fv2%2Fmedia&parent=6577"}],"wp:term":[{"taxonomy":"category","embeddable":true,"href":"https:\/\/lelaboratoireanarchiste.noblogs.org\/index.php?rest_route=%2Fwp%2Fv2%2Fcategories&post=6577"},{"taxonomy":"post_tag","embeddable":true,"href":"https:\/\/lelaboratoireanarchiste.noblogs.org\/index.php?rest_route=%2Fwp%2Fv2%2Ftags&post=6577"}],"curies":[{"name":"wp","href":"https:\/\/api.w.org\/{rel}","templated":true}]}}