{"id":6575,"date":"2016-10-14T00:04:33","date_gmt":"2016-10-13T22:04:33","guid":{"rendered":"http:\/\/lelaboratoireanarchiste.noblogs.org\/?p=6575"},"modified":"2016-10-14T00:04:33","modified_gmt":"2016-10-13T22:04:33","slug":"besancon-la-pref-envoie-ses-chiens-chez-deux-anarchistes-solidarite-face-a-leurs-coups-de-pression","status":"publish","type":"post","link":"https:\/\/lelaboratoireanarchiste.noblogs.org\/?p=6575","title":{"rendered":"[Besan\u00e7on] La pr\u00e9f\u2019 envoie ses chiens chez deux anarchistes \u2013 Solidarit\u00e9 face \u00e0 leurs coups de pression !"},"content":{"rendered":"<header class=\"entry-header\">\n<div class=\"comments-link\"><\/div>\n<div class=\"comments-link\">le <a href=\"https:\/\/lechatnoiremeutier.noblogs.org\/post\/2016\/10\/12\/besancon-la-pref-envoie-ses-chiens-chez-deux-anarchistes-solidarite-face-a-leurs-coups-de-pression\/#more-5584\">Chat noir Emeutier<\/a><\/div>\n<\/header>\n<div class=\"entry-content\">\n<p><strong>Coups de pression et intimidations contre deux anarchistes du r\u00e9seau de solidarit\u00e9 avec les sans-papiers \u00e0 Besan\u00e7on. <\/strong><\/p>\n<p><a href=\"https:\/\/propagande.noblogs.org\/?p=230\" target=\"_blank\"><img loading=\"lazy\" decoding=\"async\" class=\"alignright size-medium wp-image-5585\" src=\"https:\/\/lechatnoiremeutier.noblogs.org\/files\/2016\/10\/Oiseaux-300x210.jpg\" alt=\"oiseaux\" width=\"300\" height=\"210\" \/><\/a>Le sale travail du secr\u00e9taire g\u00e9n\u00e9ral de la pr\u00e9fecture du Doubs, Jean-Philippe Setbon, a \u00e9t\u00e9 mis au grand jour \u00e0 Besan\u00e7on \u00e0 travers la publication de deux articles\u00a0: le premier, sous le titre \u00ab\u00a0<strong><a class=\"spip_out\" href=\"https:\/\/lelibertairebisontin.wordpress.com\/2016\/09\/03\/besancon-un-ragout-prefectoral-particulierement-ecoeurant\/\" target=\"_blank\">Besan\u00e7on\u00a0: un rago\u00fbt pr\u00e9fectoral particuli\u00e8rement \u00e9c\u0153urant\u00a0<\/a><\/strong>\u00a0\u00bb, publi\u00e9 sur le blog du Libertaire Bisontin et l\u2019autre intitul\u00e9 \u00ab\u00a0<strong><a class=\"spip_out\" href=\"https:\/\/seditions.noblogs.org\/post\/2016\/09\/01\/la-charite-parfait-alibi-de-la-machine-a-expulser\/\" target=\"_blank\">La charit\u00e9\u00a0: parfait alibi de la machine \u00e0 expulser<\/a><\/strong>\u00a0\u00bb qui comporte l\u2019encart \u00ab\u00a0Une pourriture nomm\u00e9 Setbon\u00a0\u00bb publi\u00e9 dans le journal \u00ab\u00a0S\u00e9ditions\u00a0\u00bb n\u00b08 du mois de septembre 2016.<\/p>\n<p><strong>Jeudi 6 octobre en d\u00e9but de matin\u00e9e, les flics ont d\u00e9barqu\u00e9 aux domiciles de deux personnes, qui s\u2019impliquent activement dans le r\u00e9seau de solidarit\u00e9 avec les migrants \u00e0 Besan\u00e7on. Apr\u00e8s avoir fouill\u00e9 leurs appartements, embarqu\u00e9 ordinateurs, portables, brochures et journaux, les chiens z\u00e9l\u00e9s de la pr\u00e9f\u2019 les ont plac\u00e9s en garde-\u00e0-vue pour \u00ab\u00a0injures et diffamation par voie de presse\u00a0\u00bb \u00e0 l\u2019encontre du responsable de la pr\u00e9fecture Jean-Philippe Setbon. A leurs sorties de GAV dans l\u2019apr\u00e8s-midi, les flics leur ont notifi\u00e9 qu\u2019aucune poursuite judiciaire ne sera men\u00e9e \u00e0 leur encontre, mais ont toutefois annonc\u00e9 continuer leur enqu\u00eate pour retrouver le\/les auteur\/s du deuxi\u00e8me article publi\u00e9 dans \u00ab\u00a0S\u00e9ditions\u00a0\u00bb.<\/strong><\/p>\n<p>Bien \u00e9videmment, nous ne discuterons pas des termes employ\u00e9s pour qualifier cette pi\u00e8ce ma\u00eetresse de la machine \u00e0 expulser et \u00e0 enfermer les migrants. Discuter de l\u2019emploi de quelques mots, ce serait pr\u00e9cis\u00e9ment cautionner la logique du pouvoir en reconnaissant ses lois. Rappelons juste que la \u00ab\u00a0diffamation publique\u00a0\u00bb correspond entre autre \u00e0 rendre public des faits imput\u00e9s \u00e0 une personnalit\u00e9 visant \u00e0 lui nuire, soit \u00e0 \u00ab\u00a0porter atteinte \u00e0 l\u2019honneur d\u2019une personne physique et\/ou morale\u00a0\u00bb. Concernant le cas dont il est question ici, cela peut concerner autant le secr\u00e9taire g\u00e9n\u00e9ral de la pr\u00e9fecture que l\u2019institution d\u2019\u00c9tat elle-m\u00eame qu\u2019il repr\u00e9sente.<\/p>\n<p>Il serait difficile, \u00e0 travers cette op\u00e9ration d\u2019intimidation, qui a \u00e9t\u00e9 rendue possible gr\u00e2ce \u00e0 l\u2019\u00e9largissement des pouvoirs r\u00e9pressifs de la pr\u00e9fecture par la p\u00e9rennisation de \u00ab\u00a0l\u2019\u00e9tat d\u2019urgence\u00a0\u00bb de ne pas y voir une volont\u00e9 de briser la solidarit\u00e9 avec les migrants qui tente de se mettre en place \u00e0 Besan\u00e7on, hors de tout appareil co-gestionnaire et d\u2019assistanat. De fait, l\u2019\u00c9tat, par l\u2019interm\u00e9diaire de la pr\u00e9f\u2019, tente de marginaliser la frange la plus radicale du r\u00e9seau de soutien aux sans-papiers, qui entend lutter contre les fronti\u00e8res, les \u00c9tats et les camps de r\u00e9tention dans lesquels sont enferm\u00e9s les migrants. Par ailleurs, il est \u00e9vident que la pr\u00e9f\u2019 ne supporte pas le fait que les rafles et les expulsions de sans-papiers ne puissent pas se passer sous silence (Rappelons que Setbon est en charge de la politique migratoire au sein de la direction de la pr\u00e9fecture du Doubs). Cet homme de main de la machine \u00e0 expulser, qui ne se limite pas \u00e0 ob\u00e9ir aux ordres mais assume et justifie enti\u00e8rement les rafles et les d\u00e9portations, s\u2019\u00e9tait illustr\u00e9 par le pass\u00e9 de la m\u00eame fa\u00e7on, <a href=\"http:\/\/frama.link\/eVs2Dbop\" target=\"_blank\"><strong>notamment \u00e0 Poitiers aux c\u00f4t\u00e9s de Tomasini<\/strong><\/a>, en harcelant les \u00ab\u00a0no borders\u00a0\u00bb. Setbon, comme tant d\u2019autres, travaille chaque jour \u00e0 rendre un quotidien invivable \u00e0 celles et ceux qui se retrouvent sur les routes de l\u2019exil, en qu\u00eate d\u2019un endroit plus s\u00fbr\u2026 Son gagne-pain, c\u2019est la mis\u00e8re de milliers de personnes. Son monde, c\u2019est celui des charters, des camps, des centaines d\u2019uniforme qui contr\u00f4lent dans les gares et les a\u00e9roports, des barbel\u00e9s, des <em>check-point<\/em>\u2026 Nos perspectives sont celles d\u2019une vie d\u00e9barrass\u00e9e de l\u2019autorit\u00e9, des papiers qui te donnent un laisser-passer mais nous attachent toutes et tous \u00e0 une pseudo-identit\u00e9, \u00e0 un quelconque \u00c9tat que nous n\u2019avons pas choisi.<\/p>\n<p><strong>Comme affirmait un tag sur les murs de la mairie \u00e0 la fin du mois d\u2019ao\u00fbt \u00e0 Besan\u00e7on\u00a0: \u00ab\u00a0Qui expulse r\u00e9colte notre rage\u00a0!\u00a0\u00bb. Continuons \u00e0 harceler les expulseurs\u00a0!<br \/>\nAmplifions la lutte contre la machine \u00e0 expulser et ses rouages\u00a0!<\/strong><\/p>\n<p><i>Des anarchistes solidaires, de Besan\u00e7on et de ses environs.<\/i><\/p>\n<p>[Publi\u00e9 sur indymedia lille, lundi 10 octobre 2016]<\/p>\n<\/div>\n","protected":false},"excerpt":{"rendered":"<p>le Chat noir Emeutier Coups de pression et intimidations contre deux anarchistes du r\u00e9seau de solidarit\u00e9 avec les sans-papiers \u00e0 Besan\u00e7on. Le sale travail du secr\u00e9taire g\u00e9n\u00e9ral de la pr\u00e9fecture du Doubs, Jean-Philippe Setbon, a \u00e9t\u00e9 mis au grand jour \u00e0 Besan\u00e7on \u00e0 travers la publication de deux articles\u00a0: le premier, sous le titre \u00ab\u00a0Besan\u00e7on\u00a0: [&hellip;]<\/p>\n","protected":false},"author":7964,"featured_media":0,"comment_status":"closed","ping_status":"closed","sticky":false,"template":"","format":"standard","meta":{"footnotes":""},"categories":[1],"tags":[],"class_list":["post-6575","post","type-post","status-publish","format-standard","hentry","category-general"],"_links":{"self":[{"href":"https:\/\/lelaboratoireanarchiste.noblogs.org\/index.php?rest_route=\/wp\/v2\/posts\/6575","targetHints":{"allow":["GET"]}}],"collection":[{"href":"https:\/\/lelaboratoireanarchiste.noblogs.org\/index.php?rest_route=\/wp\/v2\/posts"}],"about":[{"href":"https:\/\/lelaboratoireanarchiste.noblogs.org\/index.php?rest_route=\/wp\/v2\/types\/post"}],"author":[{"embeddable":true,"href":"https:\/\/lelaboratoireanarchiste.noblogs.org\/index.php?rest_route=\/wp\/v2\/users\/7964"}],"replies":[{"embeddable":true,"href":"https:\/\/lelaboratoireanarchiste.noblogs.org\/index.php?rest_route=%2Fwp%2Fv2%2Fcomments&post=6575"}],"version-history":[{"count":1,"href":"https:\/\/lelaboratoireanarchiste.noblogs.org\/index.php?rest_route=\/wp\/v2\/posts\/6575\/revisions"}],"predecessor-version":[{"id":6576,"href":"https:\/\/lelaboratoireanarchiste.noblogs.org\/index.php?rest_route=\/wp\/v2\/posts\/6575\/revisions\/6576"}],"wp:attachment":[{"href":"https:\/\/lelaboratoireanarchiste.noblogs.org\/index.php?rest_route=%2Fwp%2Fv2%2Fmedia&parent=6575"}],"wp:term":[{"taxonomy":"category","embeddable":true,"href":"https:\/\/lelaboratoireanarchiste.noblogs.org\/index.php?rest_route=%2Fwp%2Fv2%2Fcategories&post=6575"},{"taxonomy":"post_tag","embeddable":true,"href":"https:\/\/lelaboratoireanarchiste.noblogs.org\/index.php?rest_route=%2Fwp%2Fv2%2Ftags&post=6575"}],"curies":[{"name":"wp","href":"https:\/\/api.w.org\/{rel}","templated":true}]}}