{"id":6556,"date":"2016-10-11T07:50:41","date_gmt":"2016-10-11T05:50:41","guid":{"rendered":"http:\/\/lelaboratoireanarchiste.noblogs.org\/?p=6556"},"modified":"2016-10-11T09:17:23","modified_gmt":"2016-10-11T07:17:23","slug":"ni-dieu-ni-maitre","status":"publish","type":"post","link":"https:\/\/lelaboratoireanarchiste.noblogs.org\/?p=6556","title":{"rendered":"Ni dieu , Ni ma\u00eetre"},"content":{"rendered":"<div><\/div>\n<div><\/div>\n<div id=\"header\">\u00a0lu sur <a href=\"http:\/\/www.questionsdeclasses.org\/?Attaque-contre-l-ecole-laique\">question de classe<\/a><\/div>\n<div id=\"main-two-columns\" class=\"main\">\n<div id=\"main-left\" class=\"left\">\n<div class=\"post\">\n<div class=\"post-title\">\n<div id=\"header\"><\/div>\n<div id=\"main-two-columns\" class=\"main\">\n<div id=\"main-left\" class=\"left\">\n<div class=\"post\">\n<div class=\"post-title\">\n<h1 class=\"entry-title\">Attaque contre l\u2019\u00e9cole la\u00efque<\/h1>\n<div class=\"post-date\">Post\u00e9 le 3 octobre 2016<\/div>\n<\/div>\n<\/div>\n<\/div>\n<\/div>\n<\/div>\n<\/div>\n<\/div>\n<\/div>\n<p>Le pape \u00ab\u00a0progressiste\u00a0\u00bb Fran\u00e7ois s\u2019en est pris ce dimanche aux manuels scolaires fran\u00e7ais. Sur la foi des propos d\u2019un parent d\u2019\u00e9l\u00e8ve qu\u2019il aurait rencontr\u00e9, il accuse ceux-ci de propager un \u00ab\u00a0sournois endoctrinement de la th\u00e9orie du genre\u00a0\u00bb, cette abomination \u00ab\u00a0contre les choses naturelles\u00a0\u00bb, et ce faisant de mener rien de moins qu\u2019une v\u00e9ritable \u00ab\u00a0colonisation id\u00e9ologique\u00a0\u00bb.<br class=\"autobr\" \/> Le caract\u00e8re incongru de cette attaque surprise (mais la veille, en G\u00e9orgie, le pape s\u2019en \u00e9tait d\u00e9j\u00e0 pris \u00e0 la pr\u00e9tendue \u00ab\u00a0th\u00e9orie du genre\u00a0\u00bb comme un des \u00e9l\u00e9ments d\u2019une \u00ab\u00a0guerre mondiale pour d\u00e9truire le mariage\u00a0\u00bb) ne doit pas faire oublier cependant qu\u2019il est dans la droite ligne de la position de l\u2019\u00e9glise catholique. Et ceux qui, la ministre de l\u2019Education nationale en t\u00eate, pensent que le pape s\u2019est laiss\u00e9 \u00ab\u00a0entra\u00eener\u00a0\u00bb, voire \u00ab\u00a0embarquer par des int\u00e9gristes\u00a0\u00bb, font fausse route.<br class=\"autobr\" \/> C\u2019est depuis plusieurs ann\u00e9es en effet que des organisations catholiques m\u00e8nent campagne contre ce qu\u2019ils appellent abusivement la \u00ab\u00a0th\u00e9orie du genre\u00a0\u00bb, c\u2019est-\u00e0-dire l\u2019utilisation par les sciences sociales du concept de genre pour rendre compte des diff\u00e9rences non biologiques entre les hommes et les femmes, autrement dit entre les r\u00f4les masculin et f\u00e9minin. <br class=\"autobr\" \/> En 2011, avant m\u00eame l\u2019arriv\u00e9e de la gauche au pouvoir, le Conseil pontifical pour la famille avait pris position avec un opuscule, Gender, la controverse, pr\u00e9fac\u00e9 par le pr\u00eatre, psychoth\u00e9rapeute et \u00ab\u00a0consulteur\u00a0\u00bb du Vatican Toni Anatrella, refusant toute valeur scientifique au \u00ab\u00a0genre\u00a0\u00bb et d\u00e9non\u00e7ant sa pr\u00e9sence dans des manuels scolaires.<br class=\"autobr\" \/> La m\u00eame ann\u00e9e, 80 d\u00e9put\u00e9s UMP avaient adress\u00e9 au ministre Luc Chatel une lettre demandant de \u00ab\u00a0retirer des lyc\u00e9es les manuels [de Sciences de la vie et de la terre des classes de premi\u00e8re] qui pr\u00e9sentent cette th\u00e9orie\u00a0\u00bb au motif que \u00ab\u00a0Selon cette th\u00e9orie, les personnes ne sont plus d\u00e9finies comme hommes et femmes mais comme pratiquants de certaines formes de sexualit\u00e9s\u00a0\u00bb. <br class=\"autobr\" \/> Deux ans plus tard, en avril 2013, le cardinal Andr\u00e9 Vingt-Trois d\u00e9nonce devant l\u2019assembl\u00e9e des \u00e9v\u00eaques de France \u00ab\u00a0l\u2019invasion organis\u00e9e et militante de la th\u00e9orie du genre particuli\u00e8rement dans le secteur \u00e9ducatif\u00a0\u00bb.<br class=\"autobr\" \/> Parall\u00e8lement, apr\u00e8s l\u2019adoption de la loi sur le mariage pour tous, les militants de la Manif pour tous, en particulier leurs franges radicales, avec l\u2019aide de l\u2019UNI, r\u00e9orientent leur action\u00a0: affirmant que \u00ab\u00a0Le vrai but du mariage homosexuel est d\u2019imposer la th\u00e9orie du genre\u00a0\u00bb, ils mettent en place en juillet 2013 leur \u00ab\u00a0saison 2\u00a0\u00bb, c\u2019est-\u00e0-dire la constitution de \u00ab\u00a0comit\u00e9s de vigilance\u00a0\u00bb charg\u00e9s de veiller d\u00e8s la rentr\u00e9e scolaire aux messages v\u00e9hicul\u00e9s dans les \u00e9coles et les cr\u00e8ches.<br class=\"autobr\" \/> Et en janvier 2014, les \u00ab\u00a0journ\u00e9es de retrait de l\u2019\u00e9cole\u00a0\u00bb initi\u00e9es par<strong><a href=\"https:\/\/gloria.tv\/video\/6m2YtwZg7Pmn28CgpyJZGLkM1\"> Farida Belghoul <\/a>apparaissent comme une r\u00e9cup\u00e9ration de ce mouvement p\u00e9renne par les extr\u00eames droites, notamment \u00ab\u00a0soralienne\u00a0\u00bb, ce qui permet d\u2019y amener nombre de musulman-e-s abus\u00e9s par une campagne d\u00e9lirante de SMS.<\/strong><br class=\"autobr\" \/> La d\u00e9claration du pape, si elle peut para\u00eetre abrupte, est donc loin d\u2019\u00eatre une surprise. Elle s\u2019inscrit dans une campagne orchestr\u00e9e de longue date. Et il faudra une certaine dose de na\u00efvet\u00e9 pour ne pas faire le lien avec l\u2019organisation, le 16 octobre prochain, par la Manif pour tous r\u00e9activ\u00e9e, d\u2019une \u00ab\u00a0grande manifestation\u00a0\u00bb parisienne contre \u00ab\u00a0les atteintes \u00e0 la libert\u00e9 \u00e9ducative et la politique familiale\u00a0\u00bb.<br class=\"autobr\" \/> Comme quoi il n\u2019y a pas que les salafistes et autres int\u00e9gristes musulmans qui pr\u00e9tendent imposer leur loi \u00e0 l\u2019\u00e9cole la\u00efque. Il n\u2019est m\u00eame pas s\u00fbr, vu le rapport des forces, qu\u2019ils soient sur ce terrain les plus dangereux\u2026<br class=\"autobr\" \/> Alain Chevarin<\/p>\n","protected":false},"excerpt":{"rendered":"<p>\u00a0lu sur question de classe Attaque contre l\u2019\u00e9cole la\u00efque Post\u00e9 le 3 octobre 2016 Le pape \u00ab\u00a0progressiste\u00a0\u00bb Fran\u00e7ois s\u2019en est pris ce dimanche aux manuels scolaires fran\u00e7ais. Sur la foi des propos d\u2019un parent d\u2019\u00e9l\u00e8ve qu\u2019il aurait rencontr\u00e9, il accuse ceux-ci de propager un \u00ab\u00a0sournois endoctrinement de la th\u00e9orie du genre\u00a0\u00bb, cette abomination \u00ab\u00a0contre les [&hellip;]<\/p>\n","protected":false},"author":7964,"featured_media":0,"comment_status":"closed","ping_status":"closed","sticky":false,"template":"","format":"standard","meta":{"footnotes":""},"categories":[1],"tags":[],"class_list":["post-6556","post","type-post","status-publish","format-standard","hentry","category-general"],"_links":{"self":[{"href":"https:\/\/lelaboratoireanarchiste.noblogs.org\/index.php?rest_route=\/wp\/v2\/posts\/6556","targetHints":{"allow":["GET"]}}],"collection":[{"href":"https:\/\/lelaboratoireanarchiste.noblogs.org\/index.php?rest_route=\/wp\/v2\/posts"}],"about":[{"href":"https:\/\/lelaboratoireanarchiste.noblogs.org\/index.php?rest_route=\/wp\/v2\/types\/post"}],"author":[{"embeddable":true,"href":"https:\/\/lelaboratoireanarchiste.noblogs.org\/index.php?rest_route=\/wp\/v2\/users\/7964"}],"replies":[{"embeddable":true,"href":"https:\/\/lelaboratoireanarchiste.noblogs.org\/index.php?rest_route=%2Fwp%2Fv2%2Fcomments&post=6556"}],"version-history":[{"count":2,"href":"https:\/\/lelaboratoireanarchiste.noblogs.org\/index.php?rest_route=\/wp\/v2\/posts\/6556\/revisions"}],"predecessor-version":[{"id":6558,"href":"https:\/\/lelaboratoireanarchiste.noblogs.org\/index.php?rest_route=\/wp\/v2\/posts\/6556\/revisions\/6558"}],"wp:attachment":[{"href":"https:\/\/lelaboratoireanarchiste.noblogs.org\/index.php?rest_route=%2Fwp%2Fv2%2Fmedia&parent=6556"}],"wp:term":[{"taxonomy":"category","embeddable":true,"href":"https:\/\/lelaboratoireanarchiste.noblogs.org\/index.php?rest_route=%2Fwp%2Fv2%2Fcategories&post=6556"},{"taxonomy":"post_tag","embeddable":true,"href":"https:\/\/lelaboratoireanarchiste.noblogs.org\/index.php?rest_route=%2Fwp%2Fv2%2Ftags&post=6556"}],"curies":[{"name":"wp","href":"https:\/\/api.w.org\/{rel}","templated":true}]}}