{"id":6536,"date":"2016-10-08T21:52:06","date_gmt":"2016-10-08T19:52:06","guid":{"rendered":"http:\/\/lelaboratoireanarchiste.noblogs.org\/?p=6536"},"modified":"2016-10-08T21:52:18","modified_gmt":"2016-10-08T19:52:18","slug":"terrorisme-detat-le-pouvoir-veut-33-nouvelles-prisons-dont-9-prioritaires-mis-a-jour","status":"publish","type":"post","link":"https:\/\/lelaboratoireanarchiste.noblogs.org\/?p=6536","title":{"rendered":"[Terrorisme d\u2019Etat] : le pouvoir veut 33 nouvelles prisons, dont 9 prioritaires [mis \u00e0 jour]"},"content":{"rendered":"<div id=\"cadre-titre-article\">\n<div class=\"\"><\/div>\n<p><strong>\u00a0lu et copi\u00e9 sur Br\u00e8ves du D\u00e9sordre<\/strong><\/p>\n<div id=\"soustitre-article\" class=\"\"><\/div>\n<div id=\"descriptif-article\">\n<div class=\"texte documents-article\">\n<p><a class=\"cboxElement hasbox\" title=\"JPEG - 39.9 ko\" href=\"https:\/\/cettesemaine.info\/breves\/IMG\/jpg\/1-374.jpg\"><img loading=\"lazy\" decoding=\"async\" class=\"spip_logos\" src=\"https:\/\/cettesemaine.info\/breves\/local\/cache-vignettes\/L220xH220\/1-374-95e48-5e24c.jpg\" alt=\"\" width=\"220\" height=\"220\" \/><\/a><\/p>\n<div class=\"nettoyeur\"><\/div>\n<p><a class=\"cboxElement hasbox\" title=\"JPEG - 45.5 ko\" href=\"https:\/\/cettesemaine.info\/breves\/IMG\/jpg\/b-80.jpg\"><img loading=\"lazy\" decoding=\"async\" class=\"spip_logos\" src=\"https:\/\/cettesemaine.info\/breves\/local\/cache-vignettes\/L220xH124\/b-80-52606-ce9f2.jpg\" alt=\"\" width=\"220\" height=\"124\" \/><\/a><\/p>\n<div class=\"nettoyeur\"><\/div>\n<p><a title=\"PDF - 378.7 ko - Carte d\u00e9taill\u00e9e et liste du minist\u00e8re : &quot;programme immobilier (...)\" href=\"https:\/\/cettesemaine.info\/breves\/IMG\/pdf\/programme_immobilier_penitentiaire_et_recherches_foncieres.pdf\"><img loading=\"lazy\" decoding=\"async\" class=\"spip_logos\" src=\"https:\/\/cettesemaine.info\/breves\/local\/cache-vignettes\/L52xH52\/pdf-39070.png\" alt=\"\" width=\"52\" height=\"52\" \/><\/a><\/p>\n<ul>\n<li>\n<div class=\"titre-doc\" align=\"left\">Carte d\u00e9taill\u00e9e et liste du minist\u00e8re\u00a0: \u00ab\u00a0programme immobilier p\u00e9nitentiaire et recherches fonci\u00e8res\u00a0\u00bb<\/div>\n<\/li>\n<\/ul>\n<\/div>\n<\/div>\n<div id=\"auteur-article\">\n<div id=\"date-article\"><span class=\"majuscules\">\u00a0<\/span><\/div>\n<\/div>\n<div class=\"nettoyeur\"><\/div>\n<\/div>\n<div id=\"cadre-article\">\n<div id=\"diminuer\"><a title=\"Diminuer la taille des caract\u00e8res\">\u00a0 <\/a><\/div>\n<div id=\"augmenter\"><a title=\"Augmenter la taille des caract\u00e8res\">\u00a0 <\/a><\/div>\n<div class=\"nettoyeur\"><\/div>\n<div id=\"texte-article\" class=\"surlignable\">\n<div class=\"\">\n<p><strong>Les neufs maison d\u2019arr\u00eat prioritaires dont les terrains devraient \u00eatre choisis pour le 16 d\u00e9cembre<\/strong><\/p>\n<p>Neuf sites prioritaires ont \u00e9t\u00e9 choisis pour construire ces nouveaux \u00e9tablissements. Il s\u2019agit de <strong>N\u00eemes-Al\u00e8s<\/strong> (450 places), <strong>Strasbourg<\/strong> (550 places), <strong>Toulouse<\/strong> (600), <strong>Nice<\/strong> (650), <strong>Avignon-Carpentras<\/strong> (400) et <strong>Nantes &#8211; Saint-Nazaire<\/strong> (300) ainsi que les d\u00e9partements de <strong>Seine-Saint-Denis, du Val-de-Marne et du Val-d\u2019Oise<\/strong>. 600 places seraient cr\u00e9\u00e9es dans ces d\u00e9partements.<\/p>\n<hr class=\"spip\" \/>\n<p><strong> Plan prisons\u00a0: Valls force l\u2019allure pour lancer neuf chantiers<\/strong><\/p>\n<p>Les Echos, 07\/10\/16 \u00e0 06:00<\/p>\n<p><i>Plus de 3.900 cellules seront r\u00e9alis\u00e9es en urgence dans l\u2019Ouest, en Paca et en Ile-de-France. Les pr\u00e9fets ont \u00e0 peine plus de deux mois pour trouver les terrains.<\/i><\/p>\n<p>La mise en chantier de nouvelles prisons pour venir \u00e0 bout de la surpopulation carc\u00e9rale, probl\u00e8me patent depuis de nombreuses ann\u00e9es, ne devrait plus attendre tr\u00e8s longtemps. <strong>\u00ab\u00a0<i>D\u2019ici au mois de d\u00e9cembre, les terrains de construction seront identifi\u00e9s dans les neuf agglom\u00e9rations pour lesquelles la situation est la plus critique<\/i>\u00a0\u00bb<\/strong>, a annonc\u00e9 Manuel Valls jeudi, \u00e0 Agen.<\/p>\n<p>Le Premier ministre, qui s\u2019exprimait devant les \u00e9l\u00e8ves de l\u2019Ecole nationale d\u2019administration p\u00e9nitentiaire, va <strong>donner instruction aux pr\u00e9fets des d\u00e9partements concern\u00e9s pour trouver du foncier \u00ab\u00a0<i>dans les plus brefs d\u00e9lais<\/i>\u00a0\u00bb \u00e0 N\u00eemes, Al\u00e8s, Strasbourg, Toulouse, Nice, Avignon ou Carpentras, Nantes ou Saint-Nazaire, ainsi qu\u2019en Seine-Saint-Denis, dans le Val-de-Marne et le Val-d\u2019Oise. La r\u00e9ponse des repr\u00e9sentants de l\u2019Etat est attendue pour le 16 d\u00e9cembre<\/strong> par le garde des Sceaux, Jean-Jacques Urvoas. L\u2019injonction est forc\u00e9ment bienvenue pour l\u2019ancien d\u00e9put\u00e9 socialiste breton. Acquis de longue date \u00e0 la construction d\u2019\u00e9tablissements p\u00e9nitentiaires, contrairement \u00e0 Christiane Taubira, \u00e0 laquelle il a succ\u00e9d\u00e9 en janvier 2016, <a class=\"spip_site\" href=\"http:\/\/cettesemaine.info\/breves\/spip.php?article1902&amp;lang=fr\" rel=\"external\">le nouveau ministre de la Justice avait pr\u00e9sent\u00e9 le 20 septembre un plan<\/a> destin\u00e9 \u00e0 d\u00e9densifier le parc existant, o\u00f9 sont d\u00e9tenues 68.820 personnes pour 58.500 places.<\/p>\n<p>Livre blanc<\/p>\n<p>Jeudi, Manuel Valls, qui a aussi annonc\u00e9 un Livre blanc pour les prisons avant mars 2017, est revenu en d\u00e9tail sur ce chantier. <strong>Outre la cr\u00e9ation de 33 \u00e9tablissements p\u00e9nitentiaires (dont neuf sur les sites pr\u00e9c\u00e9demment \u00e9voqu\u00e9s) et celle de 28 \u00ab\u00a0<i>quartiers de pr\u00e9paration \u00e0 la sortie<\/i>\u00a0\u00bb (QPS), d\u00e9j\u00e0 annonc\u00e9es, figurent au programme la r\u00e9habilitation de 12 sites et la construction de 16 autres.<\/strong><\/p>\n<p>La <strong>premi\u00e8re tranche<\/strong> confirm\u00e9e par le chef du gouvernement porte sur la construction de plus de 3.900 cellules, sur les 10.000 \u00e0 16.000 n\u00e9cessaires pour atteindre le taux de 80\u00a0% d\u2019encellulement individuel. Sa mise en oeuvre va mobiliser 1,16 milliard d\u2019euros, inscrits en autorisation d\u2019engagements dans le projet de budget pour 2017. Restera \u00e0 mobiliser entre un peu plus de 1 milliard et 2,3 milliards pour boucler le financement. La suite donn\u00e9e \u00e0 ce dossier est l\u2019affaire du prochain quinquennat.<\/p>\n<hr class=\"spip\" \/>\n<p><strong>Deux nouvelles prisons annonc\u00e9es pr\u00e8s de Marseille et dans le Vaucluse<\/strong><\/p>\n<p>La Provence, Jeudi 06\/10\/2016 \u00e0 12H00<\/p>\n<p>Comme annonc\u00e9 ce matin en exclusivit\u00e9 dans La Provence, le Premier ministre Manuel Valls a annonc\u00e9 aujourd\u00a0\u00bbhui son plan de construction de 33 nouveaux centres p\u00e9nitentiaires en France. Dans la r\u00e9gion, o\u00f9 le probl\u00e8me de surpopulation est aigu, <strong>seraient pr\u00e9vus une deuxi\u00e8me maison d\u2019arr\u00eat \u00e0 Marseille et un nouveau centre de d\u00e9tention dans le Vaucluse.<\/strong><\/p>\n<p><strong>D\u2019apr\u00e8s nos informations, un \u00e9tablissement de 600 places serait programm\u00e9 dans la r\u00e9gion marseillaise. Il s\u2019agirait d\u2019une maison d\u2019arr\u00eat destin\u00e9e \u00e0 accueillir les pr\u00e9venus en attente de jugement et les condamn\u00e9s \u00e0 courtes peines.<\/strong><\/p>\n<p><strong>Enfin, la cr\u00e9ation, dans la r\u00e9gion, d\u2019un autre centre p\u00e9nitentiaire devrait \u00eatre annonc\u00e9, ce matin, dans un secteur situ\u00e9 entre Cavaillon et Carpentras.<\/strong><\/p>\n<hr class=\"spip\" \/>\n<p><strong>Trois nouvelles prisons dans le Grand-Est <\/strong><\/p>\n<p>Est R\u00e9publicain, 07\/10\/2016 \u00e0 07:06 (extrait)<\/p>\n<p>Pas de r\u00e9pit pour les pr\u00e9fets. Ils cherchaient d\u00e9j\u00e0 des places pour les migrants\u00a0? Ils vont devoir aussi maintenant se creuser la t\u00eate pour d\u00e9nicher des endroits pour implanter de nouvelles prisons. En visite ce mercredi \u00e0 Agen, \u00e0 l\u2019\u00c9cole nationale d\u2019administration p\u00e9nitentiaire, Manuel Valls, le Premier ministre, a en effet annonc\u00e9 un programme de construction de 33\u2002nouveaux \u00e9tablissements p\u00e9nitentiaires (de 100 \u00e0 650 places)\u00a0: 32 maisons d\u2019arr\u00eat et un centre de d\u00e9tention, ce qui repr\u00e9sente un total de 16.850 cellules.<\/p>\n<p><strong>Parmi les nouveaux sites, trois dans le Grand-Est\u00a0: un de 600 places \u00e0 Nancy, qui compte d\u00e9j\u00e0 une maison d\u2019arr\u00eat de 453 places au centre p\u00e9nitentiaire de Max\u00e9ville, un \u00e0 Ch\u00e2lons-en-Champagne (200 places) et un dernier \u00e0 Strasbourg (550 places) et ce, alors que le nouveau centre p\u00e9nitentiaire de Lutterbach (520 places dont 400 en maison d\u2019arr\u00eat), dans le Haut-Rhin, pr\u00e9vu pour 2020, n\u2019est pas encore sorti de terre.<\/strong><\/p>\n<hr class=\"spip\" \/>\n<p><strong>Maison d\u2019arr\u00eat du Mans\u00a0: cr\u00e9ation d\u2019un quartier de 90 places<\/strong><\/p>\n<p>Le Maine libre, 07.10.2016 08:32 (extrait)<\/p>\n<p>Le Premier ministre et le Garde des Sceaux ont annonc\u00e9 ce jeudi un vaste programme immobilier p\u00e9nitentiaire.<\/p>\n<p>Ce plan pr\u00e9voit la cr\u00e9ation de 33 nouveaux \u00e9tablissements p\u00e9nitentiaires (soit 16 000 cellules suppl\u00e9mentaires) et la mise en place de 28 quartiers de pr\u00e9paration \u00e0 la sortie (12 r\u00e9habilitations et 16 \u00e9tablissements neufs).<\/p>\n<p><strong>Le Mans a \u00e9t\u00e9 retenu pour la cr\u00e9ation d\u2019un quartier de pr\u00e9paration \u00e0 la sortie de 90 places, et figure \u00e0 ce titre sur la carte des recherches fonci\u00e8res pour la r\u00e9alisation de ces projets.<\/strong><\/p>\n<hr class=\"spip\" \/>\n<p><strong>Plan Valls\u00a0: 2 nouvelles prisons cr\u00e9\u00e9es \u00e0 Montpellier et \u00e0 B\u00e9ziers<\/strong><\/p>\n<p>F3 Languedoc-Roussillon, 07\/10\/2016 \u00e0 20:31 (extrait)<\/p>\n<p><i>Manuel Valls a annonc\u00e9 la cr\u00e9ation de 33 nouvelles prisons en France. En Languedoc-Roussillon, 4 nouvelles prisons vont \u00eatre cr\u00e9\u00e9es. \u00c0 N\u00eemes ou \u00e0 Al\u00e8s, dans le Gard. \u00c0 B\u00e9ziers et \u00e0 Montpellier, dans l\u2019H\u00e9rault. Enfin, une 4e prison sera cr\u00e9\u00e9e \u00e0 Perpignan ou \u00e0 Narbonne.<\/i><\/p>\n<p><strong>Dans le seul d\u00e9partement de l\u2019H\u00e9rault, deux nouvelles prisons vont \u00eatre cr\u00e9\u00e9es. L\u2019une d\u2019entre elles sera construite \u00e0 B\u00e9ziers, l\u2019autre \u00e0 Montpellier. Contrairement \u00e0 N\u00eemes (ou Al\u00e8s), la construction de ces prisons n\u2019est pas une priorit\u00e9 pour le gouvernement.<\/strong> Difficile de savoir dans combien de temps ces prisons vont voir le jour mais une chose est s\u00fbre\u00a0: elles vont \u00eatre cr\u00e9\u00e9es, selon le minist\u00e8re de la Justice.<\/p>\n<p><strong>N\u00eemes, \u00ab\u00a0premier choix\u00a0\u00bb dans le Gard<\/strong><\/p>\n<p><strong>N\u00eemes devrait aussi accueillir une nouvelle prison, la commune est le \u00ab\u00a0premier choix\u00a0\u00bb du minist\u00e8re de la Justice. Le second choix du minist\u00e8re est la commune d\u2019Al\u00e8s, qui pourrait donc finalement \u00eatre choisie<\/strong>. Pour rappel, N\u00eemes (ou Al\u00e8s), fait partie des neuf agglom\u00e9rations \u00ab\u00a0o\u00f9 la situation est la plus critique\u00a0\u00bb en France.<\/p>\n<p><strong>Perpignan plut\u00f4t que Narbonne<\/strong><\/p>\n<p>Les r\u00e9gions de Perpignan et de Narbonne sont \u00e9galement candidates pour accueillir une nouvelle prison. <strong>La commune de Perpignan, dans les Pyr\u00e9n\u00e9es-Orientales, est le \u00ab\u00a0premier choix\u00a0\u00bb du minist\u00e8re de la Justice. Narbonne, dans l\u2019Aude, est le second choix.<\/strong><\/p>\n<hr class=\"spip\" \/>\n<p><strong>Une nouvelle maison d\u2019arr\u00eat va se construire, sans doute \u00e0 Arras, sinon \u00e0 Saint-Omer<\/strong><\/p>\n<p>Voix du Nord, 06\/10\/2016 (extrait)<\/p>\n<p><i>Un projet a \u00e9t\u00e9 d\u00e9voil\u00e9 par le gouvernement jeudi 6 octobre. Saint-Omer a \u00e9t\u00e9 \u00e9voqu\u00e9 pour accueillir une nouvelle maison d\u2019arr\u00eat, mais c\u2019est Arras qui aura la priorit\u00e9.<\/i><\/p>\n<p>Le Premier ministre, Manuel Valls, a annonc\u00e9 hier la construction de 33 nouvelles prisons en France. <strong>Dans le Pas-de-Calais, ce sera une nouvelle maison d\u2019arr\u00eat, d\u2019une capacit\u00e9 de 600 places. L\u2019\u00e9tablissement devrait se faire \u00e0 Arras. Et si \u00e7a ne peut se faire l\u00e0-bas, faute de terrains disponibles par exemple, ce sera \u00e0 Saint-Omer.<\/strong> On imagine mal les \u00e9lus arrageois ne pas trouver un terrain pour accueillir un tel \u00e9quipement. Surtout au regard des emplois qui seront g\u00e9n\u00e9r\u00e9s. Mais sait-on jamais.<\/p>\n<p>Le choix d\u2019Arras aurait \u00e9t\u00e9 effectu\u00e9 eu \u00e9gard \u00e0 la situation art\u00e9sienne en mati\u00e8re carc\u00e9rale. Un arbitrage aurait \u00e9t\u00e9 demand\u00e9 \u00e0 Jacqueline Maquet, d\u00e9put\u00e9e d\u2019Arras, et \u00e0 Michel Lefait, celui de l\u2019Audomarois. Chacun aurait convenu qu\u2019Arras avait la priorit\u00e9. D\u2019une part parce que sa maison d\u2019arr\u00eat est vieille et obsol\u00e8te. Elle est r\u00e9guli\u00e8rement le th\u00e9\u00e2tre d\u2019\u00e9vasions ou de trafics internes en tout genre. En outre, selon un repr\u00e9sentant de la CGT, il y a une importante surpopulation carc\u00e9rale \u00e0 B\u00e9thune. Et Arras et sa nouvelle structure seraient un (tout petit) peu plus pr\u00e8s sur le plan g\u00e9ographique pour absorber le trop-plein b\u00e9thunois.<\/p>\n<hr class=\"spip\" \/>\n<p><strong>Cherbourg en bonne place pour la future nouvelle prison dans la Manche<\/strong><\/p>\n<p>Ouest France, 07\/10\/2016 \u00e0 15:54<\/p>\n<p><i>Le Premier ministre a pr\u00e9sent\u00e9, jeudi 6 octobre, son vaste plan de construction de nouvelles maisons d\u2019arr\u00eats en France. Dans la Manche, les villes de Saint-L\u00f4 et Cherbourg-en-Cotentin ont \u00e9t\u00e9 retenues. Cette derni\u00e8re est pr\u00e9sent\u00e9e comme \u00ab\u00a0choix n\u00b01\u00a0\u00bb pour le moment.<\/i><\/p>\n<p>Le maire de Cherbourg-en-Cotentin, Beno\u00eet Arriv\u00e9, a annonc\u00e9 il y a quelques jours avoir candidat\u00e9 pour accueillir une nouvelle maison d\u2019arr\u00eat, dans le cadre de l\u2019annonce du minist\u00e8re de la Justice de vouloir cr\u00e9er de nouvelles places de prison.<\/p>\n<p>Le Premier ministre Manuel Valls a pr\u00e9sent\u00e9 hier plus en d\u00e9tail le plan du gouvernement, pr\u00e9voyant la cr\u00e9ation de 33 nouvelles prisons. <strong>Dans la Manche, c\u2019est Cherbourg qui semble se distinguer pour l\u2019heure, et fait office de \u00ab\u00a0choix n\u00b0\u00a01\u00a0\u00bb pour le moment, devant Saint-L\u00f4, pour une maison d\u2019arr\u00eat de 200 places<\/strong>, pr\u00e9cise le communiqu\u00e9 du minist\u00e8re de la Justice.<\/p>\n<hr class=\"spip\" \/>\n<p><strong>Deux nouvelles prisons en Bretagne<\/strong><\/p>\n<p>F3Bretagne, 06\/10\/2016 \u00e0 18:07 (extrait)<\/p>\n<p><i>Ce jeudi, le Premier Ministre et le garde des Sceaux ont annonc\u00e9 la cr\u00e9ation de 33 nouveaux \u00e9tablissements p\u00e9nitentiaires en France, parmi lesquels deux en Bretagne. L\u2019un se situera \u00e0 Rennes (35) et l\u2019autre \u00e0 Lorient ou \u00e0 Vannes (56).<\/i><\/p>\n<p>Parmi les 33 nouvelles prisons, deux seront situ\u00e9es en Bretagne. <strong>L\u2019une \u00e0 Rennes (35), avec une capacit\u00e9 de 550 places. La seconde sera sise \u00e0 Lorient ou \u00e0 Vannes (56). La ville de Lorient est, pour l\u2019heure, privil\u00e9gi\u00e9e dans le projet. Quelque 400 nouvelles places y seront propos\u00e9es.<\/strong><\/p>\n<p>Aucun d\u00e9partement breton ne figure parmi les neuf pour lesquels \u00ab\u00a0les recherches fonci\u00e8res sont prioritaires\u00a0\u00bb.<\/p>\n<hr class=\"spip\" \/>\n<p><strong>R\u00e9gion\u00a0: o\u00f9 seront situ\u00e9es les nouvelles prisons annonc\u00e9es par Valls\u00a0?<\/strong><\/p>\n<p>Midi Libre, 07\/10\/16 12h20 (extrait)<\/p>\n<p>Le ministre de la Justice, Jean-Jacques Urvoas, qui accompagnait Manuel Valls, avait pr\u00e9sent\u00e9 le 20 septembre un plan destin\u00e9 \u00e0 juguler la surpopulation chronique dans les prisons fran\u00e7aises en construisant notamment de nouvelles cellules. En r\u00e9gion, <strong>nous annoncions d\u00e8s mercredi la cr\u00e9ation prochaine d\u2019un deuxi\u00e8me \u00e9tablissement p\u00e9nitentiaire \u00e0 N\u00eemes<\/strong>. La piste d\u2019une extension de la prison existante est bel et bien abandonn\u00e9e. <strong>Dans le m\u00eame temps, une prison devrait voir le jour dans l\u2019est du Narbonnais, sans qu\u2019elle fasse partie des neuf \u00e9tablissements prioritaires. Enfin, une prison est pr\u00e9vue \u00e0 Toulouse et une autre dans le Vaucluse (\u00e0 Avignon ou Carpentras).<\/strong><\/p>\n<hr class=\"spip\" \/>\n<p><strong>Nouvelle prison de 500 places\u00a0: Pau, \u00ab\u00a0premier choix\u00a0\u00bb du minist\u00e8re<\/strong><\/p>\n<p>La R\u00e9publique des Pyr\u00e9n\u00e9es, 7 octobre 2016<\/p>\n<p><i>L\u2019annonce a \u00e9t\u00e9 confirm\u00e9e ce jeudi par le Premier ministre, Manuel Valls, lors d\u2019un d\u00e9placement \u00e0 Agen. Le communiqu\u00e9 du minist\u00e8re de la Justice \u00e9voque une maison d\u2019arr\u00eat de 500 places \u00ab\u00a0\u00e0 Pau (ou \u00e0 Bayonne)\u00a0\u00bb.<\/i><\/p>\n<p>En compagnie de Jean-Jacques Urvoas, garde des Sceaux, le Premier ministre Manuel Valls est aujourd\u2019hui \u00e0 Agen. Il a pr\u00e9sent\u00e9 le plan de construction d\u2019\u00e9tablissements p\u00e9nitentiaires pour lutter contre la surpopulation carc\u00e9rale, comme il l\u2019avait annonc\u00e9 le 20 septembre, pr\u00e9voyant alors 7 000 nouvelles places. \u00ab\u00a0<i>Nous avons un taux de surpopulation de 118\u00a0% dans nos prisons, trop de v\u00e9tust\u00e9. Ce n\u2019est pas digne de la France<\/i>\u00a0\u00bb a d\u00e9clar\u00e9 Manuel Valls dans son discours \u00e0 l\u2019\u00c9cole nationale d\u2019administration p\u00e9nitentiaire \u00e0 Agen. \u00ab\u00a0<i>Nous devons arriver \u00e0 80% de cellules individuelles. Il faut b\u00e2tir 33 \u00e9tablissements suppl\u00e9mentaires. Le Sud-ouest sera concern\u00e9<\/i>\u00ab\u00a0, a-t-il confirm\u00e9.<\/p>\n<p><strong>Dont une maison d\u2019arr\u00eat de 500 places \u00e0 construire dans notre d\u00e9partement. \u00ab\u00a0<i>Le Garde des Sceaux sugg\u00e8re une recherche active dans l\u2019agglom\u00e9ration de Pau, pr\u00e9f\u00e9rence de l\u2019\u00c9tat, ou celle de Bayonne<\/i>\u00a0\u00bb<\/strong>, croit savoir la s\u00e9natrice Fr\u00e9d\u00e9rique Espagnac (PS). Le communiqu\u00e9 adress\u00e9 ce jeudi par le minist\u00e8re de la Justice \u00e9voque en effet une maison d\u2019arr\u00eat de 500 places \u00ab\u00a0\u00e0 Pau(ou \u00e0 Bayonne)\u00a0\u00bb &#8211; les parenth\u00e8ses sont dans le texte du communiqu\u00e9.<\/p>\n<p>7 000 nouvelles places au plan national<\/p>\n<p>D\u00e8s vendredi, le pr\u00e9fet, Eric Morvan, recevra la circulaire du minist\u00e8re lui demandant \u00ab\u00a0<i>de solliciter les collectivit\u00e9s pour faire une \u00e9valuation des r\u00e9serves fonci\u00e8res et devra faire remonter des propositions d\u2019ici d\u00e9cembre<\/i>\u00a0\u00bb, pr\u00e9cise la d\u00e9put\u00e9e Martine Ligni\u00e8res-Cassou (PS).<\/p>\n<p>Selon elle, \u00ab\u00a0le foncier au Pays basque risque d\u2019\u00eatre moins accessible, plus cher et plus convoit\u00e9\u00a0\u00bb, qu\u2019en B\u00e9arn.<br class=\"autobr\" \/> On se souvient qu\u2019en 2010, la Garde des Sceaux de l\u2019\u00e9poque, Mich\u00e8le Alliot-Marie, avait mis la maison d\u2019arr\u00eat de Pau sur son programme immobilier 2011-2017. Il \u00e9tait envisag\u00e9 de cr\u00e9er un \u00e9tablissement de 400 \u00e0 700 places en remplacement de l\u2019actuelle maison d\u2019arr\u00eat qui peut accueillir 250 d\u00e9tenus. <strong>Dans la foul\u00e9e les communes d\u2019Artix, Lons et Idron avaient d\u00e9pos\u00e9 leur candidature.<\/strong><\/p>\n<p><strong>Un agriculteur de Sendets avait \u00e9galement propos\u00e9 un site<\/strong>. Mais le successeur de MAM, Michel Mercier, choisissait d\u2019abandonner le projet de reconstruction de la maison d\u2019arr\u00eat et d\u2019opter pour une simple r\u00e9novation des locaux, d\u00e8s l\u2019ann\u00e9e suivante.<\/p>\n<p>Un site de 2 ha facile \u00e0 s\u00e9curiser et accessible<\/p>\n<p>\u00ab\u00a0<i>On a deux maisons d\u2019arr\u00eat tr\u00e8s v\u00e9tustes, m\u00eame si \u00e0 Pau le plan pluriannuel a permis de faire des travaux ces derni\u00e8res ann\u00e9es<\/i>\u00a0\u00bb, remarque Martine Ligni\u00e8res-Cassou. \u00ab\u00a0<i>Mais pour les d\u00e9tenus comme pour les personnels, ce n\u2019est pas encore \u00e7a<\/i>\u00a0\u00bb, estime-t-elle.<\/p>\n<p>Quant au maire de Pau, Fran\u00e7ois Bayrou, le projet \u00ab\u00a0l\u2019int\u00e9resserait pour r\u00e9cup\u00e9rer le site\u00a0\u00bb. D\u00e8s demain, le pr\u00e9fet pourra prendre son b\u00e2ton de p\u00e8lerin pour trouver le site id\u00e9al\u00a0: un site proche des axes routiers, facilement accessible, sur deux hectares minimum qui peuvent \u00eatre facilement s\u00e9curis\u00e9s. \u00e7a devrait \u00eatre possible pas trop loin de Pau. Manuel Valls a annonc\u00e9 que \u00ab\u00a0<i>40 pr\u00e9fets de d\u00e9partement seront destinataires d\u2019instructions pour identifier sur leur territoire les emprises fonci\u00e8res disponibles, publiques ou priv\u00e9es, qui pourraient accueillir les futurs \u00e9tablissements dans chacune des agglom\u00e9rations du programme, en consultant les \u00e9lus<\/i>\u00ab\u00a0.<\/p>\n<p>Les pr\u00e9fets transmettront leurs propositions au garde des Sceaux pour le 16 d\u00e9cembre 2016. Apr\u00e8s examen, le Ministre rendra public ses arbitrages d\u00e9finitifs d\u00e9but janvier 2017. Mais <strong>le projet des Pyr\u00e9n\u00e9es-Atlantiques ne figure pas parmi les \u00ab\u00a0neuf premiers projets prioritaires\u00a0\u00bb identifi\u00e9s par le minist\u00e8re de la Justice.<\/strong><\/p>\n<\/div>\n<\/div>\n<\/div>\n","protected":false},"excerpt":{"rendered":"<p>\u00a0lu et copi\u00e9 sur Br\u00e8ves du D\u00e9sordre Carte d\u00e9taill\u00e9e et liste du minist\u00e8re\u00a0: \u00ab\u00a0programme immobilier p\u00e9nitentiaire et recherches fonci\u00e8res\u00a0\u00bb \u00a0 \u00a0 \u00a0 Les neufs maison d\u2019arr\u00eat prioritaires dont les terrains devraient \u00eatre choisis pour le 16 d\u00e9cembre Neuf sites prioritaires ont \u00e9t\u00e9 choisis pour construire ces nouveaux \u00e9tablissements. Il s\u2019agit de N\u00eemes-Al\u00e8s (450 places), Strasbourg [&hellip;]<\/p>\n","protected":false},"author":7964,"featured_media":0,"comment_status":"closed","ping_status":"closed","sticky":false,"template":"","format":"standard","meta":{"footnotes":""},"categories":[1],"tags":[],"class_list":["post-6536","post","type-post","status-publish","format-standard","hentry","category-general"],"_links":{"self":[{"href":"https:\/\/lelaboratoireanarchiste.noblogs.org\/index.php?rest_route=\/wp\/v2\/posts\/6536","targetHints":{"allow":["GET"]}}],"collection":[{"href":"https:\/\/lelaboratoireanarchiste.noblogs.org\/index.php?rest_route=\/wp\/v2\/posts"}],"about":[{"href":"https:\/\/lelaboratoireanarchiste.noblogs.org\/index.php?rest_route=\/wp\/v2\/types\/post"}],"author":[{"embeddable":true,"href":"https:\/\/lelaboratoireanarchiste.noblogs.org\/index.php?rest_route=\/wp\/v2\/users\/7964"}],"replies":[{"embeddable":true,"href":"https:\/\/lelaboratoireanarchiste.noblogs.org\/index.php?rest_route=%2Fwp%2Fv2%2Fcomments&post=6536"}],"version-history":[{"count":2,"href":"https:\/\/lelaboratoireanarchiste.noblogs.org\/index.php?rest_route=\/wp\/v2\/posts\/6536\/revisions"}],"predecessor-version":[{"id":6538,"href":"https:\/\/lelaboratoireanarchiste.noblogs.org\/index.php?rest_route=\/wp\/v2\/posts\/6536\/revisions\/6538"}],"wp:attachment":[{"href":"https:\/\/lelaboratoireanarchiste.noblogs.org\/index.php?rest_route=%2Fwp%2Fv2%2Fmedia&parent=6536"}],"wp:term":[{"taxonomy":"category","embeddable":true,"href":"https:\/\/lelaboratoireanarchiste.noblogs.org\/index.php?rest_route=%2Fwp%2Fv2%2Fcategories&post=6536"},{"taxonomy":"post_tag","embeddable":true,"href":"https:\/\/lelaboratoireanarchiste.noblogs.org\/index.php?rest_route=%2Fwp%2Fv2%2Ftags&post=6536"}],"curies":[{"name":"wp","href":"https:\/\/api.w.org\/{rel}","templated":true}]}}