{"id":6527,"date":"2016-10-08T00:41:12","date_gmt":"2016-10-07T22:41:12","guid":{"rendered":"http:\/\/lelaboratoireanarchiste.noblogs.org\/?p=6527"},"modified":"2016-10-08T00:41:58","modified_gmt":"2016-10-07T22:41:58","slug":"trebes-aude-arracher-les-yeux-de-letat","status":"publish","type":"post","link":"https:\/\/lelaboratoireanarchiste.noblogs.org\/?p=6527","title":{"rendered":"Tr\u00e8bes (Aude) : arracher les yeux de l\u2019Etat"},"content":{"rendered":"<div class=\"\">\n<p><strong>Br\u00e8ves du D\u00e9sordre<\/strong><\/p>\n<p><strong>Incroyable\u00a0: une cam\u00e9ra de vid\u00e9osurveillance vol\u00e9e, quartier de l\u2019Aiguille, \u00e0 Tr\u00e8bes<\/strong><\/p>\n<p>L\u2019Ind\u00e9pendant, 06 octobre \u00e0 6h00<\/p>\n<p><i>Le paradoxe veut qu\u2019aucune image du d\u00e9lit n\u2019ait pour l\u2019heure permis aux gendarmes tr\u00e9b\u00e9ens, charg\u00e9s de l\u2019enqu\u00eate, de retrouver le ou les auteurs du <strong>vol de la cam\u00e9ra de vid\u00e9osurveillance commis il y a quelques jours \u00e0 Tr\u00e8bes, dans le quartier de l\u2019Aiguille<\/strong>.<\/i><\/p>\n<p><strong>C\u2019est vraisemblablement en montant sur les toits que le ou les auteurs du vol sont parvenus \u00e0 d\u00e9monter l\u2019installation et \u00e0 s\u2019emparer de l\u2019optique de ce dispositif install\u00e9 avant l\u2019\u00e9t\u00e9 sur le square Ravel<\/strong> et orient\u00e9 pour assurer la surveillance de la salle tr\u00e9b\u00e9enne de l\u2019amiti\u00e9 de la f\u00eate et de la fraternit\u00e9 (STAFF). Hier (mercredi), le maire Eric Menassi confirmait que les investigations \u00e9taient encore en cours, mais aussi qu\u2019une nouvelle cam\u00e9ra serait install\u00e9e avant la fin de l\u2019ann\u00e9e 2016, alors que les assurances doivent proc\u00e9der au remboursement de <strong>l\u2019outil, \u00e9valu\u00e9 \u00e0 pr\u00e8s de 4 000 \u20ac<\/strong>\u00a0: \u00ab\u00a0<i>Fin 2016, cinq autres nouvelles cam\u00e9ras seront install\u00e9es, pour porter \u00e0 28 le dispositif, sur les 33 pr\u00e9conis\u00e9es par les gendarmes lors du bilan effectu\u00e9<\/i>.\u00a0\u00bb<\/p>\n<p><strong>Remplac\u00e9e d\u2019ici la fin de l\u2019ann\u00e9e<\/strong><\/p>\n<p>L\u2019occasion de souligner l\u2019apport, selon lui \u00e9vident, du dispositif en mati\u00e8re de \u00ab\u00a0r\u00e9solutions d\u2019incivilit\u00e9s ou de cambriolages. Une vingtaine d\u2019affaires ont \u00e9t\u00e9 \u00e9lucid\u00e9es gr\u00e2ce aux images des cam\u00e9ras\u00a0\u00bb. Un atout, donc, selon le maire, qui devrait prochainement recevoir de nouveau le pr\u00e9fet de l\u2019Aude pour une r\u00e9union du conseil local de s\u00e9curit\u00e9 et de pr\u00e9vention de la d\u00e9linquance (CLSPD), pour l\u2019inauguration d\u2019un local relais citoyen dans le quartier de l\u2019Aiguille, mais aussi pour la signature d\u2019une convention-cadre entre la police municipale et la gendarmerie.<\/p>\n<\/div>\n","protected":false},"excerpt":{"rendered":"<p>Br\u00e8ves du D\u00e9sordre Incroyable\u00a0: une cam\u00e9ra de vid\u00e9osurveillance vol\u00e9e, quartier de l\u2019Aiguille, \u00e0 Tr\u00e8bes L\u2019Ind\u00e9pendant, 06 octobre \u00e0 6h00 Le paradoxe veut qu\u2019aucune image du d\u00e9lit n\u2019ait pour l\u2019heure permis aux gendarmes tr\u00e9b\u00e9ens, charg\u00e9s de l\u2019enqu\u00eate, de retrouver le ou les auteurs du vol de la cam\u00e9ra de vid\u00e9osurveillance commis il y a quelques jours [&hellip;]<\/p>\n","protected":false},"author":7964,"featured_media":0,"comment_status":"closed","ping_status":"closed","sticky":false,"template":"","format":"standard","meta":{"footnotes":""},"categories":[1],"tags":[],"class_list":["post-6527","post","type-post","status-publish","format-standard","hentry","category-general"],"_links":{"self":[{"href":"https:\/\/lelaboratoireanarchiste.noblogs.org\/index.php?rest_route=\/wp\/v2\/posts\/6527","targetHints":{"allow":["GET"]}}],"collection":[{"href":"https:\/\/lelaboratoireanarchiste.noblogs.org\/index.php?rest_route=\/wp\/v2\/posts"}],"about":[{"href":"https:\/\/lelaboratoireanarchiste.noblogs.org\/index.php?rest_route=\/wp\/v2\/types\/post"}],"author":[{"embeddable":true,"href":"https:\/\/lelaboratoireanarchiste.noblogs.org\/index.php?rest_route=\/wp\/v2\/users\/7964"}],"replies":[{"embeddable":true,"href":"https:\/\/lelaboratoireanarchiste.noblogs.org\/index.php?rest_route=%2Fwp%2Fv2%2Fcomments&post=6527"}],"version-history":[{"count":1,"href":"https:\/\/lelaboratoireanarchiste.noblogs.org\/index.php?rest_route=\/wp\/v2\/posts\/6527\/revisions"}],"predecessor-version":[{"id":6528,"href":"https:\/\/lelaboratoireanarchiste.noblogs.org\/index.php?rest_route=\/wp\/v2\/posts\/6527\/revisions\/6528"}],"wp:attachment":[{"href":"https:\/\/lelaboratoireanarchiste.noblogs.org\/index.php?rest_route=%2Fwp%2Fv2%2Fmedia&parent=6527"}],"wp:term":[{"taxonomy":"category","embeddable":true,"href":"https:\/\/lelaboratoireanarchiste.noblogs.org\/index.php?rest_route=%2Fwp%2Fv2%2Fcategories&post=6527"},{"taxonomy":"post_tag","embeddable":true,"href":"https:\/\/lelaboratoireanarchiste.noblogs.org\/index.php?rest_route=%2Fwp%2Fv2%2Ftags&post=6527"}],"curies":[{"name":"wp","href":"https:\/\/api.w.org\/{rel}","templated":true}]}}