{"id":6521,"date":"2016-10-07T10:08:08","date_gmt":"2016-10-07T08:08:08","guid":{"rendered":"http:\/\/lelaboratoireanarchiste.noblogs.org\/?p=6521"},"modified":"2016-10-07T10:41:10","modified_gmt":"2016-10-07T08:41:10","slug":"la-voix-de-la-liberte-ozgur-radyo-ne-peut-etre-interdite","status":"publish","type":"post","link":"https:\/\/lelaboratoireanarchiste.noblogs.org\/?p=6521","title":{"rendered":"Communiqu\u00e9: Non \u00e0 l&rsquo; interdiction sur les presses!!!La voix de la libert\u00e9, \u00d6zg\u00fcr Radyo ne peut \u00eatre interdite !"},"content":{"rendered":"<p style=\"text-align: left\" align=\"center\">note: <strong>\u00e0\u00a0 diffuser<\/strong><\/p>\n<p style=\"text-align: left\" align=\"center\"><strong>re\u00e7u par mail<\/strong><\/p>\n<p align=\"center\"><span style=\"color: #343434\"><span style=\"font-family: Times New Roman,serif\"><span style=\"font-size: x-large\"><span lang=\"tr-TR\"><b>La voix de la libert\u00e9, \u00d6zg\u00fcr Radyo ne peut \u00eatre interdite !<\/b><\/span><\/span><\/span><\/span><\/p>\n<p align=\"justify\"><span style=\"font-family: Times New Roman,serif\"><span style=\"font-size: medium\"><span lang=\"fr-BE\">L\u2019attaque de l\u2019Etat fasciste turc contre les radios et les cha\u00eenes de t\u00e9l\u00e9visions de l\u2019opposition r\u00e9volutionnaire et progressiste continue. Les locaux des cha\u00eenes de t\u00e9l\u00e9visions et des radios sont investis par la police et leurs b\u00e2timents sont scell\u00e9s. Ils arr\u00eatent les travailleurs de ces derni\u00e8res en les\u00a0frappant.\u00a0<\/span><\/span><\/span><\/p>\n<p align=\"justify\"><span style=\"font-family: Times New Roman,serif\"><span style=\"font-size: medium\"><span lang=\"fr-BE\">Enfin, suite \u00e0 la d\u00e9cision du Conseil de S\u00e9curit\u00e9 Nationale et la promulgation d\u2019un d\u00e9cret par l\u2019Etat demandant la fermeture des t\u00e9l\u00e9visions r\u00e9volutionnaires et progressistes, 12 cha\u00eenes de TV ont \u00e9t\u00e9 ferm\u00e9s et 11 radios\u00a0qui sont\u00a0: \u0130MC TV, Hayat\u0131n Sesi, TV 10, Van TV, Jiyan TV, Azadi TV, Denge Tv, Zarok TV, Birlik Medya, Y\u00f6n Radyo, Radyo Ses, Radyo D\u00fcnya, \u00d6zg\u00fcr G\u00fcne\u015f Radyosu et \u00d6zg\u00fcr Radyo.<\/span><\/span><\/span><\/p>\n<p><span style=\"font-family: Times New Roman,serif\"><span style=\"font-size: medium\"><span lang=\"fr-BE\">Suites aux sales relations et aux sales engagements de l\u2019Etat fran\u00e7ais et de l\u2019Etat turc, la diffusion de la cha\u00eene de TV Med Nu\u00e7e a \u00e9t\u00e9 arr\u00eat\u00e9 par l\u2019entreprise Eutelsat ( r\u00e9seau satellitaire dont le si\u00e8ge central se trouve \u00e0 Paris.<\/span><\/span><\/span>Eutelsat 70, rue Balard-75502 Paris Cedex 15 France)<\/p>\n<p align=\"justify\"><span style=\"font-family: Times New Roman,serif\"><span style=\"font-size: medium\"><span lang=\"fr-BE\">Depuis des jours alors que les travailleurs de ces cha\u00eenes faisaient des gardes \u00e0 tour de r\u00f4le dans les b\u00e2timents de \u00d6zg\u00fcr Radyo et dans les studios d\u2019IMC TV, la police a investi les locaux et a arr\u00eat\u00e9 leur diffusion. Les travailleurs de la \u00d6zg\u00fcr Radyoo ainsi que les auditeurs venus en solidarit\u00e9, 18 personnes ont \u00e9t\u00e9 mises en garde \u00e0 vue violemment. <\/span><\/span><\/span><\/p>\n<p align=\"justify\"><span style=\"font-family: Times New Roman,serif\"><span style=\"font-size: medium\"><span lang=\"fr-BE\">Par ces attaques, le droit pour les peuples de Turquie et du Kurdistan de s\u2019informer est viol\u00e9. Le but de cette attaque \u00e0 l\u2019encontre de la presse libre est de cacher \u00e0 la population et au monde entier que le fascisme fait et fera par ces attaques et ces massacres. Le fascisme de l\u2019AKP\/la dictature du palais veut par ces attaques faire taire la presse et ensuite organiser de plus grandes attaques et massacres \u00e0 l\u2019encontre des forces qui r\u00e9sistent contre le fascisme. <\/span><\/span><\/span><\/p>\n<p align=\"justify\"><span style=\"font-family: Times New Roman,serif\"><span style=\"font-size: medium\"><span lang=\"fr-BE\">Par ces attaques, ils veulent mettre sous silence la voix des travailleurs, des Al\u00e9vis, des Kurdes, des jeunes, des femmes\u00a0: enfin, de tous les opprim\u00e9s. Toutes ces attaques et ces oppressions sont organis\u00e9es pour emp\u00eacher que les nouvelles atteignent la population. <\/span><\/span><\/span><span style=\"font-family: Times New Roman,serif\"><span style=\"font-size: medium\"><span lang=\"fr-FR\">La tradition de la presse libre, comme toujours, ne succombera pas \u00e0 la r\u00e9pression fasciste ni maintenant ni \u00e0 l&rsquo;avenir. Ils continueront \u00e0 crier la v\u00e9rit\u00e9 et \u00e0 cliver la voix de la v\u00e9rit\u00e9 dans l\u2019obscurit\u00e9 ainsi que la libert\u00e9 pour\u00a0les travailleurs.<\/span><\/span><\/span><\/p>\n<p align=\"justify\"><span style=\"font-family: Times New Roman,serif\"><span style=\"font-size: medium\"><span lang=\"fr-BE\">Nous voudrions encore une fois d\u00e9clarer notre solidarit\u00e9 avec les personnes mises en garde \u00e0 vue sous la torture lors de l\u2019op\u00e9ration \u00e0 la Radio Libre ainsi qu\u2019\u00e0 la fermeture de 12 cha\u00eenes de TV et 11 radios.<\/span><\/span><\/span><\/p>\n<p align=\"justify\"><span style=\"font-family: Times New Roman,serif\"><span style=\"font-size: medium\"><span lang=\"fr-BE\">Nous, la Conf\u00e9d\u00e9ration des Immigr\u00e9s Opprim\u00e9s d\u2019Europe, nous appelons toutes les forces d\u00e9mocratiques et progressistes d\u2019Europe \u00e0 venir \u00e9lever leurs voix et \u00e0 se rendre dans les rues pour protester contre les attaques de l\u2019Etat fasciste turc \u00e0 l\u2019encontre de la presse libre. <\/span><\/span><\/span><\/p>\n<p align=\"center\"><span style=\"font-family: Times New Roman,serif\"><span style=\"font-size: medium\"><span lang=\"fr-BE\">La presse libre ne se taira pas\u00a0!<\/span><\/span><\/span><\/p>\n<p align=\"center\"><span style=\"font-family: Times New Roman,serif\"><span style=\"font-size: medium\"><span lang=\"fr-BE\">A bas le\u00a0 r\u00e9gime fasciste en Turquie\u00a0!<\/span><\/span><\/span><\/p>\n<p align=\"center\"><span style=\"font-family: Times New Roman,serif\"><span style=\"font-size: large\"><span lang=\"tr-TR\"><b>AvEG-Kon (<\/b><\/span><\/span><\/span><span style=\"font-family: Times New Roman,serif\"><span style=\"font-size: large\"><span lang=\"fr-BE\"><b>Conf\u00e9d\u00e9ration des Opprim\u00e9s Immigr\u00e9s en Europe)<\/b><\/span><\/span><\/span><\/p>\n<p align=\"center\"><span style=\"font-size: medium\"><span lang=\"fr-FR\"><b>vEG-Kon:<\/b><\/span><\/span><span style=\"font-size: medium\"><span lang=\"fr-FR\"> c\/o ACT\u0130T, 54 Rue d\u2019Hauteville, 75010 Paris, France<\/span><\/span><\/p>\n<p align=\"center\"><span style=\"font-size: medium\">Web: www.avegkon.org, E-Mail: <a href=\"mailto:aveg-kon@hotmail.com\">aveg-kon@hotmail.com<\/a>,Web E-Mail: info@avegkon.org<\/span><\/p>\n","protected":false},"excerpt":{"rendered":"<p>note: \u00e0\u00a0 diffuser re\u00e7u par mail La voix de la libert\u00e9, \u00d6zg\u00fcr Radyo ne peut \u00eatre interdite ! L\u2019attaque de l\u2019Etat fasciste turc contre les radios et les cha\u00eenes de t\u00e9l\u00e9visions de l\u2019opposition r\u00e9volutionnaire et progressiste continue. Les locaux des cha\u00eenes de t\u00e9l\u00e9visions et des radios sont investis par la police et leurs b\u00e2timents sont [&hellip;]<\/p>\n","protected":false},"author":7964,"featured_media":0,"comment_status":"closed","ping_status":"closed","sticky":false,"template":"","format":"standard","meta":{"footnotes":""},"categories":[1],"tags":[],"class_list":["post-6521","post","type-post","status-publish","format-standard","hentry","category-general"],"_links":{"self":[{"href":"https:\/\/lelaboratoireanarchiste.noblogs.org\/index.php?rest_route=\/wp\/v2\/posts\/6521","targetHints":{"allow":["GET"]}}],"collection":[{"href":"https:\/\/lelaboratoireanarchiste.noblogs.org\/index.php?rest_route=\/wp\/v2\/posts"}],"about":[{"href":"https:\/\/lelaboratoireanarchiste.noblogs.org\/index.php?rest_route=\/wp\/v2\/types\/post"}],"author":[{"embeddable":true,"href":"https:\/\/lelaboratoireanarchiste.noblogs.org\/index.php?rest_route=\/wp\/v2\/users\/7964"}],"replies":[{"embeddable":true,"href":"https:\/\/lelaboratoireanarchiste.noblogs.org\/index.php?rest_route=%2Fwp%2Fv2%2Fcomments&post=6521"}],"version-history":[{"count":5,"href":"https:\/\/lelaboratoireanarchiste.noblogs.org\/index.php?rest_route=\/wp\/v2\/posts\/6521\/revisions"}],"predecessor-version":[{"id":6526,"href":"https:\/\/lelaboratoireanarchiste.noblogs.org\/index.php?rest_route=\/wp\/v2\/posts\/6521\/revisions\/6526"}],"wp:attachment":[{"href":"https:\/\/lelaboratoireanarchiste.noblogs.org\/index.php?rest_route=%2Fwp%2Fv2%2Fmedia&parent=6521"}],"wp:term":[{"taxonomy":"category","embeddable":true,"href":"https:\/\/lelaboratoireanarchiste.noblogs.org\/index.php?rest_route=%2Fwp%2Fv2%2Fcategories&post=6521"},{"taxonomy":"post_tag","embeddable":true,"href":"https:\/\/lelaboratoireanarchiste.noblogs.org\/index.php?rest_route=%2Fwp%2Fv2%2Ftags&post=6521"}],"curies":[{"name":"wp","href":"https:\/\/api.w.org\/{rel}","templated":true}]}}