{"id":648,"date":"2014-11-08T10:41:02","date_gmt":"2014-11-08T09:41:02","guid":{"rendered":"http:\/\/lelaboratoireanarchiste.noblogs.org\/?p=648"},"modified":"2014-11-08T10:47:15","modified_gmt":"2014-11-08T09:47:15","slug":"assassinat-de-remi-fraisse-ni-justice-ni-paix","status":"publish","type":"post","link":"https:\/\/lelaboratoireanarchiste.noblogs.org\/?p=648","title":{"rendered":"Assassinat de R\u00e9mi Fraisse :NI JUSTICE NI PAIX"},"content":{"rendered":"<p><strong>Remi Fraisse a ete tue par les flics le 26 octobre lors<\/strong><br \/>\n<strong>d&rsquo;affrontements pour empecher la construction d&rsquo;un barrage dans le Tarn.<\/strong><br \/>\n<strong>Les journalistes sont alles chercher un\u00a0 frere de Vital Michallon, tue lors d&rsquo;une<\/strong><br \/>\n<strong>manifestation \u00e0 Creys Malville en 1977,pour parler des violences policieres, et au<\/strong><br \/>\n<strong>passage condamner \u00ab\u00a0la violence des casseurs\u00a0\u00bb.<\/strong><img loading=\"lazy\" decoding=\"async\" id=\"il_fi\" src=\"http:\/\/bleys.spb.ru\/gallery\/d\/8546-4\/IMG--0486.JPG\" alt=\"\" width=\"605\" height=\"507\" \/><\/p>\n<p><strong>Pourtant pas besoin d&rsquo;aller si loin dans letemps pour rappeler le nom de tous ceux tues<\/strong><br \/>\n<strong>par la police, dans la rue et dans les commissariats (Abdelhakim Ajimi en 2008, Ali Ziri en 2009, AmineBentounsi et Wissam El Yamni en 2012 et encore bien d&rsquo;autres), et<\/strong><br \/>\n<strong>par les matons dans les prisons ( Jamal Ghermaoui en 2011, <a title=\"Soir\u00e9e de soutien au collectif Justice et V\u00e9rit\u00e9 pour Sofiane Mostefaoui [20 d\u00e9c. 2013 \u2013 Lyon]\" href=\"http:\/\/www.etatdexception.net\/?p=6685\">Sofiane Mostefaoui<\/a> en 2013, et encore bien d&rsquo;autres).La police tue parce qu&rsquo;elle a pour fonction d&rsquo;imposer la loi et d&rsquo;incarner le pouvoir. En dernier recours elle tue pour le faire ; c&rsquo;est \u00e0 ca qu&rsquo;elle sert.<\/strong><br \/>\n<strong>Elle le fera pour garantir les projets de l&rsquo;Etat, ses centrales nucleaires, sesprisons, ses banques, ses supermarches, etc. Elle le fait et le fera quandelle defend ces insitutions, ou dans les banalite des controles.Les journalistes et les politiciens nous rabattent les oreilles avec la<\/strong> <strong>violence des manifestations. La premiere des violences, c&rsquo;est celle de l&rsquo;Etat et de sa police. Contre eux, il est necessaire de se defendre, et de riposter.L&rsquo;Etat ne nous concedera jamais la liberte, il faudra aller la prendre<\/strong><\/p>\n<h1>ni justice ni paix<\/h1>\n<p>.Pour avancer dans les reflexions, voil\u00e0 un texte qui a ete ecrit par Farid ElYamni, dont le frere Wissam, 30 ans, est mort le 9 janvier 2012 \u00e0 Clermont Ferrand apres une \u00ab\u00a0interpellation musclee\u00a0\u00bb le soir du nouvel an. C&rsquo;est unelettre destinee \u00e0 la mere de Remi Fraisse, qui a ete rendue publique. croyait pas. Francois Hollande, luimeme,avait pris ma mere dans ses bras et lui avait<br \/>\npromis qu\u2019il nous aiderait \u00e0 faire la lumiere<\/p>\n<div class=\"\">\n<div class=\"surlignable\">\n<div class=\"crayon article-texte-1952 texte-principal text\">\n<p>J\u2019ai perdu mon fr\u00e8re dans des conditions tr\u00e8s proches de celles dans lesquelles vous avez perdu votre fils. Mon fr\u00e8re qui prenait tant soin de ma m\u00e8re nous a quitt\u00e9, il ne reviendra plus. La perte de mon fr\u00e8re \u00e9tait sur le coup une douleur immense que je ressens \u00e0 chaque fois que l\u2019\u00c9tat assassine \u00e0 nouveau.<i> \u00ab\u00a0L\u00e0 o\u00f9 cro\u00eet le danger cro\u00eet aussi ce qui sauve\u00a0\u00bb<\/i> disait quelqu\u2019un. \u00c0 chaque fois que l\u2019\u00c9tat assassine on a aussi l\u2019opportunit\u00e9 de l\u2019arr\u00eater, de le contraindre \u00e0 changer et de rendre la dignit\u00e9 perdue \u00e0 tous les autres.<\/p>\n<p>Par la mort de R\u00e9mi se noue beaucoup plus que l\u2019histoire d\u2019une vie, il se noue notre vie \u00e0 tous, individuellement et collectivement. La criminalisation qui a \u00e9t\u00e9 op\u00e9r\u00e9e est terrible, \u00e7a a \u00e9t\u00e9 la m\u00eame chose pour nous. J\u2019ai compris plus tard qu\u2019elle \u00e9tait voulue. Je ne voulais qu\u2019une chose, que la Justice fasse la v\u00e9rit\u00e9 et rende la dignit\u00e9 que m\u00e9ritait mon fr\u00e8re, dans le calme, et que cette histoire profite \u00e0 tous, \u00e0 nous les gouvern\u00e9s pour mieux nous aimer et \u00e0 la police pour la r\u00e9concilier avec la nation. Je pensais que la police ne pouvait accepter dans ses rangs des assassins, je ne la connaissais \u00e0 l\u2019\u00e9poque pas assez. Je me trompais. Les quartiers ont br\u00fbl\u00e9, on a appel\u00e9 au calme\u00a0: chaque voiture ou chaque poubelle br\u00fbl\u00e9e \u00e9tait v\u00e9cue comme une insulte, comme une \u00e9pine en plein c\u0153ur, une \u00e9pine sur laquelle on appuyait.<\/p>\n<p>Puis le temps est pass\u00e9, on nous a promis la v\u00e9rit\u00e9, mais on n\u2019a eu que des mensonges, que des fausses promesses, comme tant d\u2019autres avant nous. On nous avait pr\u00e9venu, mais on n\u2019y croyait pas. Fran\u00e7ois Hollande, lui-m\u00eame, avait pris ma m\u00e8re dans ses bras et lui avait promis qu\u2019il nous aiderait \u00e0 faire la lumi\u00e8re sur la mort de son fils. Sans la justice et la v\u00e9rit\u00e9, on vivait le temps qui passait comme une condamnation. Nous \u00e9tions toujours en prison, \u00e0 suffoquer et \u00e0 appeler la Justice \u00e0 l\u2019aide.<\/p>\n<p>Et puis on a compris que notre cas n\u2019\u00e9tait pas isol\u00e9, que tant d\u2019autres familles vivaient et vivent la m\u00eame chose. Il y a tant d\u2019humiliations et de mutilations commises consciemment par la police et couvertes par la justice, tant\u00a0!<\/p>\n<p>On a aussi d\u00e9couvert la mani\u00e8re de penser des policiers, \u00e7a fait froid dans le dos. Voici un exemple\u00a0: Mercredi dernier, suite \u00e0 la manifestation sur Paris, un des policiers m\u2019a dit <i>\u00ab\u00a01-0\u00a0\u00bb<\/i> devant ses autres coll\u00e8gues au commissariat, qui ricanaient lorsqu\u2019ils me voyaient arborer le tee-shirt <i>\u00ab\u00a0Urgence Notre Police Assassine\u00a0\u00bb<\/i>. Aucun ne l\u2019a repris, aucun\u2026 Des exemples de ce genre, tant de fran\u00e7ais en vivent quotidiennement, ils n\u2019en peuvent plus de cette police et n\u2019en voient pas le bout.<\/p>\n<p>Je comprends l\u2019appel au calme, on l\u2019a \u00e9galement fait. Comprenez \u00e9galement que de nombreuses personnes ne croient plus en ce syst\u00e8me qui donne une impunit\u00e9 de facto \u00e0 la police. Comprenez que l\u2019on ne peut concevoir la non-violence qu\u2019\u00e0 condition de supposer que le camp d\u2019en face est capable de se remettre en cause\u00a0: ils en sont humainement incapables, parce qu\u2019ils consid\u00e8rent que remettre en cause la police, ce serait remettre en cause l\u2019\u00c9tat. Depuis 40 ans, la police tue impun\u00e9ment, \u00e0 r\u00e9p\u00e9tition. Depuis 40 ans, on assiste \u00e0 la m\u00eame d\u00e9marche pour noyer les meurtres de l\u2019\u00c9tat, malgr\u00e9 les vid\u00e9os, les t\u00e9moins, les \u00e9vidences. Depuis 40 ans, il y a des sit-in, des manifestations, des livres, des prises de positions d\u2019hommes politiques, des tribunes adress\u00e9es au ministre de l\u2019int\u00e9rieur. Depuis 40 ans, \u00e7a ne fonctionne pas.<\/p>\n<p>Voici comment \u00e7a se passe\u00a0: d\u00e9p\u00eache AFP, mensonge du procureur, enqu\u00eate de mauvaise qualit\u00e9 et tronqu\u00e9e pour aboutir sur une condamnation ridicule apr\u00e8s de nombreuses ann\u00e9es, voire \u00e0 une absence de condamnation. Le pire, c\u2019est que ceux qui vont enterrer l\u2019affaire auront des promotions et ceux qui ont tu\u00e9 nos fr\u00e8res, nos fils ou amis, eux seront trait\u00e9s comme des champions par leurs coll\u00e8gues. Telle est la r\u00e9alit\u00e9 que vous vivrez vous aussi.<\/p>\n<p>Manuel Valls dit que les violences sont des insultes \u00e0 la m\u00e9moire de R\u00e9mi, mais sachez que Manuel Valls, par son inaction \u00e0 combattre l\u2019impunit\u00e9 polici\u00e8re, est le premier meurtrier de votre fils. C\u2019est un criminel r\u00e9cidiviste. Il est venu \u00e0 Clermont-Ferrand une semaine avant le rendu du rapport de contre-autopsie bidon dont il connaissait les aboutissants, et il n\u2019a parl\u00e9 de l\u2019affaire que pour mieux condamner les violences de ceux que la mise \u00e0 mort de mon fr\u00e8re r\u00e9voltait.<\/p>\n<p>Madame, les gens se battent pour R\u00e9mi, pour leur dignit\u00e9 et pour leurs id\u00e9aux. Ils se battent pour vous, pour nous tous, pour que la fraternit\u00e9 soit effective. Ceux qui se battent connaissent assez la malveillance de nos gouvernants pour comprendre qu\u2019on tente de nous fait croire que nous sommes dans un \u00c9tat de droit, alors que nous sommes dans un \u00c9tat de devoir. L\u2019\u00c9tat ne respecte pas la loi qu\u2019il demande qu\u2019on respecte. Il se joue de notre corps, de notre confiance, de notre argent et de notre dignit\u00e9. Il nous demande d\u2019\u00eatre \u00e0 genoux, c\u2019est un imp\u00e9ratif cat\u00e9gorique.<\/p>\n<p>Je vous ai \u00e9crit cette lettre \u00e0 vous comme \u00e0 tous ceux qui me liront pour vous faire savoir que je comprends aujourd\u2019hui plus que jamais combien la non violence dans les affaires de crimes d\u2019\u00c9tat a ses limites. La non-violence, par son impuissance, est parfois plus condamnable, plus meurtri\u00e8re que la violence elle m\u00eame. Les gens qui nous gouvernent sont malveillants, arrivistes, sadiques et r\u00e9cidivistes. Ils doivent partir par tous les moyens n\u00e9cessaires.<\/p>\n<p><strong>Farid El Yamni<\/strong>, fr\u00e8re de Wissam El Yamni, <a class=\"spip_out\" href=\"https:\/\/paris-luttes.info\/retour-deux-ans-plus-tard-sur-la\">assassin\u00e9 par la police le 1er janvier 2012<\/a> \u00e0 Clermont Ferrand.<\/p>\n<\/div>\n<\/div>\n<\/div>\n<hr \/>\n<div class=\"suggest col-14\">\n<div id=\"cartouches\" class=\"sommaire_rubrique col-lg-14 col-md-14 col-sm-14 col-xs-14\">\n<h2>A<\/h2>\n<\/div>\n<\/div>\n","protected":false},"excerpt":{"rendered":"<p>Remi Fraisse a ete tue par les flics le 26 octobre lors d&rsquo;affrontements pour empecher la construction d&rsquo;un barrage dans le Tarn. Les journalistes sont alles chercher un\u00a0 frere de Vital Michallon, tue lors d&rsquo;une manifestation \u00e0 Creys Malville en 1977,pour parler des violences policieres, et au passage condamner \u00ab\u00a0la violence des casseurs\u00a0\u00bb. Pourtant pas [&hellip;]<\/p>\n","protected":false},"author":7964,"featured_media":0,"comment_status":"closed","ping_status":"closed","sticky":false,"template":"","format":"standard","meta":{"footnotes":""},"categories":[1],"tags":[],"class_list":["post-648","post","type-post","status-publish","format-standard","hentry","category-general"],"_links":{"self":[{"href":"https:\/\/lelaboratoireanarchiste.noblogs.org\/index.php?rest_route=\/wp\/v2\/posts\/648","targetHints":{"allow":["GET"]}}],"collection":[{"href":"https:\/\/lelaboratoireanarchiste.noblogs.org\/index.php?rest_route=\/wp\/v2\/posts"}],"about":[{"href":"https:\/\/lelaboratoireanarchiste.noblogs.org\/index.php?rest_route=\/wp\/v2\/types\/post"}],"author":[{"embeddable":true,"href":"https:\/\/lelaboratoireanarchiste.noblogs.org\/index.php?rest_route=\/wp\/v2\/users\/7964"}],"replies":[{"embeddable":true,"href":"https:\/\/lelaboratoireanarchiste.noblogs.org\/index.php?rest_route=%2Fwp%2Fv2%2Fcomments&post=648"}],"version-history":[{"count":4,"href":"https:\/\/lelaboratoireanarchiste.noblogs.org\/index.php?rest_route=\/wp\/v2\/posts\/648\/revisions"}],"predecessor-version":[{"id":652,"href":"https:\/\/lelaboratoireanarchiste.noblogs.org\/index.php?rest_route=\/wp\/v2\/posts\/648\/revisions\/652"}],"wp:attachment":[{"href":"https:\/\/lelaboratoireanarchiste.noblogs.org\/index.php?rest_route=%2Fwp%2Fv2%2Fmedia&parent=648"}],"wp:term":[{"taxonomy":"category","embeddable":true,"href":"https:\/\/lelaboratoireanarchiste.noblogs.org\/index.php?rest_route=%2Fwp%2Fv2%2Fcategories&post=648"},{"taxonomy":"post_tag","embeddable":true,"href":"https:\/\/lelaboratoireanarchiste.noblogs.org\/index.php?rest_route=%2Fwp%2Fv2%2Ftags&post=648"}],"curies":[{"name":"wp","href":"https:\/\/api.w.org\/{rel}","templated":true}]}}