{"id":5294,"date":"2016-06-19T12:34:14","date_gmt":"2016-06-19T10:34:14","guid":{"rendered":"http:\/\/lelaboratoireanarchiste.noblogs.org\/?p=5294"},"modified":"2016-06-19T13:28:36","modified_gmt":"2016-06-19T11:28:36","slug":"publie-par-p-a-c-o-post-non-verifie-par-la-redaction-les-anarchistes-francais-et-espagnols-dans-la-resistance","status":"publish","type":"post","link":"https:\/\/lelaboratoireanarchiste.noblogs.org\/?p=5294","title":{"rendered":"Les anarchistes fran\u00e7ais et espagnols dans la R\u00e9sistance"},"content":{"rendered":"<p> <strong>Note: dans la Dr\u00f4me et l&rsquo;is\u00e8re  la r\u00e9sistance \u00e0 la r\u00e9volution nationale ( gouvernement de P\u00e9tain) n&rsquo;est pas seulement des FFI et les FTP. les maquis anarchistes dans la Dr\u00f4me et l&rsquo;Is\u00e8re ont \u00e9t\u00e9 \u00e9limin\u00e9s . car ils elles \u00e9taient contre toutes les religions   et anti staliniens  ils elles \u00e9taient contre toutes hi\u00e9rarchies et ils elles pratiquaient la reprise individuelle.; Combien de r\u00e9cits et de t\u00e9moignages qui circulent d&rsquo;\u00e9pisodes de razzia d&rsquo; extermination  effectu\u00e9s tant par les FFI et les FTP  contre ces foyers de  r\u00e9sistants<\/strong>  cette affirmation a t\u00e9 construite \u00e0 partir de t\u00e9moignages oraux   et  un \u00e9tude reste \u00e0 faire ( <strong>vous pouvez nous contacter) <\/strong>   le r\u00f4le de Pierre-Dominique Dunoyer de Segonzac.le  de l&rsquo;\u00e9cole d&rsquo;uriage <a href=\"http:\/\/www.persee.fr\/doc\/rfsp_0035-2950_1959_num_9_4_403038\">premi\u00e8re p\u00e9riode<\/a>  et  avec la date du  18 juin  correspond pour nous \u00e0 une  OPA d&rsquo;une partie de cette arm\u00e9e fran\u00e7aise qui condamnait les mouvements de gr\u00e8ve de juin 1936 et la r\u00e9volution libertaire dans la p\u00e9ninsule Ib\u00e9rique, on doit se souvenir de la guerre entre les libertaires  et les staliniens au cours de la r\u00e9volution en espagne<br \/>\n<strong>voici un texte r\u00e9cup\u00e9r\u00e9 sur internet<\/strong><\/p>\n<p> Hormis quelques rares \u00e9tudes, peu d\u2019ouvrages se sont pench\u00e9s sur le r\u00f4le des anarchistes pendant la Seconde guerre mondiale. Des raisons id\u00e9ologiques expliquent en partie \u00ab l\u2019oubli \u00bb des historiens gaullistes ou communistes. Des auteurs comme Maurice Rajsfus n\u2019ont h\u00e9las pas fait beaucoup mieux. Son livre, La Lib\u00e9ration inconnue, publi\u00e9 en 2004, est bien d\u00e9cevant.<\/p>\n<p> Reconnaissons qu\u2019il n\u2019est pas simple de cerner la question. La r\u00e9volution libertaire espagnole, et sa tragique issue, avaient attis\u00e9 les querelles entre les courants anarchistes fran\u00e7ais (communistes libertaires, anarcho-syndicalistes, synth\u00e9sistes, individualistes). Ce qui ne facilite pas la t\u00e2che. Du fait de cette division et de la r\u00e9pression, la mouvance anarchiste \u00e9tait totalement d\u00e9sorganis\u00e9e. Il faut donc souvent aller gratter dans l\u2019action individuelle d\u00e9ploy\u00e9e par de nombreux-ses militant-e-s dans diff\u00e9rentes r\u00e9gions du pays.<\/p>\n<p> En prenant le temps de faire du lien entre les documents et t\u00e9moignages existants, il est n\u00e9anmoins possible d\u2019offrir un panorama assez convainquant, mais complexe. Remontant jusqu\u2019aux ann\u00e9es trente pour bien saisir toutes les nuances qui agitaient la mouvance libertaire, Michel Sahuc s\u2019est notamment plong\u00e9 dans les travaux de l\u2019historien anglais David Berry, dans les pr\u00e9cieuses archives du Centre international de recherche sur l\u2019anarchisme (CIRA) de Marseille, dans le dictionnaire biographique du mouvement ouvrier fran\u00e7ais (le Maitron) et dans une quantit\u00e9 d\u2019ouvrages sp\u00e9cialis\u00e9s.<\/p>\n<p> \u00ab Les anarchistes n\u2019appartenaient pas \u00e0 la R\u00e9sistance, mais faisaient partie des r\u00e9sistants \u00bb, explique Bruno L\u00e9dy dans une th\u00e8se de Ma\u00eetrise d\u2019histoire contemporaine soutenue en 2002. Ces militant-e-s ont agi dans la r\u00e9sistance syndicale, dans les maquis, dans les r\u00e9seaux d\u2019\u00e9vasion\u2026 Ils ont aussi jou\u00e9 un r\u00f4le \u00ab obscur \u00bb non n\u00e9gligeable (solidarit\u00e9 avec les insoumis, les juifs et les r\u00e9sistants, h\u00e9bergement et passage en zone \u00ab libre \u00bb des pers\u00e9cut\u00e9-e-s, fabrication de faux documents&#8230;). Souvent isol\u00e9s et d\u00e9sunis, ils partageaient toutefois des id\u00e9aux sp\u00e9cifiques : l\u2019antifascisme, l\u2019antinazisme, l\u2019anticapitalisme, l\u2019anti-imp\u00e9rialisme, mais aussi l\u2019antipatriotisme, l\u2019antigaullisme, l\u2019anticommunisme et l\u2019antibellicisme\u2026 \u00ab Ni Thorez, ni De Gaulle \u00bb \u00e9tait un slogan r\u00e9pandu. Une option qui excluait toute possibilit\u00e9 d\u2019int\u00e9gration r\u00e9elle dans la R\u00e9sistance officielle. Seuls quelques anarcho-syndicalistes engag\u00e9s dans la CGT clandestine ou dans certains r\u00e9seaux de l\u2019Arm\u00e9e secr\u00e8te reconnurent De Gaulle comme le chef de la R\u00e9sistance.<\/p>\n<p> Des liens existeront cependant entre anarchistes et gaullistes (comme \u00e0 Narbonne o\u00f9 les anars croiseront le groupe Combat et l\u2019Arm\u00e9e secr\u00e8te), entre anars, syndicalistes r\u00e9volutionnaires et socialistes (comme \u00e0 Lyon ou avec Lib\u00e9ration Nord), entre anars et communistes (comme dans le Lot-et-Garonne). Les rapports entre anarchistes et communistes \u00e9taient des plus tendus. Les comportements staliniens, le pacte germano-sovi\u00e9tique et le nationalisme x\u00e9nophobe \u00e0 la mode coco ne pouvaient s\u2019accorder avec l\u2019antifascisme et l\u2019internationalisme prol\u00e9tarien constants pr\u00f4n\u00e9s par les anarchistes.<\/p>\n<p> Par principe, louable, de nombreux anarchistes pacifistes refusaient la guerre. Leader de l\u2019Union anarchiste, Louis Lecoin (qui, plus tard, en 1961, \u00e0 74 ans, arracha \u00e0 De Gaulle un statut pour les objecteurs de conscience apr\u00e8s vingt-deux jours de gr\u00e8ve de la faim) fut arr\u00eat\u00e9 le 29 septembre 1939 (et lib\u00e9r\u00e9 en\u2026 1943) pour avoir distribu\u00e9 l\u2019appel Paix imm\u00e9diate ! qu\u2019il avait r\u00e9dig\u00e9. De nombreux autres distributeurs furent \u00e9pingl\u00e9s. Idem pour une longue liste de r\u00e9fractaires, d\u2019insoumis, de d\u00e9serteurs et d\u2019objecteurs de conscience qui connurent camps d\u2019internement et disciplinaires, prisons militaires, d\u00e9portation.<\/p>\n<p> Malheureusement, quelques syndicalistes et pacifistes vont \u00eatre abus\u00e9s par l\u2019armistice et seront s\u00e9duits par le gouvernement de P\u00e9tain. L\u2019essai de Michel Sahuc n\u2019oblit\u00e8re pas les compromissions de certains sinistres individus. Toutes les organisations ouvri\u00e8res ont eu leurs brebis galeuses. Dans ce bourbier puant, Ren\u00e9 Belin, ancien c\u00e9g\u00e9tiste, deviendra par exemple le ministre du Travail qui mettra en \u0153uvre la fameuse Charte du Travail. Des pacifistes int\u00e9graux franchiront aussi le pas vers la collaboration dans les syndicats v\u00e9reux, dans la presse collabo et pro-nazie\u2026 La brochette de socialistes, de communistes, de syndicalistes et d\u2019anarchistes qui confondirent R\u00e9volution nationale et r\u00e9volution tout court eut quelques comptes \u00e0 rendre \u00e0 la Lib\u00e9ration, parfois avant\u2026 Les pages tr\u00e8s document\u00e9es de Michel Sahuc sur ces \u00ab rouges-bruns \u00bb ne sont pas les plus plaisantes, mais elles sont indispensables.<\/p>\n<p> Il est impossible ici de citer tous les noms et les parcours mentionn\u00e9s dans Un Regard noir. D\u2019Armand Gatti \u00e0 Jean-Ren\u00e9 Sauli\u00e8re alias Andr\u00e9 Arru, en passant par Louis Mercier-V\u00e9ga, Roger Paon, Jeannot Cluzel, Sonia Malkine Picqueray, Lucien Casier, Andr\u00e9 Respaut, Ludovic Pradier, Yves-Michel Biget, Jean Roumilhac, Beno\u00eet Perrier, Pepito Rosell, Suzie Chevet, May Picqueray, G\u00e9rard Duverger\u2026 Chacun-e a fait selon sa conscience et ses moyens.<\/p>\n<p> Dans un autre registre, arr\u00eatons-nous sur des moments significatifs qui illustrent les liens, et non des moindres, qui pouvaient exister, malgr\u00e9 tout, entre R\u00e9sistance officielle et anarchistes. Prenons le cas d\u2019Albert Guigui-Terral alias Varlin. En 1943, correcteur d\u2019imprimerie \u00e0 Toulouse, Varlin a fait remettre \u00e0 De Gaulle un m\u00e9morandum sur les risques qui p\u00e8seraient sur la classe ouvri\u00e8re fran\u00e7aise si un appel \u00e0 la gr\u00e8ve g\u00e9n\u00e9rale \u00e9tait lanc\u00e9 sans \u00eatre synchronis\u00e9 avec le d\u00e9barquement alli\u00e9. Varlin d\u00e9fendit sa position dans une r\u00e9union pr\u00e9sid\u00e9e par Jean Moulin. Il fut entendu. La m\u00eame ann\u00e9e, Varlin repr\u00e9senta la CGT clandestine \u00e0 Londres aupr\u00e8s de De Gaulle et obtint la cr\u00e9ation d\u2019un fonds de soutien pour les syndicats. Ainsi, le Bureau central de renseignement et d\u2019action (BCRA) versa pendant plusieurs mois une enveloppe franco-anglo-am\u00e9ricaine \u00e0 la CGT clandestine.<\/p>\n<p> Direction Caen. Robert Douin alias Civette appartenait au r\u00e9seau Alliance cr\u00e9\u00e9 en 1940. Il dirigeait la partie Ouest du Calvados. Avec son \u00e9quipe, il dressait des cartes d\u2019\u00e9tat major pour localiser les activit\u00e9s allemandes en Basse-Normandie. Termin\u00e9es, les cartes furent transmises \u00e0 Londres pour pr\u00e9parer le d\u00e9barquement du 6 juin 1944. Le 17 mars 1944, peu de temps apr\u00e8s avoir termin\u00e9 leur travail, vingt-et-un r\u00e9sistants du groupe Alliance seront arr\u00eat\u00e9s par la Gestapo. Robert Douin \u00e9tait parmi eux. Apr\u00e8s avoir \u00e9t\u00e9 tortur\u00e9, il sera ex\u00e9cut\u00e9 quelques jours avant la lib\u00e9ration de la ville par les alli\u00e9s qu\u2019il avait guid\u00e9s par ses pr\u00e9cieux renseignements.<\/p>\n<p> Si les anarchistes fran\u00e7ais n\u2019\u00e9taient pas toujours tr\u00e8s organis\u00e9s, leurs compagnons espagnols, bien entra\u00een\u00e9s par la lutte contre Franco, poursuivaient avec ardeur leur combat antifasciste en France dans des groupes FTP, MUR, AS, FFI, de mani\u00e8re autonome ou m\u00eame au sein de la Nueve, la 9e compagnie de la 2e DB qui lib\u00e9ra Paris avec des v\u00e9hicules portant le nom de batailles de la guerre civile (Madrid, Teruel\u2026). Pour sa part, Francisco Ponzan Vidal alias Fran\u00e7ois Vidal \u00e9tait un responsable de la Conf\u00e9d\u00e9ration nationale du travail (CNT) en Aragon durant la guerre d\u2019Espagne. Il \u00e9tait sp\u00e9cialis\u00e9 dans le renseignement militaire, le sabotage et le sauvetage des personnes pers\u00e9cut\u00e9es. D\u00e8s mai 1939, en lien avec l\u2019Intelligence service, le BCRA, le r\u00e9seau Sabot et le groupe Combat, il cr\u00e9a un r\u00e9seau qui couvrait une zone allant de Bruxelles \u00e0 Lisbonne. 1500 personnes, dont 700 aviateurs alli\u00e9s, purent s\u2019\u00e9vader avec l\u2019aide du r\u00e9seau Ponzan. Arr\u00eat\u00e9 par la police fran\u00e7aise, Francesco Ponzan a \u00e9t\u00e9 ex\u00e9cut\u00e9 par les Allemands le 17 ao\u00fbt 1944.<\/p>\n<p> Apr\u00e8s un temps d\u2019oubli et de calomnies, un juste hommage commence \u00e0 \u00eatre rendu aux r\u00e9sistants anarchistes. En juin 2008, le conseil municipal de Brest a d\u00e9cid\u00e9 de donner le nom de Jules Le Gall \u00e0 l\u2019une de ses places. La phrase \u00ab Jules Le Gall 1881-1944, anarchiste et franc-ma\u00e7on mort \u00e0 Buchenwald \u00bb sera inscrite sur la plaque. Jules Le Gall, co-fondateur de la Bourse du travail en 1904, solidaire de Sacco et Vanzetti, solidaire de Nestor Makhno (anarchiste ukrainien pers\u00e9cut\u00e9 par le pouvoir sovi\u00e9tique) fut arr\u00eat\u00e9 par la police fran\u00e7aise en 1941 et d\u00e9port\u00e9.<\/p>\n<p> Les anarchistes ne recherchent pas sp\u00e9cialement les honneurs. Loin des jeux politiciens, ils ne r\u00e9clament que justice et \u00e9galit\u00e9, pour les vivants comme pour les morts. Le livre de Michel Sahuc rend hommage \u00e0 ces r\u00e9sistants qui ne combattaient pas pour \u00ab la France \u00bb, mais pour la libert\u00e9 partout dans le monde et contre l\u2019oppression sous toutes ses formes.<\/p>\n<p> Michel Sahuc, Un Regard noir \u2013 La mouvance anarchiste au seuil de la seconde guerre mondiale et sous l\u2019occupation nazie (1936-1945), \u00e9ditions du Monde libertaire, 168 pages. 10 euros. En vente dans toutes les bonnes librairies et particuli\u00e8rement chez Publico 145, rue Amelot 75011 Paris.<\/p>\n","protected":false},"excerpt":{"rendered":"<p>Note: dans la Dr\u00f4me et l&rsquo;is\u00e8re la r\u00e9sistance \u00e0 la r\u00e9volution nationale ( gouvernement de P\u00e9tain) n&rsquo;est pas seulement des FFI et les FTP. les maquis anarchistes dans la Dr\u00f4me et l&rsquo;Is\u00e8re ont \u00e9t\u00e9 \u00e9limin\u00e9s . car ils elles \u00e9taient contre toutes les religions et anti staliniens ils elles \u00e9taient contre toutes hi\u00e9rarchies et ils [&hellip;]<\/p>\n","protected":false},"author":7964,"featured_media":0,"comment_status":"closed","ping_status":"closed","sticky":false,"template":"","format":"standard","meta":{"footnotes":""},"categories":[1],"tags":[],"class_list":["post-5294","post","type-post","status-publish","format-standard","hentry","category-general"],"_links":{"self":[{"href":"https:\/\/lelaboratoireanarchiste.noblogs.org\/index.php?rest_route=\/wp\/v2\/posts\/5294","targetHints":{"allow":["GET"]}}],"collection":[{"href":"https:\/\/lelaboratoireanarchiste.noblogs.org\/index.php?rest_route=\/wp\/v2\/posts"}],"about":[{"href":"https:\/\/lelaboratoireanarchiste.noblogs.org\/index.php?rest_route=\/wp\/v2\/types\/post"}],"author":[{"embeddable":true,"href":"https:\/\/lelaboratoireanarchiste.noblogs.org\/index.php?rest_route=\/wp\/v2\/users\/7964"}],"replies":[{"embeddable":true,"href":"https:\/\/lelaboratoireanarchiste.noblogs.org\/index.php?rest_route=%2Fwp%2Fv2%2Fcomments&post=5294"}],"version-history":[{"count":11,"href":"https:\/\/lelaboratoireanarchiste.noblogs.org\/index.php?rest_route=\/wp\/v2\/posts\/5294\/revisions"}],"predecessor-version":[{"id":5305,"href":"https:\/\/lelaboratoireanarchiste.noblogs.org\/index.php?rest_route=\/wp\/v2\/posts\/5294\/revisions\/5305"}],"wp:attachment":[{"href":"https:\/\/lelaboratoireanarchiste.noblogs.org\/index.php?rest_route=%2Fwp%2Fv2%2Fmedia&parent=5294"}],"wp:term":[{"taxonomy":"category","embeddable":true,"href":"https:\/\/lelaboratoireanarchiste.noblogs.org\/index.php?rest_route=%2Fwp%2Fv2%2Fcategories&post=5294"},{"taxonomy":"post_tag","embeddable":true,"href":"https:\/\/lelaboratoireanarchiste.noblogs.org\/index.php?rest_route=%2Fwp%2Fv2%2Ftags&post=5294"}],"curies":[{"name":"wp","href":"https:\/\/api.w.org\/{rel}","templated":true}]}}