{"id":5117,"date":"2016-06-01T09:01:41","date_gmt":"2016-06-01T07:01:41","guid":{"rendered":"http:\/\/lelaboratoireanarchiste.noblogs.org\/?p=5117"},"modified":"2016-06-01T09:10:11","modified_gmt":"2016-06-01T07:10:11","slug":"plus-9-sur-8-948-la-lettre-dinfos-de-batotopie-les-rendez-vous-a-la-ferme-des-roussets","status":"publish","type":"post","link":"https:\/\/lelaboratoireanarchiste.noblogs.org\/?p=5117","title":{"rendered":"La lettre d&rsquo;infos de Batotopie, les rendez-vous \u00e0 la ferme des roussets"},"content":{"rendered":"<div>\n<div>\n<div>\n<div>\n<div>\n<div><strong>Re\u00e7u par mail<\/strong><\/div>\n<div><\/div>\n<div>\n<div>\n<div>\n<p>Bonjour \u00e0 tou.te.s,<\/p>\n<\/div>\n<div>cela fait quelques temps qu&rsquo;on n&rsquo;a pas donn\u00e9 de nouvelles, pourtant on est toujours debout&#8230;<br \/>\nEt tellement nombreu.ses.x \u00e0 r\u00e9affirmer que nous ne voulons pas du monde tel qu&rsquo;il va, \u00e0 nous r\u00e9unir, nous parler, d\u00e9cider de passer \u00e0 l&rsquo;action, tenter de cr\u00e9er des formes de vies diff\u00e9rentes, essayer simplement de rester humain, fragiles dans l&rsquo;orage mais bien vives!<\/div>\n<\/div>\n<div><b>Chantier collectif r\u00e9novation terre-paille<\/b><\/div>\n<div><b>du lundi au jeudi jusqu&rsquo;au 8 juillet<\/b><\/div>\n<p>Le chantier de r\u00e9novation de la fumi\u00e8re avance: le b\u00e2timent est au sec, les murs sont debout de paille et de bois, l&rsquo;enduit terre est en cours, mais il reste encore pas mal de travail: dalle GREB, enduits de finition, bardage bois, isolation du plafond en paille et pose du fermacel, am\u00e9nagements int\u00e9rieurs&#8230;, bref: nous ouvrons un chantier collectif permanent tout le mois de juin, du lundi au jeudi! Rejoignez-nous pour un jour, 4 jours ou 1 mois, on a de toute fa\u00e7on grand besoin de coups de mains! Camping \u00e0 la ferme possible, 1 caravane disponible, on vous accueillera avec plaisir.<\/p>\n<\/div>\n<\/div>\n<div>Pr\u00e9venez-nous de votre venue.<\/div>\n<\/div>\n<p><b>Combe Laval fait son cirque! <\/b><br \/>\n<b>samedi 11 juin, sous le Pont du tram \u00e0 St laurent en Royans, \u00e0 partir de 13h jusqu&rsquo;au bout de la nuit.<\/b><br \/>\n\u00c9v\u00e9nement organis\u00e9 par l&rsquo;association la 5\u00e8me Saison: une multitude de spectacles, danse et cirques toute l&rsquo;apr\u00e8s-midi avec des groupes amateurs, professionnel, de tous \u00e2ges, et un grand concert dansant avec The Big Uk\u00e9l\u00e9l\u00e9 Syndicate le soir. Le concert aura lieu au parc du Gymnase de la Providence. Gratuit<\/p>\n<\/div>\n<div><b>Rassemblement contre le center parc de Roybon <\/b><\/div>\n<div>Les opposant.e.s au center parcs de Roybon, issues des diff\u00e9rentes associations et collectifs, se r\u00e9unissent pour un go\u00fbter partag\u00e9 avec des ateliers, spectacles et de la musique le <b>samedi 18 juin \u00e0 partir de 15h, place du champs de mars \u00e0 St Marcellin.\u00a0 <\/b>Alors que de nouvelles d\u00e9cisions juridiques vont bient\u00f4t \u00eatre rendues,<b> <\/b>soyons nombreu.ses.x \u00e0 r\u00e9affirmer notre opposition \u00e0 ce projet destructeur.<\/div>\n<div><\/div>\n<p><b>Concert \u00e0 la ferme avec b\u00dclb\u00dcl, Accorduo vocaloustic<\/b><br \/>\n<b>samedi 18 juin, buvette, repas partag\u00e9, tartines \u00e0 partir de 19h et concert \u00e0 20h30<\/b><br \/>\nUn accord\u00e9on, deux voix, vous emm\u00e8nent jusqu&rsquo;au confins des Balkans, en passant par la musette toxique des ann\u00e9es 30&#8230;<br \/>\nune jolie occasion de se retrouver! prix libre<br \/>\n<a href=\"https:\/\/vimeo.com\/127696911\" target=\"_blank\" rel=\"noreferrer\">https:\/\/vimeo.com\/127696911<\/a> , <a href=\"https:\/\/vimeo.com\/127698835\" target=\"_blank\" rel=\"noreferrer\">https:\/\/vimeo.com\/127698835<\/a> &amp; <a href=\"https:\/\/vimeo.com\/130530040\" target=\"_blank\" rel=\"noreferrer\">https:\/\/vimeo.com\/130530040<\/a><\/p>\n<p><b>Projection en plein air du film <i>Les aventures d&rsquo;Ivan Tchonkin<\/i><i>e<\/i><\/b><br \/>\n<b>Dimanche 31 juillet \u00e0 21h <\/b><\/p>\n<p>Propos\u00e9 par Cam\u00e9ra en Campagne, rencontres cin\u00e9matographiques sur le th\u00e8me Moissons rouges, cin\u00e9ma des pays communistes et post-communistes<br \/>\n<i>En 1941, surveillant un \u00ab coucou \u00bb accident\u00e9, le soldat Tchonkine, r\u00e9put\u00e9 na\u00eff, file le parfait amour avec la factrice du village et suscite l&rsquo;hostilit\u00e9 des habitants et des autorit\u00e9s. Une fable satirique et antimilitariste qui d\u00e9nonce les errements du r\u00e9gime socialiste. <\/i><\/p>\n<\/div>\n<div>Prenez un petit coussin ou un fauteuil et une petite couverture s&rsquo;il fait frais!<\/div>\n<div><\/div>\n<p><b>Chantier construction d&rsquo;un poulailler mobile<\/b><br \/>\n<b>du 1er au 7 ao\u00fbt<\/b><\/p>\n<\/div>\n<div>Les premiers animaux font leur entr\u00e9e \u00e0 la ferme!\u00a0 5 moutons ont pris leurs aises, nous souhaitons adopter maintenant une quarantaine de poulettes, et leur construire un poulailler mobile pour pouvoir changer de place selon le terrain et les saisons.<\/div>\n<div>Le chantier sera coordonn\u00e9 par Matthieu, ancien compagnon qui nous a rejoint pour quelques temps, expert es poulailler! les plans et le mat\u00e9riel seront d\u00e9j\u00e0 sur place, il restera toute la mise en \u0153uvre&#8230;<\/div>\n<p>&#8211; arriv\u00e9e possible d\u00e8s le dimanche 31 juillet<\/p>\n<div>&#8211; h\u00e9bergement sous tente sur le terrain<br \/>\n&#8211; repas \u00e0 midi pr\u00e9par\u00e9 ensemble et pris avec l&rsquo;\u00e9quipe Batotopie pour se rencontrer<br \/>\n&#8211; repas du soir entre participant.e.s au chantier.<br \/>\n&#8211; les repas sont pris en charge par Batotopie.<\/div>\n<div>\n<p>&#8211; si vous avez du matos pour travailler le bois et que vous \u00eates d&rsquo;accord de l&rsquo;apporter c&rsquo;est bienvenu.<\/p>\n<\/div>\n<div><b>Formation avec l&rsquo;atelier paysan, coop\u00e9rative d&rsquo;auto-construction<\/b><\/div>\n<div><b>Construction d&rsquo;un petit hangar agricole<\/b> <b>du 15 au 19 ao\u00fbt<\/b><\/div>\n<div>Une formation-chantier pour r\u00e9aliser un hangar agricole sur le terrain de mara\u00eechage<\/div>\n<div>Toutes les infos et inscriptions aupr\u00e8s de Jonas Miara de l&rsquo;atelier paysan<br \/>\n<a href=\"mailto:j.miara@latelierpaysan.org\" target=\"_blank\">j.miara@latelierpaysan.org<\/a><br \/>\n07 84 38 07 41<br \/>\n04 76 65 85 98<br \/>\n<a href=\"http:\/\/www.latelierpaysan.org\/\" target=\"_blank\">http:\/\/www.latelierpaysan.org\/<\/a><\/div>\n<div><\/div>\n<div><b>Sous la falaise, 2eme \u00e9dition<\/b><\/div>\n<div><b>Samedi 24 septembre<\/b><\/div>\n<div>Il y aura des contes, le plaisir d&rsquo;\u00eatre ensemble, des discussions, de la musique, de la danse, un super dance-floor, et on vous en dira plus bient\u00f4t! mais vous pouvez d\u00e9j\u00e0 noter la date \ud83d\ude42<\/div>\n<div><\/div>\n<div><b>Nouveau<\/b>: <span style=\"font-size: large\"><b>pizzas<\/b><\/span> <i>alla ferme<\/i> tous les vendredis! Margharita ou di stagione, go\u00fbtez des pizzas bio aux l\u00e9gumes du jardins. A retrouver lors de la vente \u00e0 la ferme le vendredi de 17h \u00e0 19h avec le pains, l\u00e9gumes, miel, et les fromages de brebis de Presles. Et aussi au jardin, vente de l\u00e9gumes le mercredi de 9h \u00e0 12h.<\/div>\n<div>\n<p>Merci pour tous les coups de mains, les soutiens&#8230;*A bient\u00f4t*<\/p>\n<\/div>\n<div>\n<div>L&rsquo;\u00e9quipe de Batotopie<\/div>\n<\/div>\n","protected":false},"excerpt":{"rendered":"<p>Re\u00e7u par mail Bonjour \u00e0 tou.te.s, cela fait quelques temps qu&rsquo;on n&rsquo;a pas donn\u00e9 de nouvelles, pourtant on est toujours debout&#8230; Et tellement nombreu.ses.x \u00e0 r\u00e9affirmer que nous ne voulons pas du monde tel qu&rsquo;il va, \u00e0 nous r\u00e9unir, nous parler, d\u00e9cider de passer \u00e0 l&rsquo;action, tenter de cr\u00e9er des formes de vies diff\u00e9rentes, essayer [&hellip;]<\/p>\n","protected":false},"author":7964,"featured_media":0,"comment_status":"closed","ping_status":"closed","sticky":false,"template":"","format":"standard","meta":{"footnotes":""},"categories":[1],"tags":[],"class_list":["post-5117","post","type-post","status-publish","format-standard","hentry","category-general"],"_links":{"self":[{"href":"https:\/\/lelaboratoireanarchiste.noblogs.org\/index.php?rest_route=\/wp\/v2\/posts\/5117","targetHints":{"allow":["GET"]}}],"collection":[{"href":"https:\/\/lelaboratoireanarchiste.noblogs.org\/index.php?rest_route=\/wp\/v2\/posts"}],"about":[{"href":"https:\/\/lelaboratoireanarchiste.noblogs.org\/index.php?rest_route=\/wp\/v2\/types\/post"}],"author":[{"embeddable":true,"href":"https:\/\/lelaboratoireanarchiste.noblogs.org\/index.php?rest_route=\/wp\/v2\/users\/7964"}],"replies":[{"embeddable":true,"href":"https:\/\/lelaboratoireanarchiste.noblogs.org\/index.php?rest_route=%2Fwp%2Fv2%2Fcomments&post=5117"}],"version-history":[{"count":5,"href":"https:\/\/lelaboratoireanarchiste.noblogs.org\/index.php?rest_route=\/wp\/v2\/posts\/5117\/revisions"}],"predecessor-version":[{"id":5122,"href":"https:\/\/lelaboratoireanarchiste.noblogs.org\/index.php?rest_route=\/wp\/v2\/posts\/5117\/revisions\/5122"}],"wp:attachment":[{"href":"https:\/\/lelaboratoireanarchiste.noblogs.org\/index.php?rest_route=%2Fwp%2Fv2%2Fmedia&parent=5117"}],"wp:term":[{"taxonomy":"category","embeddable":true,"href":"https:\/\/lelaboratoireanarchiste.noblogs.org\/index.php?rest_route=%2Fwp%2Fv2%2Fcategories&post=5117"},{"taxonomy":"post_tag","embeddable":true,"href":"https:\/\/lelaboratoireanarchiste.noblogs.org\/index.php?rest_route=%2Fwp%2Fv2%2Ftags&post=5117"}],"curies":[{"name":"wp","href":"https:\/\/api.w.org\/{rel}","templated":true}]}}