{"id":5041,"date":"2016-05-25T07:20:31","date_gmt":"2016-05-25T05:20:31","guid":{"rendered":"http:\/\/lelaboratoireanarchiste.noblogs.org\/?p=5041"},"modified":"2016-05-25T07:22:43","modified_gmt":"2016-05-25T05:22:43","slug":"paris-un-en-prison-preventive-et-trois-sous-controle-judiciaire-pour-pour-les-accuses-de-lincendie-de-la-voiture-de-flics","status":"publish","type":"post","link":"https:\/\/lelaboratoireanarchiste.noblogs.org\/?p=5041","title":{"rendered":"Paris : un en prison pr\u00e9ventive et trois sous contr\u00f4le judiciaire pour pour les accus\u00e9s de l\u2019incendie de la voiture de flics"},"content":{"rendered":"<p><strong>\u00a0lu et copi\u00e9 sur\u00a0 Br\u00e8ves du D\u00e9sordre<\/strong><\/p>\n<p><strong>Voiture de police incendi\u00e9e\u00a0: trois des mis en examen remis en libert\u00e9<\/strong><\/p>\n<p>Le Monde | 25.05.2016 \u00e0 00h59<\/p>\n<p><i>Trois des quatre hommes mis en examen dans l\u2019enqu\u00eate sur des<a class=\"spip_site\" href=\"http:\/\/cettesemaine.info\/breves\/spip.php?article1673&amp;lang=fr\">violences contre la police le 18 mai<\/a> pr\u00e8s de la place de la R\u00e9publique \u00e0 Paris ont \u00e9t\u00e9 remis en libert\u00e9, mardi 24 mai, \u00e0 l\u2019issue de leur audience devant un juge des libert\u00e9s et de la d\u00e9tention. Ils sont plac\u00e9s sous contr\u00f4le judiciaire.<\/i><\/p>\n<p><strong>Un autre a \u00e9t\u00e9 plac\u00e9 en d\u00e9tention provisoire. Ils avaient \u00e9t\u00e9 mis en examen pour tentative d\u2019homicide volontaire et violences volontaires en r\u00e9union sur personne d\u00e9positaire de l\u2019autorit\u00e9 publique. Le parquet avait r\u00e9clam\u00e9 la d\u00e9tention pour les quatre hommes, et a annonc\u00e9 qu\u2019il allait faire appel d\u2019au moins l\u2019une des remises en libert\u00e9.<\/strong><\/p>\n<p>L\u2019attaque de la voiture de police avait eu lieu non loin de la place de la R\u00e9publique, o\u00f9 se tenait une manifestation contre la \u00ab\u00a0haine anti-flics\u00a0\u00bb \u00e0 l\u2019appel de syndicats de police. Deux policiers de la compagnie du p\u00e9riph\u00e9rique de la direction de l\u2019ordre public et de la circulation (DOPC) se trouvaient \u00e0 bord quand un objet ressemblant \u00e0 un fumig\u00e8ne a \u00e9t\u00e9 jet\u00e9 \u00e0 l\u2019int\u00e9rieur. Kevin Philippy, qui \u00e9tait au volant, a re\u00e7u dix jours d\u2019incapacit\u00e9 temporaire de travail (ITT), sa coll\u00e8gue Alison Barth\u00e9lemy quatre jours. Le premier ministre, Manuel Valls, avait r\u00e9clam\u00e9 des sanctions \u00ab\u00a0implacables\u00a0\u00bb contre ceux qui \u00ab\u00a0veulent se payer un flic\u00a0\u00bb.<\/p>\n<p><strong>Identifi\u00e9s par un t\u00e9moignage d\u2019un policier infiltr\u00e9<\/strong><\/p>\n<p>Etudiants pour les trois plus jeunes, \u00e2g\u00e9s de 18 \u00e0 21 ans, au ch\u00f4mage pour le plus \u00e2g\u00e9, qui a 32 ans, <strong>les quatre suspects sont pr\u00e9sent\u00e9s par le parquet comme issus de la mouvance des \u00ab\u00a0antifas\u00a0\u00bb, ce que certains d\u2019entre eux contestent<\/strong>, d\u2019apr\u00e8s une source proche de l\u2019enqu\u00eate. Une source au minist\u00e8re de l\u2019int\u00e9rieur a pr\u00e9cis\u00e9 au Monde qu\u2019\u00ab\u00a0<i> ils \u00e9taient d\u00e9j\u00e0 connus par les services<\/i>\u00a0\u00bb.<\/p>\n<p>\u00ab\u00a0Les investigations se poursuivent pour d\u00e9terminer le r\u00f4le exact de chacun\u00a0\u00bb et \u00ab\u00a0interpeller d\u2019\u00e9ventuels autres suspects\u00a0\u00bb, avait fait savoir le parquet samedi.<\/p>\n<p>Les suspects n\u2019avaient pas \u00e9t\u00e9 interpell\u00e9s sur place mais <strong>identifi\u00e9s apr\u00e8s les incidents gr\u00e2ce \u00e0 un t\u00e9moignage anonyme, qui s\u2019est av\u00e9r\u00e9 \u00eatre celui d\u2019un policier infiltr\u00e9 sur place, son nom apparaissant dans un proc\u00e8s-verbal par erreur<\/strong>, ont expliqu\u00e9 des sources proches du dossier.<\/p>\n<hr class=\"spip\" \/>\n<p><strong>Voiture de police incendi\u00e9e\u00a0: trois des mis en examen remis en libert\u00e9<\/strong><\/p>\n<p>AFP, 24\/05\/2016 \u00e0 21:44 (extrait)<\/p>\n<p>Des vid\u00e9os de l\u2019attaque, tr\u00e8s relay\u00e9es sur internet, montrent une personne brisant la fen\u00eatre c\u00f4t\u00e9 conducteur, puis une autre frappant le policier assis. Un autre homme casse la vitre arri\u00e8re \u00e0 l\u2019aide d\u2019un plot m\u00e9tallique puis un autre lance un fumig\u00e8ne allum\u00e9 dans la voiture, provoquant l\u2019embrasement du v\u00e9hicule et for\u00e7ant un policier et sa coll\u00e8gue \u00e0 en sortir. <strong>Selon une source proche de l\u2019enqu\u00eate, aucun des quatre mis en examen, dont deux fr\u00e8res, n\u2019est \u00e0 ce stade soup\u00e7onn\u00e9 d\u2019\u00eatre celui qui a lanc\u00e9 le fumig\u00e8ne, mais les enqu\u00eateurs pensent que l\u2019un d\u2019eux est celui qui a bris\u00e9 la vitre arri\u00e8re de la voiture de police.<\/strong><\/p>\n<p><strong>Ce dernier figure parmi les trois remis en libert\u00e9 mardi sous contr\u00f4le judiciaire. A ce stade, le parquet a indiqu\u00e9 qu\u2019il faisait appel dans son cas.<\/strong> Les suspects n\u2019avaient pas \u00e9t\u00e9 interpell\u00e9s sur place mais identifi\u00e9s apr\u00e8s les incidents, gr\u00e2ce \u00e0 un t\u00e9moignage anonyme, qui s\u2019est av\u00e9r\u00e9 \u00eatre celui d\u2019un policier infiltr\u00e9 sur place, son nom apparaissant sur un proc\u00e8s-verbal par erreur, ont expliqu\u00e9 des sources proches du dossier.<\/p>\n<p>\u00ab\u00a0Ce dossier est une farce honteuse\u00a0\u00bb, s\u2019\u00e9tait insurg\u00e9 samedi Antoine Comte, l\u2019avocat du plus \u00e2g\u00e9 des mis en examen. \u00ab\u00a0Ce qui fait la particularit\u00e9 stup\u00e9fiante du dossier, c\u2019est qu\u2019il repose sur un renseignement de police recueilli apr\u00e8s coup\u00a0\u00bb, avait d\u00e9nonc\u00e9 pour sa part une autre avocate, Ir\u00e8ne Terrel, d\u00e9non\u00e7ant des \u00ab\u00a0pressions politiques\u00a0\u00bb autour de l\u2019affair<\/p>\n","protected":false},"excerpt":{"rendered":"<p>\u00a0lu et copi\u00e9 sur\u00a0 Br\u00e8ves du D\u00e9sordre Voiture de police incendi\u00e9e\u00a0: trois des mis en examen remis en libert\u00e9 Le Monde | 25.05.2016 \u00e0 00h59 Trois des quatre hommes mis en examen dans l\u2019enqu\u00eate sur desviolences contre la police le 18 mai pr\u00e8s de la place de la R\u00e9publique \u00e0 Paris ont \u00e9t\u00e9 remis en [&hellip;]<\/p>\n","protected":false},"author":7964,"featured_media":0,"comment_status":"closed","ping_status":"closed","sticky":false,"template":"","format":"standard","meta":{"footnotes":""},"categories":[1],"tags":[],"class_list":["post-5041","post","type-post","status-publish","format-standard","hentry","category-general"],"_links":{"self":[{"href":"https:\/\/lelaboratoireanarchiste.noblogs.org\/index.php?rest_route=\/wp\/v2\/posts\/5041","targetHints":{"allow":["GET"]}}],"collection":[{"href":"https:\/\/lelaboratoireanarchiste.noblogs.org\/index.php?rest_route=\/wp\/v2\/posts"}],"about":[{"href":"https:\/\/lelaboratoireanarchiste.noblogs.org\/index.php?rest_route=\/wp\/v2\/types\/post"}],"author":[{"embeddable":true,"href":"https:\/\/lelaboratoireanarchiste.noblogs.org\/index.php?rest_route=\/wp\/v2\/users\/7964"}],"replies":[{"embeddable":true,"href":"https:\/\/lelaboratoireanarchiste.noblogs.org\/index.php?rest_route=%2Fwp%2Fv2%2Fcomments&post=5041"}],"version-history":[{"count":3,"href":"https:\/\/lelaboratoireanarchiste.noblogs.org\/index.php?rest_route=\/wp\/v2\/posts\/5041\/revisions"}],"predecessor-version":[{"id":5044,"href":"https:\/\/lelaboratoireanarchiste.noblogs.org\/index.php?rest_route=\/wp\/v2\/posts\/5041\/revisions\/5044"}],"wp:attachment":[{"href":"https:\/\/lelaboratoireanarchiste.noblogs.org\/index.php?rest_route=%2Fwp%2Fv2%2Fmedia&parent=5041"}],"wp:term":[{"taxonomy":"category","embeddable":true,"href":"https:\/\/lelaboratoireanarchiste.noblogs.org\/index.php?rest_route=%2Fwp%2Fv2%2Fcategories&post=5041"},{"taxonomy":"post_tag","embeddable":true,"href":"https:\/\/lelaboratoireanarchiste.noblogs.org\/index.php?rest_route=%2Fwp%2Fv2%2Ftags&post=5041"}],"curies":[{"name":"wp","href":"https:\/\/api.w.org\/{rel}","templated":true}]}}