{"id":452,"date":"2014-09-22T13:16:55","date_gmt":"2014-09-22T11:16:55","guid":{"rendered":"http:\/\/lelaboratoireanarchiste.noblogs.org\/?p=452"},"modified":"2014-09-29T23:21:45","modified_gmt":"2014-09-29T21:21:45","slug":"prisonniers-3-giugno-no-tav-transferts-et-prochaines-audiences","status":"publish","type":"post","link":"https:\/\/lelaboratoireanarchiste.noblogs.org\/?p=452","title":{"rendered":"Prisonniers  | 3 giugno | No Tav &#8211; Transferts et prochaines audiences"},"content":{"rendered":"<p>Depuis quelques jours quelques compagnons, inculp\u00e9-e-s suite \u00e0 la lutte contre les expulsions locatives et pour l&rsquo;attaque sur le chantier de Chiomonte de mai 2013, ont \u00e9t\u00e9 transf\u00e9r\u00e9 -e-s dans d&rsquo;autres prisons. Nous mettrons \u00e0 jour leur situation afin d&rsquo;\u00e9viter une correspondance reli\u00e9e en attendant, sont entrav\u00e9s par les d\u00e9cisions des directions de la prison ou Dap.<\/p>\n<p>Depuis hier, Andrea est enferm\u00e9 en prison \u00ab\u00a0Dozza\u00a0\u00bb \u00e0 Bologne. Les raisons officielles de son \u00e9ni\u00e8me transfert ne sont pas connus, mais on sait que ces derniers jours, apr\u00e8s la censure de la poste appliqu\u00e9 \u00e0 lui et Michael, les deux ont \u00e9t\u00e9 condamn\u00e9es \u00e0 quatre jours de \u00ab\u00a0l&rsquo;exclusion des activit\u00e9s sociales et des activit\u00e9s sportives\u00a0\u00bb pour l&rsquo;affichage abusif \u00ab\u00a0quatri\u00e8me Bottom 266\u00a0\u00bb. Le transfert semble encore une autre d\u00e9monstration de ce que ce journal pour les prisonniers qui d\u00e9range la direction de la prison Asti.<\/p>\n<p>Pour des raisons diff\u00e9rentes ont \u00e9galement \u00e9t\u00e9 transf\u00e9r\u00e9s Chiara et Graziano. Chiara, pour assister aux audiences de la Chambre Bunker, est enferm\u00e9 dans la prison Vallette de Turin et devrait y rester pendant toute la dur\u00e9e du proc\u00e8s.<\/p>\n<p>Graziano a \u00e9t\u00e9 transf\u00e9r\u00e9 \u00e0 la place il y a quelques jours dans la prison de Vigevano \u00e0 assister \u00e0 une audience qu&rsquo;il a vu le d\u00e9fenseur \u00e0 Milan, et semble destin\u00e9 \u00e0 y rester et de ne pas retourner \u00e0 Lecce. Si, dans ces cas, la condition est n\u00e9cessaire, il est bon de souligner que dans Vigevano Graziano n&rsquo;est plus dans l&rsquo;isolement, mais comme tous les autres d\u00e9tenus de la section pendant les heures de l&rsquo;ai promenade\u00a0 et de socialisation.<\/p>\n<p>Avant de fournir la liste compl\u00e8te et mise \u00e0 jour des adresses o\u00f9 vous pouvez \u00e9crire aux camarades, nous vous informons de la date de la prochaine audience qui pr\u00e9senteront certains d&rsquo;entre eux.<\/p>\n<p>Les prochaines audiences pl\u00e9ni\u00e8res au Bunker o\u00f9 vous pouvez saluer Chiara, Claudio, Nicholas et Matthew sont pr\u00e9vues pour le 24 Septembre, puis \u00e0 la 2, 9 et 23 Octobre.<\/p>\n<p>Lundi 22 Septembre au Palais de Justice de Turin \u00e0 la place il y aura une audience o\u00f9 il y aura Paul, Fabio et Andrea. L&rsquo;\u00e9v\u00e9nement est pr\u00e9vu pour 09h00 Pl\u00e9ni\u00e8re 3.<\/p>\n<p>Mises \u00e0 jour:<\/p>\n<p><strong>PRISONNIERS 3 juin [<a title=\"Repressione Torino - Contatti di prigionieri\/e arrestati il 3 giugno 2014 [aggiornato 23 luglio]\" href=\"http:\/\/www.informa-azione.info\/repressione_torino_contatti_prigionierie\">adresses d&rsquo;autres compagnons]<\/a><\/strong><\/p>\n<p>Andrea Ventrella \u00e0 courant continu \u00ab\u00a0Le Dozza\u00a0\u00bb Coude, 2-40127 Bologne;<\/p>\n<p><strong>PRISONNIERS NO TAV [<a title=\"Prigionieri\/e No Tav - Claudio e Chiara trasferiti [aggiornamento indirizzi]\" href=\"http:\/\/www.informa-azione.info\/prigionierie_no_tav_claudio_e_chiara_trasferiti_aggiornamento_indirizzi\">aborde d&rsquo;autres compagnons]<\/a><\/strong><\/p>\n<p>Graziano Mazzarelli \u00e0 courant continu via Gravellona, 240-27029 Fraction Piccolini Vigevano (Pavie);<\/p>\n<p>Claudio Alberto et Chiara courant continu Zenobi \u00ab\u00a0Lorusso e Cotugno\u00a0\u00bb par Maria Adelaide Aglietta, 35-10151 Torino.<\/p>\n","protected":false},"excerpt":{"rendered":"<p>Depuis quelques jours quelques compagnons, inculp\u00e9-e-s suite \u00e0 la lutte contre les expulsions locatives et pour l&rsquo;attaque sur le chantier de Chiomonte de mai 2013, ont \u00e9t\u00e9 transf\u00e9r\u00e9 -e-s dans d&rsquo;autres prisons. Nous mettrons \u00e0 jour leur situation afin d&rsquo;\u00e9viter une correspondance reli\u00e9e en attendant, sont entrav\u00e9s par les d\u00e9cisions des directions de la prison [&hellip;]<\/p>\n","protected":false},"author":7964,"featured_media":0,"comment_status":"closed","ping_status":"closed","sticky":false,"template":"","format":"standard","meta":{"footnotes":""},"categories":[1],"tags":[],"class_list":["post-452","post","type-post","status-publish","format-standard","hentry","category-general"],"_links":{"self":[{"href":"https:\/\/lelaboratoireanarchiste.noblogs.org\/index.php?rest_route=\/wp\/v2\/posts\/452","targetHints":{"allow":["GET"]}}],"collection":[{"href":"https:\/\/lelaboratoireanarchiste.noblogs.org\/index.php?rest_route=\/wp\/v2\/posts"}],"about":[{"href":"https:\/\/lelaboratoireanarchiste.noblogs.org\/index.php?rest_route=\/wp\/v2\/types\/post"}],"author":[{"embeddable":true,"href":"https:\/\/lelaboratoireanarchiste.noblogs.org\/index.php?rest_route=\/wp\/v2\/users\/7964"}],"replies":[{"embeddable":true,"href":"https:\/\/lelaboratoireanarchiste.noblogs.org\/index.php?rest_route=%2Fwp%2Fv2%2Fcomments&post=452"}],"version-history":[{"count":3,"href":"https:\/\/lelaboratoireanarchiste.noblogs.org\/index.php?rest_route=\/wp\/v2\/posts\/452\/revisions"}],"predecessor-version":[{"id":490,"href":"https:\/\/lelaboratoireanarchiste.noblogs.org\/index.php?rest_route=\/wp\/v2\/posts\/452\/revisions\/490"}],"wp:attachment":[{"href":"https:\/\/lelaboratoireanarchiste.noblogs.org\/index.php?rest_route=%2Fwp%2Fv2%2Fmedia&parent=452"}],"wp:term":[{"taxonomy":"category","embeddable":true,"href":"https:\/\/lelaboratoireanarchiste.noblogs.org\/index.php?rest_route=%2Fwp%2Fv2%2Fcategories&post=452"},{"taxonomy":"post_tag","embeddable":true,"href":"https:\/\/lelaboratoireanarchiste.noblogs.org\/index.php?rest_route=%2Fwp%2Fv2%2Ftags&post=452"}],"curies":[{"name":"wp","href":"https:\/\/api.w.org\/{rel}","templated":true}]}}